{"id":5141,"date":"2014-10-28T12:35:33","date_gmt":"2014-10-28T15:35:33","guid":{"rendered":"https:\/\/quasarcomunicacion.com.ar\/web\/?p=5141"},"modified":"2014-10-28T12:35:33","modified_gmt":"2014-10-28T15:35:33","slug":"se-realizaron-las-primeras-jornadas-nacionales-para-pymes-de-la-utn","status":"publish","type":"post","link":"https:\/\/quasarcomunicacion.com.ar\/web\/se-realizaron-las-primeras-jornadas-nacionales-para-pymes-de-la-utn\/","title":{"rendered":"Se realizaron las Primeras Jornadas Nacionales para Pymes de la UTN"},"content":{"rendered":"<p style=\"text-align: left;\" align=\"center\"><span style=\"font-family: Verdana; font-size: small;\">Con gran \u00e9xito y m\u00e1s de 600 inscriptos se llevaron a cabo las <\/span><b style=\"font-family: Verdana; font-size: small;\">Primeras Jornadas Nacionales para Pymes de la Universidad Tecnol\u00f3gica Nacional \u201cFortaleciendo el Entramado Productivo\u201d<\/b><span style=\"font-family: Verdana; font-size: small;\">, esta primera edici\u00f3n tuvo lugar en la Facultad Regional General Pacheco de la UTN (Avenida Hip\u00f3lito Yrigoyen 288, General Pachecho). Ya anunciaron la versi\u00f3n 2015 que se realizar\u00e1 en la Facultad Regional UTN Villa Mar\u00eda, C\u00f3rdoba.<!--more--><\/span><\/p>\n<p><a href=\"https:\/\/quasarcomunicacion.com.ar\/web\/wp-content\/uploads\/2014\/10\/pymesutn2.gif\"><img class=\"aligncenter\" alt=\"pymesutn2\" src=\"https:\/\/quasarcomunicacion.com.ar\/web\/wp-content\/uploads\/2014\/10\/pymesutn2.gif\" \/><\/a><br \/>\n<span style=\"font-family: Verdana; font-size: small;\">El cronograma se cumpli\u00f3 en su totalidad, tal cual estaba previsto y m\u00e1s de 320 fueron los asistentes que participaron de las diversas actividades que se llevaron adelante durante las dos jornadas. <\/span><br \/>\n<span style=\"font-family: Verdana; font-size: small;\"> M\u00e1s im\u00e1genes en nuestra fan page <a href=\"http:\/\/on.fb.me\/1329OiP\"> http:\/\/on.fb.me\/1329OiP<\/a> <\/span><br \/>\n<span style=\"font-family: Verdana; font-size: small;\">\u00abLo que me qued\u00f3 del evento, fue entender parte de las necesidades del sector pyme y la gran ilusi\u00f3n de los emprendedores por desarrollar su emprendimiento. Tambi\u00e9n nos llevamos como desaf\u00edo el poder fijar pol\u00edticas de trabajo en conjunto para satisfacer las necesidades insatisfechas del sector pyme como ser mayor formaci\u00f3n de nuestros emprendedores en materia del desarrollo de su plan de negocios\u00bb, dijo Federico Olivo Aneiros, Coordinador \u00c1rea Gesti\u00f3n Pyme e Innovaci\u00f3n Tecnol\u00f3gica (Rectorado) en Universidad Tecnol\u00f3gica Nacional<\/span><br \/>\n<span style=\"font-family: Verdana; font-size: small;\">Respecto de las necesidades del sector, rescataron como los puntos m\u00e1s relevantes, de acuerdo con lo hablado con los asistentes, los siguientes:<\/span><br \/>\n<span style=\"font-family: Verdana; font-size: small;\">1) Profesionalizaci\u00f3n de los recursos humanos<br \/>\n2) Mayor acceso a la financiaci\u00f3n bancaria y a tasas m\u00e1s accesibles<br \/>\n3) B\u00fasqueda y selecci\u00f3n de personal id\u00f3neo<br \/>\n4) Acceso a informaci\u00f3n actualizada e intercambio con sus pares<\/span><br \/>\n<span style=\"font-family: Verdana; font-size: small;\">Para conocer m\u00e1s acerca de las jornadas, visitar el sitio web <a href=\"http:\/\/eventosutnfrgp.com.ar\/\"> http:\/\/eventosutnfrgp.com.ar<\/a><\/span><a href=\"http:\/\/eventosutnfrgp.com.ar\/\">\/<\/a><br \/>\n<span style=\"font-family: Verdana; font-size: small;\">Los objetivos de dichas jornadas fueron fomentar el desarrollo de las pymes desde los cimientos de la Universidad, vinculada con la actividad privada, para el fortalecimiento de los pilares fundamentales para el desarrollo de nuestro pa\u00eds. El valor agregado a las materias primas y la generaci\u00f3n y crecimiento de la mano de obra.<\/span><br \/>\n<span style=\"font-family: Verdana; font-size: small;\">El evento estuvo dirigido a alumnos, graduados y docentes de la Universidad Tecnol\u00f3gica Nacional y dem\u00e1s Universidades, Sectores privados (pymes y c\u00e1maras), p\u00fablicos y organismos gubernamentales. <\/span><br \/>\n<span style=\"font-family: Verdana; font-size: small;\">Durante ambos d\u00edas que dur\u00f3 las Primeras Jornadas, se busc\u00f3 la combinaci\u00f3n de conferencias magistrales con otras eminentemente pr\u00e1cticas, vali\u00e9ndose de din\u00e1micas grupales que faciliten el di\u00e1logo, la construcci\u00f3n colectiva y el aprendizaje. Simult\u00e1neamente se dispuso de un espacio apropiado para que las empresas puedan difundir sus desarrollos y promocionar sus servicios.<\/span><br \/>\n<span style=\"font-family: Verdana; font-size: small;\">El encuentro estuvo organizado por la Secretar\u00eda de Relaciones Institucionales del Rectorado de la UTN (\u00c1rea Pymes), Facultad Regional Pacheco (Secretar\u00eda de Extensi\u00f3n Universitaria) y la Secretar\u00eda de Asuntos Estudiantiles del Rectorado de la UTN.<\/span><br \/>\n<span style=\"font-family: Verdana; font-size: small;\">Las Jornadas contaron con el apoyo de AGGREKO Soluciones de energ\u00eda temporal, la Municipalidad de Tigre, Seguridad Tylor, Grupo Tepsi, Banco Ciudad, Banco Credicoop, Gr\u00faas San Blas, la Confederaci\u00f3n Argentina de la Mediana Empresa (CAME), Emprender HOY, Instituto para la producci\u00f3n Popular, CREPS Catering Empresarial, IPP Instituto para la Producci\u00f3n Popular, Grupo Equipar Soluciones Industriales, Qu\u00e1sar Comunicaci\u00f3n, Pilar GPS, Lincoln Electric, Union Empresaria de Tigre, Rubica, NewCycle y Pilar HOY, entre otros.<\/span><\/p>\n<p align=\"right\"><span style=\"font-size: small;\"><b><i><span style=\"font-family: Arial;\">Por otras im\u00e1genes, audios o entrevistas no dude en contactarse<\/span><\/i><\/b><\/span><\/p>\n<p align=\"center\"><span style=\"font-size: small;\"><b><i> Contactos de Prensa<\/i><\/b><\/span><\/p>\n<div align=\"left\">\n<table width=\"100%\" border=\"1\" cellpadding=\"2\" align=\"left\">\n<tbody>\n<tr>\n<td width=\"50%\">\n<p align=\"left\"><span style=\"font-size: medium;\"><strong> <span style=\"color: #808080; font-family: Arial; font-size: small;\"> Camila Sarmiento &#8211; Asistente de Cuentas<\/span><\/strong><\/span><\/p>\n<p><span style=\"font-size: xx-small;\"><span style=\"color: #ff0000;\"> Directo<\/span><b>: <\/b> 0230<\/span><span style=\"font-size: xx-small;\">-4664772<br \/>\n<\/span><span style=\"color: #ff0000; font-size: xx-small;\"> Skype:<\/span><span style=\"font-size: xx-small;\"> quasarcomunicacion<br \/>\n<\/span><span style=\"color: #ff0000; font-size: xx-small;\"> Twitter:<\/span><span style=\"font-size: xx-small;\"> @quasarpilar<br \/>\n<\/span><span style=\"color: #ff0000; font-size: xx-small;\"> Gr<\/span><span style=\"color: #ff0000; font-size: xx-small;\">upo y p\u00e1gina en Facebook: <\/span> <span style=\"color: #808080; font-size: xx-small;\">www.facebook.com\/<\/span><a href=\"mailto:mfipata@gmail.com\"><span style=\"font-size: xx-small;\">Quasar<\/span><\/a><span style=\"font-size: xx-small;\">Comunicacion<br \/>\n<\/span><span style=\"color: #ff0000; font-size: xx-small;\"> Web:<\/span><b><\/b> <a href=\"http:\/\/www.quasarcomunicacion.com.ar\/\"> <span style=\"font-size: xx-small;\">www.quasarcomunicacion.com.ar<\/span><\/a><\/p>\n<p align=\"left\"><span style=\"font-size: xx-small;\"> <span style=\"color: #ff0000;\">Mail<\/span><b>:<\/b><\/span><span style=\"font-size: xx-small;\"> <a href=\"mailto:fernanda@quasarcomunicacion.com.ar\"> asistente@quasarcomunicacion.com.ar<\/a><\/span><\/p>\n<\/td>\n<td width=\"50%\">\n<p align=\"right\"><span style=\"font-size: medium;\"><strong> <span style=\"color: #808080; font-family: Arial; font-size: small;\"> Lic. Mar\u00eda Fernanda Ipata &#8211; Directora<br \/>\n<\/span> <\/strong><\/span> <span style=\"font-size: xx-small;\"><span style=\"color: #ff0000;\"><br \/>\nDirecto<\/span><b>: <\/b> 0230<\/span><span style=\"font-size: xx-small;\">-4664772<\/span><span style=\"font-size: xx-small;\"><br \/>\n<\/span><span style=\"font-size: xx-small;\"> <span style=\"color: #ff0000;\">M\u00f3vil:<\/span><b> <\/b> 0230<\/span><span style=\"font-size: xx-small;\">-15-4584535<br \/>\n011-15-6096-4656 ID 558*3763<br \/>\n<\/span><span style=\"color: #ff0000; font-size: xx-small;\"> Skype:<\/span><span style=\"font-size: xx-small;\"> quasarcomunicacion<br \/>\n<\/span><span style=\"color: #ff0000; font-size: xx-small;\"> Twitter:<\/span><span style=\"font-size: xx-small;\"> @quasarpilar<br \/>\n<\/span><span style=\"color: #ff0000; font-size: xx-small;\"> Gr<\/span><span style=\"color: #ff0000; font-size: xx-small;\">upo y p\u00e1gina en Facebook: <\/span> <span style=\"color: #808080; font-size: xx-small;\">www.facebook.com\/<\/span><a href=\"mailto:mfipata@gmail.com\"><span style=\"font-size: xx-small;\">Quasar<\/span><\/a><span style=\"font-size: xx-small;\">Comunicacion<br \/>\n<\/span><span style=\"font-size: xx-small;\"> <span style=\"color: #ff0000;\">LinkedIn<\/span><b>:\u00a0 <\/b><\/span> <span style=\"font-size: xx-small;\"><b> <a href=\"http:\/\/www.linkedin.com\/in\/mfipata\"> http:\/\/www.linkedin.com\/in\/mfipata<\/a><\/b><\/span><span style=\"font-size: xx-small;\"><br \/>\n<\/span><span style=\"color: #ff0000; font-size: xx-small;\"> Web:<\/span><b><\/b> <a href=\"http:\/\/www.quasarcomunicacion.com.ar\/\"> <span style=\"font-size: xx-small;\">www.quasarcomunicacion.com.ar<\/span><\/a><span style=\"font-size: xx-small;\"><br \/>\n<\/span><span style=\"font-size: xx-small;\"> <span style=\"color: #ff0000;\"> Mail<\/span><b>:<\/b><\/span><span style=\"font-size: xx-small;\"><a href=\"mailto:fernanda@quasarcomunicacion.com.ar\"> fernanda@quasarcomunicacion.com.ar<\/a><\/span><\/p>\n<\/td>\n<\/tr>\n<\/tbody>\n<\/table>\n<\/div>\n","protected":false},"excerpt":{"rendered":"<p>Con gran \u00e9xito y m\u00e1s de 600 inscriptos se llevaron a cabo las Primeras Jornadas Nacionales para Pymes de la [&hellip;]<\/p>\n","protected":false},"author":2,"featured_media":5142,"comment_status":"open","ping_status":"open","sticky":false,"template":"","format":"standard","meta":[],"categories":[2],"tags":[],"_links":{"self":[{"href":"https:\/\/quasarcomunicacion.com.ar\/web\/wp-json\/wp\/v2\/posts\/5141"}],"collection":[{"href":"https:\/\/quasarcomunicacion.com.ar\/web\/wp-json\/wp\/v2\/posts"}],"about":[{"href":"https:\/\/quasarcomunicacion.com.ar\/web\/wp-json\/wp\/v2\/types\/post"}],"author":[{"embeddable":true,"href":"https:\/\/quasarcomunicacion.com.ar\/web\/wp-json\/wp\/v2\/users\/2"}],"replies":[{"embeddable":true,"href":"https:\/\/quasarcomunicacion.com.ar\/web\/wp-json\/wp\/v2\/comments?post=5141"}],"version-history":[{"count":0,"href":"https:\/\/quasarcomunicacion.com.ar\/web\/wp-json\/wp\/v2\/posts\/5141\/revisions"}],"wp:featuredmedia":[{"embeddable":true,"href":"https:\/\/quasarcomunicacion.com.ar\/web\/wp-json\/wp\/v2\/media\/5142"}],"wp:attachment":[{"href":"https:\/\/quasarcomunicacion.com.ar\/web\/wp-json\/wp\/v2\/media?parent=5141"}],"wp:term":[{"taxonomy":"category","embeddable":true,"href":"https:\/\/quasarcomunicacion.com.ar\/web\/wp-json\/wp\/v2\/categories?post=5141"},{"taxonomy":"post_tag","embeddable":true,"href":"https:\/\/quasarcomunicacion.com.ar\/web\/wp-json\/wp\/v2\/tags?post=5141"}],"curies":[{"name":"wp","href":"https:\/\/api.w.org\/{rel}","templated":true}]}}