{"id":5136,"date":"2014-10-28T11:05:34","date_gmt":"2014-10-28T14:05:34","guid":{"rendered":"https:\/\/quasarcomunicacion.com.ar\/web\/?p=5136"},"modified":"2014-10-28T11:05:34","modified_gmt":"2014-10-28T14:05:34","slug":"dia-mundial-del-acv-disminuir-los-niveles-de-ansiedad-puede-prevenir-un-acv","status":"publish","type":"post","link":"https:\/\/quasarcomunicacion.com.ar\/web\/dia-mundial-del-acv-disminuir-los-niveles-de-ansiedad-puede-prevenir-un-acv\/","title":{"rendered":"D\u00eda Mundial del ACV: Disminuir los niveles de ansiedad puede prevenir un ACV"},"content":{"rendered":"<p style=\"text-align: left;\" align=\"center\"><i style=\"font-family: Verdana; font-size: small;\"><\/i><span style=\"font-family: Verdana; font-size: small;\">\u00a0<a href=\"https:\/\/quasarcomunicacion.com.ar\/web\/wp-content\/uploads\/2014\/10\/acv.gif\"><img class=\"alignright\" alt=\"acv\" src=\"https:\/\/quasarcomunicacion.com.ar\/web\/wp-content\/uploads\/2014\/10\/acv.gif\" \/><\/a>Se celebra el d\u00eda Mundial de los Accidentes Cerebro vasculares (ACV). Por tal motivo, el <\/span><b style=\"font-family: Verdana; font-size: small;\">Centro de Estudios Especializado en Trastornos de Ansiedad<\/b><span style=\"font-family: Verdana; font-size: small;\"> (CEETA &#8211; www.ceeta.org) advierte sobre la relaci\u00f3n que tiene esta patolog\u00eda con los trastornos de ansiedad y asegura que es de suma importancia la prevenci\u00f3n para disminuir los riesgos de padecer un ACV, que ya constituye la segunda causa de muerte y la primera de invalidez entre adultos de todo el mundo.<!--more--><\/span><\/p>\n<p><span style=\"font-family: Verdana; font-size: small;\">Seg\u00fan los datos informados en la jornada por el D\u00eda Mundial del Accidente Cerebro vascular, organizada por IOMA, cada seis segundos una persona sufre un ACV en el mundo y uno de cada seis padecer\u00e1 un ataque en alg\u00fan momento de su vida.<\/span><br \/>\n<span style=\"font-family: Verdana; font-size: small;\">Por este motivo los especialistas explican c\u00f3mo, a trav\u00e9s de un tratamiento especializado, las personas que padecen alg\u00fan tipo de trastorno de ansiedad, pueden disminuir en forma determinante la posibilidad de desencadenar una patolog\u00eda biol\u00f3gica como lo son un ACV o una cardiopat\u00eda. <\/span><br \/>\n<span style=\"font-family: Verdana; font-size: small;\">Seg\u00fan Gabriela Mart\u00ednez Castro, directora del <b>CEETA<\/b> estas dos patolog\u00edas tienen una estrecha relaci\u00f3n siempre y cuando la persona tiende a sufrir trastornos de ansiedad y, a su vez, padece alg\u00fan tipo de problem\u00e1tica, como por ejemplo presi\u00f3n arterial muy alta. <\/span><br \/>\n<span style=\"font-family: Verdana; font-size: small;\">Cuando una persona tiene un alto grado de ansiedad hay una gran posibilidad que este trastorno desencadene patolog\u00edas de tipo vasculares, ya sea un ACV o, en otros casos, accidentes cardiovasculares como podr\u00eda ser un infarto. <\/span><br \/>\n<span style=\"font-family: Verdana; font-size: small;\">\u201cCabe destacar que estamos hablando siempre de personas que tienen una alta predisposici\u00f3n biol\u00f3gica o est\u00e1n padeciendo una patolog\u00eda vascular grave, conocida o no por el paciente, para que un trastorno de ansiedad pueda se desencadenar en un ACV\u201d, aclara la especialista. <\/span><br \/>\n<span style=\"font-family: Verdana; font-size: small;\">Por otro lado, todo trastorno de ansiedad tiene componentes y sintomatolog\u00edas f\u00edsicas, como taquicardia, aumento de ritmo card\u00edaco, leve aumento de la presi\u00f3n arterial, entre otros. Si este tipo de s\u00edntomas son padecidos por personas con predisposiciones marcadas a sufrir hipertensi\u00f3n, \u00e9stas estar\u00edan m\u00e1s predispuestas a padecer un ACV. <\/span><br \/>\n<span style=\"font-family: Verdana; font-size: small;\">Estos casos pueden darse en personas que sufren trastornos de ansiedad como pueden ser: el Trastorno de P\u00e1nico, que es altamente conocido, o el Trastorno por Ansiedad Generalizada. <\/span><br \/>\n<span style=\"font-family: Verdana; font-size: small;\">En este \u00faltimo caso, es decir los trastornos por ansiedad generalizada, \u201cla persona se preocupa excesivamente por cuestiones de la vida cotidiana y no puede priorizar, pues le resulta igual de importante la operaci\u00f3n de riesgo de un familiar, que llegar impuntual a una cita\u201d, explica Mart\u00ednez Castro. <\/span><br \/>\n<span style=\"font-family: Verdana; font-size: small;\">Por su parte, quienes padecen ataques de p\u00e1nico \u201cexperimentan la sensaci\u00f3n de estar cerca de la muerte, o la locura, sufre taquicardia, falta de respiraci\u00f3n, ahogo, entre otros efectos\u201d, dice Mart\u00ednez Castro. <\/span><br \/>\n<span style=\"font-family: Verdana; font-size: small;\">\u00c9stos ser\u00edan los dos trastornos de ansiedad que m\u00e1s predispondr\u00edan a las personas con una tendencia biol\u00f3gica, a padecer una patolog\u00eda vascular, como las mencionadas anteriormente. <\/span><br \/>\n<b><span style=\"font-family: Verdana; font-size: small;\">Desencadenantes <\/span> <\/b><br \/>\n<span style=\"font-family: Verdana; font-size: small;\">Los estresores desencadenantes, que hacen que una persona sufra altos niveles de ansiedad, pueden ser much\u00edsimos, pero siempre dependen de cada paciente en particular. Es decir que \u201cuna misma situaci\u00f3n estresante puede ser tomada de diferentes maneras. Lo que puede es estresante para m\u00ed, no lo es para otra, ya sea porque siente que tiene los recursos necesarios para manejarlo o simplemente por su forma de ser\u201d, explica la directora del CEETA. <\/span><br \/>\n<span style=\"font-family: Verdana; font-size: small;\">De todas formas, hay estresores que son objetivamente estresantes en si mismos, como por ejemplo dificultades econ\u00f3micas, inseguridad, problemas familiares, dificultades sexuales, una mudanza, la muerte o enfermedad de un ser querido, el nacimiento de un hijo, un cambio de trabajo, la adaptaci\u00f3n a un nuevo lugar, entre otros. <\/span><br \/>\n<span style=\"font-family: Verdana; font-size: small;\">Los estresores no siempre son negativos, el cambio de trabajo a un nivel superior o la mudanza a una casa mejor y con mayores comodidades, pueden generar estr\u00e9s ya que implican un alto gasto de energ\u00eda. <\/span><br \/>\n<span style=\"font-family: Verdana; font-size: small;\">\u201cComo mencion\u00e9 anteriormente, hay personas que con una capacidad de adaptaci\u00f3n muy grande y no tienen predisposici\u00f3n para padecer estr\u00e9s o ansiedad. \u00c9stas pueden manejar muy bien los niveles de ansiedad o bien tienen recursos que se lo facilita. Con lo cual son personas que se adaptan f\u00e1cilmente y no les aumenta el nivel de ansiedad cuando tienen muchas exigencias o distintas presiones sociales\u201d, agrega. <\/span><br \/>\n<b><span style=\"font-family: Verdana; font-size: small;\">El tratamiento <\/span><\/b><br \/>\n<span style=\"font-family: Verdana; font-size: small;\">Realizar un tratamiento adecuado disminuye en forma determinante la posibilidad de desencadenar una patolog\u00eda biol\u00f3gica como es un ACV o una cardiopat\u00eda <\/span><br \/>\n<span style=\"font-family: Verdana; font-size: small;\">En este caso el recomendado por Gabriela Mart\u00ednez Castro es la terapia cognitivo-conductual (TCC) ya que es un tratamiento es breve, conducido por expertos en la materia, de forma tal que el paciente debe estar de alta a los 4\/6 meses de haberlo iniciado, habiendo recuperado sus actividades habituales, sin sintomatolog\u00eda f\u00edsica ni emocional.<\/span><br \/>\n<span style=\"font-family: Verdana; font-size: small;\">El <b>Centro de Estudios Especializados en Trastornos de Ansiedad (CEETA)<\/b> tiene como sede central el Edificio Concord-Sector los Almendros-piso segundo Oficina 202. Km 50 de la ruta Panamericana ramal Pilar. Tel\u00e9fono: 0230-4667175.M\u00e1s info en <a href=\"http:\/\/www.ceeta.org\/\"> www.ceeta.org<\/a> En facebook <\/span><a href=\"https:\/\/www.facebook.com\/ceeta.pilar\"> https:\/\/www.facebook.com\/ansiedad.ceeta. <\/a><br \/>\n&nbsp;<br \/>\n&nbsp;<\/p>\n<div align=\"center\"><center><\/p>\n<table width=\"90%\" border=\"0\" cellspacing=\"4\" cellpadding=\"4\">\n<tbody>\n<tr>\n<td bgcolor=\"#ECFFF9\" width=\"100%\"><i> <span style=\"font-family: Verdana; font-size: xx-small;\">La licenciada Gabriela Mart\u00ed<\/span><\/i><span style=\"font-family: Verdana; font-size: xx-small;\"><i>nez Castro, directora del CEETA, est\u00e1 disponible para consultas o entrevistas sobre el tema. Comunicarse al 0230-4664772 \u00f3 011-15-6096-4656 para concretarlas o enviar un mail a <a href=\"mailto:gabriela@quasarcomunicacion.com.ar\"> fernanda@quasarcomunicacion.com.ar <\/a>\u00a0<\/i><\/span><\/td>\n<\/tr>\n<\/tbody>\n<\/table>\n<p><\/center><\/div>\n<p align=\"left\">\n<p align=\"center\"><span style=\"font-family: Verdana; font-size: small;\">Acceso a toda la informaci\u00f3n ingresando en <a href=\"http:\/\/www.quasarcomunicacion.com.ar\/ceeta\"> www.quasarcomunicacion.com.ar\/ceeta<\/a> <\/span><\/p>\n<p align=\"right\"><span style=\"font-size: small;\"><b><i><span style=\"font-family: Arial;\">Por\u00a0 im\u00e1genes, audios o entrevistas no dude en contactarse<br \/>\n<\/span><\/i><\/b><br \/>\n<\/span> <span style=\"font-size: medium;\"><strong> <span style=\"color: #808080; font-family: Arial; font-size: small;\"> Lic. Mar\u00eda Fernanda Ipata<br \/>\nQu\u00e1sar Comunicaci\u00f3n<br \/>\n<\/span> <\/strong><\/span> <span style=\"font-size: xx-small;\"><span style=\"color: #ff0000;\"> Directo<\/span><b>: <\/b> 0230<\/span><span style=\"font-size: xx-small;\">-4664772<\/span><span style=\"font-size: xx-small;\"><br \/>\n<\/span><span style=\"font-size: xx-small;\"> <span style=\"color: #ff0000;\">M\u00f3vil:<\/span><b> <\/b> 0230<\/span><span style=\"font-size: xx-small;\">-15-4584535<br \/>\n011-15-6096-4656 ID 558*3763<br \/>\n<\/span><span style=\"color: #ff0000; font-size: xx-small;\"> Skype:<\/span><span style=\"font-size: xx-small;\"> quasarcomunicacion<br \/>\n<\/span><span style=\"color: #ff0000; font-size: xx-small;\"> Twitter:<\/span><span style=\"font-size: xx-small;\"> @quasarpilar<br \/>\n<\/span><span style=\"color: #ff0000; font-size: xx-small;\"> Gr<\/span><span style=\"color: #ff0000; font-size: xx-small;\">upo y p\u00e1gina en Facebook: <\/span> <span style=\"color: #808080; font-size: xx-small;\">www.facebook.com\/<\/span><a href=\"mailto:mfipata@gmail.com\"><span style=\"font-size: xx-small;\">Quasar<\/span><\/a><span style=\"font-size: xx-small;\">Comunicacion<br \/>\n<\/span><span style=\"font-size: xx-small;\"> <span style=\"color: #ff0000;\">LinkedIn<\/span><b>: <\/b><\/span> <a title=\"Ver perfil p\u00fablico\" href=\"http:\/\/ar.linkedin.com\/pub\/mar%C3%83%C2%AD-a-fernanda-ipata\/a\/293\/212\"> <span style=\"font-size: xx-small;\"> http:\/\/ar.linkedin.com\/pub\/mar%C3%AD-a-fernanda-ipata\/a\/293\/212<\/span><\/a><span style=\"font-size: xx-small;\"><br \/>\n<\/span><span style=\"color: #ff0000; font-size: xx-small;\"> Web:<\/span><b><\/b> <a href=\"http:\/\/www.quasarcomunicacion.com.ar\/\"> <span style=\"font-size: xx-small;\">www.quasarcomunicacion.com.ar<\/span><\/a><span style=\"font-size: xx-small;\"><br \/>\n<\/span><span style=\"font-size: xx-small;\"> <span style=\"color: #ff0000;\">Mail<\/span><b>:<\/b><\/span><span style=\"font-size: xx-small;\"> <a href=\"mailto:fernanda@quasarcomunicacion.com.ar\">fernanda@quasarcomunicacion.com.ar<\/a><br \/>\n<\/span><span style=\"font-size: xx-small;\"> <span style=\"color: #ff0000;\">Blog:<\/span> www.quasarcomunicacion.wordpress.com<\/span><\/p>\n<hr \/>\n<div align=\"center\"><center><\/p>\n<div align=\"center\"><center><\/p>\n<table width=\"90%\" border=\"0\" cellspacing=\"4\" cellpadding=\"4\">\n<tbody>\n<tr>\n<td bgcolor=\"#ECFFF9\" width=\"100%\"><i> <span style=\"font-family: Verdana; font-size: xx-small;\">Especialistas del CEETA<\/span><\/i><span style=\"font-family: Verdana; font-size: xx-small;\"><i> est\u00e1n disponible para consultas o entrevistas sobre el tema. Comunicarse al 0230-4664772 \u00f3 011-15-6096-4656 para concretarlas o enviar un mail a <a href=\"mailto:fernanda@quasarcomunicacion.com.ar\"> fernanda@quasarcomunicacion.com.ar<\/a> <\/i><\/span><\/td>\n<\/tr>\n<\/tbody>\n<\/table>\n<p><\/center><\/div>\n<p><center><span style=\"font-family: Verdana; font-size: xx-small;\"><b>Acerca de la Lic. Gabriela Mart\u00ednez Castro<\/b><\/span><br \/>\n<\/center><\/p>\n<p align=\"left\"><i><span style=\"font-family: Verdana; font-size: xx-small;\">Gabriela Mart\u00ednez Castro es Licenciada en Psicolog\u00eda egresada de la Universidad de Belgrano en 1991. M\u00e1ster en Psicolog\u00eda Cl\u00ednica en M\u00e9xico. <\/span><\/i><\/p>\n<p><center><\/p>\n<p align=\"left\"><i><span style=\"font-family: Verdana; font-size: xx-small;\">Post-grado en Trastornos de Ansiedad de la Asociaci\u00f3n Argentina de Trastornos de Ansiedad. Psicoterapeuta Cognitiva-Conductual, orientada al trabajo con Trastornos de Ansiedad y Trastornos de la Personalidad.<br \/>\nEx coordinadora docente de la c\u00e1tedra de Psicolog\u00eda General en la Universidad de Belgrano. Ex coordinadora del Departamento de Psicodiagn\u00f3stico del Hospital Franc\u00e9s, \u00e1rea de Consultorios Externos. <\/span><\/i><\/p>\n<p><center><\/p>\n<p align=\"left\"><i><span style=\"font-family: Verdana; font-size: xx-small;\">Miembro de la Asociaci\u00f3n Argentina de Trastornos de Ansiedad. <\/span><\/i><\/p>\n<p><center><\/p>\n<p align=\"left\"><i><span style=\"font-family: Verdana; font-size: xx-small;\">Directora de CEETA (Centro de Estudios Especializados en Trastornos de Ansiedad) <\/span><\/i><\/p>\n<p><center><\/p>\n<p align=\"left\"><span style=\"font-family: Verdana; font-size: xx-small;\"><i>Centro de Estudios Especializados en Trastornos de Ansiedad (CEETA) &#8211; Edificio Concord-Sector los Almendros-piso segundo Oficina 202. Km 50 de la ruta Panamericana ramal Pilar. Tel\u00e9fono: 0230-4667175 \u00f3 al Celular 15-4416-1578 <a href=\"http:\/\/www.ceeta.org\/\">www.ceeta.org<\/a>\u00a0 \u00a0 \u00a0 \u00a0 \u00a0 \u00a0 \u00a0 \u00a0 \u00a0 \u00a0 \u00a0 \u00a0 \u00a0\u00a0<\/i><\/span><\/p>\n<p><\/center><\/center><\/center><\/center><\/center><\/div>\n","protected":false},"excerpt":{"rendered":"<p>\u00a0Se celebra el d\u00eda Mundial de los Accidentes Cerebro vasculares (ACV). Por tal motivo, el Centro de Estudios Especializado en [&hellip;]<\/p>\n","protected":false},"author":2,"featured_media":5137,"comment_status":"open","ping_status":"open","sticky":false,"template":"","format":"standard","meta":[],"categories":[2],"tags":[],"_links":{"self":[{"href":"https:\/\/quasarcomunicacion.com.ar\/web\/wp-json\/wp\/v2\/posts\/5136"}],"collection":[{"href":"https:\/\/quasarcomunicacion.com.ar\/web\/wp-json\/wp\/v2\/posts"}],"about":[{"href":"https:\/\/quasarcomunicacion.com.ar\/web\/wp-json\/wp\/v2\/types\/post"}],"author":[{"embeddable":true,"href":"https:\/\/quasarcomunicacion.com.ar\/web\/wp-json\/wp\/v2\/users\/2"}],"replies":[{"embeddable":true,"href":"https:\/\/quasarcomunicacion.com.ar\/web\/wp-json\/wp\/v2\/comments?post=5136"}],"version-history":[{"count":0,"href":"https:\/\/quasarcomunicacion.com.ar\/web\/wp-json\/wp\/v2\/posts\/5136\/revisions"}],"wp:featuredmedia":[{"embeddable":true,"href":"https:\/\/quasarcomunicacion.com.ar\/web\/wp-json\/wp\/v2\/media\/5137"}],"wp:attachment":[{"href":"https:\/\/quasarcomunicacion.com.ar\/web\/wp-json\/wp\/v2\/media?parent=5136"}],"wp:term":[{"taxonomy":"category","embeddable":true,"href":"https:\/\/quasarcomunicacion.com.ar\/web\/wp-json\/wp\/v2\/categories?post=5136"},{"taxonomy":"post_tag","embeddable":true,"href":"https:\/\/quasarcomunicacion.com.ar\/web\/wp-json\/wp\/v2\/tags?post=5136"}],"curies":[{"name":"wp","href":"https:\/\/api.w.org\/{rel}","templated":true}]}}