{"id":513,"date":"2012-06-22T13:13:14","date_gmt":"2012-06-22T13:13:14","guid":{"rendered":"http:\/\/quasarcomunicacion.wordpress.com\/?p=513"},"modified":"2012-06-22T13:13:14","modified_gmt":"2012-06-22T13:13:14","slug":"la-fundacion-por-pilar-puso-en-marcha-el-programa-directores-lideres-en-accion","status":"publish","type":"post","link":"https:\/\/quasarcomunicacion.com.ar\/web\/la-fundacion-por-pilar-puso-en-marcha-el-programa-directores-lideres-en-accion\/","title":{"rendered":"La Fundaci\u00f3n por Pilar puso en marcha el programa &quot;Directores: L\u00edderes en Acci\u00f3n&quot;"},"content":{"rendered":"<p style=\"text-align:left;\" align=\"center\"><span style=\"font-family:Verdana;font-size:small;\">La <\/span><strong>Fundaci\u00f3n por Pilar<\/strong><span style=\"font-family:Verdana;font-size:small;\"> desarroll\u00f3 el Programa<\/span><strong> \u201cDirectores: L\u00edderes en Acci\u00f3n\u201d,<\/strong><span style=\"font-family:Verdana;font-size:small;\"> una capacitaci\u00f3n destinada a los directores de escuelas secundarias de todo el distrito, que se capacitaron durante una semana en la Universidad de San Andr\u00e9s.<!--more--><\/span><\/p>\n<p><img loading=\"lazy\" src=\"http:\/\/www.quasarcomunicacion.com.ar\/fxp\/fotos\/directores.gif\" alt=\"\" width=\"500\" height=\"375\" \/><br \/>\n<span style=\"font-family:Verdana;font-size:small;\">La <strong>Fundaci\u00f3n por Pilar<\/strong>, la Fundaci\u00f3n del Deutsche Bank y el Proyecto Educar 2050 junto con la Escuela de Educaci\u00f3n de la Universidad de San Andr\u00e9s idearon el programa intensivo de desarrollo profesional de directivos de escuelas secundarias. Su finalidad es generar en los directores nuevos significados y nuevas pr\u00e1cticas que exige, en la actualidad, la gesti\u00f3n en las escuelas.<\/span><br \/>\n<span style=\"font-family:Verdana;font-size:small;\">El Programa se divide en tres instancias. <\/span><br \/>\n<span style=\"font-family:Verdana;font-size:small;\">En primer lugar, se desarroll\u00f3 una semana de capacitaci\u00f3n presencial en la Universidad de San Andr\u00e9s a cargo de un equipo de Especialistas en Educaci\u00f3n de la Escuela de Educaci\u00f3n de la Universidad. Se utiliz\u00f3 una metodolog\u00eda participativa que permita el intercambio entre los participantes y capacitadores y con estrecha vinculaci\u00f3n a la pr\u00e1ctica.<\/span><br \/>\n<span style=\"font-family:Verdana;font-size:small;\">Luego se continuar\u00e1 con un seguimiento online con el uso de una Plataforma virtual \u201cMoodle\u201d. Este seguimiento pretende acompa\u00f1ar en la mejora del rendimiento de las escuelas participantes y prestar asistencia para asegurar que los establecimientos trabajen en red a partir del Programa.<\/span><br \/>\n<img loading=\"lazy\" src=\"http:\/\/www.quasarcomunicacion.com.ar\/fxp\/fotos\/directores1.gif\" alt=\"\" width=\"500\" height=\"375\" \/><br \/>\n<span style=\"font-family:Verdana;font-size:small;\">Por un lado, durante los dos meses siguientes, los participantes deber\u00e1n elegir una tem\u00e1tica de las presentadas en la semana presencial de trabajo, para seguir profundiz\u00e1ndola a trav\u00e9s de intercambios virtuales con el capacitador. A trav\u00e9s de un foro se plantear\u00e1n contenidos,<br \/>\ndudas, conflictos, experiencias compartidas y se pondr\u00e1n a disposici\u00f3n materiales, bibliograf\u00eda y ejemplos. Por el otro, se llevar\u00e1 a cabo una etapa de dise\u00f1o e implementaci\u00f3n de un proyecto de mejora escolar de seis meses de duraci\u00f3n a partir del intercambio con un especialista y sus pares.<\/span><br \/>\n<span style=\"font-family:Verdana;font-size:small;\"><strong>Objetivos del programa:<\/strong><br \/>\n\u00b7 Fortalecer el rol del directivo en la escuela para enriquecer y favorecer el aprendizaje y desarrollo integral de los alumnos.<br \/>\n\u00b7 Acompa\u00f1ar a los directivos con ideas innovadoras y herramientas que los ayuden a mejorar la gesti\u00f3n y la organizaci\u00f3n de las instituciones educativas.<br \/>\n\u00b7 Promover la reflexi\u00f3n sobre los modelos mentales de ense\u00f1anza que determinan las pr\u00e1cticas en los directores de escuela.<\/span><br \/>\n<span style=\"font-family:Verdana;font-size:small;\"><strong>Destinatarios:<\/strong><br \/>\nDirectores de Nivel Secundario de escuelas p\u00fablicas del distrito de Pilar, provincia de Buenos Aires, Argentina.<\/span><br \/>\n<span style=\"font-family:Verdana;font-size:small;\">El programa est\u00e1 dise\u00f1ado en m\u00f3dulos de trabajo organizados en base a los siguientes temas:<br \/>\n\u00b7 EL TRABAJO EN EQUIPO<br \/>\n\u00b7 EL CLIMA ESCOLAR EN EL APRENDIZAJE<br \/>\n\u00b7 EL TRABAJO EN AULAS HETEROG\u00c9NEAS<br \/>\n\u00b7 HABILIDADES DE PENSAMIENTO<br \/>\n\u00b7 RESOLUCI\u00d3N DE CONFLICTOS<br \/>\n\u00b7 MEJORA ESCOLAR<br \/>\n\u00b7 EVALUACI\u00d3N DE LOS APRENDIZAJES<br \/>\n\u00b7 AN\u00c1LISIS Y REFLEXI\u00d3N DE LA PR\u00c1CTICA DOCENTE<\/span><br \/>\n<strong><span style=\"font-family:Verdana;font-size:small;\">El Trabajo de la Fundaci\u00f3n <\/span><\/strong><span style=\"font-family:Verdana;font-size:small;\"> \u00a0<\/span><br \/>\n<span style=\"font-family:Verdana;font-size:small;\"> <img loading=\"lazy\" src=\"\/QU%C3%81SAR2\/fxp\/logo.gif\" alt=\"\" width=\"207\" height=\"101\" align=\"right\" border=\"0\" hspace=\"6\" vspace=\"6\" \/>En el \u00e1rea de Salud, desde el a\u00f1o 2003 la instituci\u00f3n acompa\u00f1a a La Unidad Pedi\u00e1trica M\u00f3vil Ronald McDonald (UPM), un programa sustentable en salud de la Asociaci\u00f3n La Casa de Ronald McDonald en conjunto con el Hospital Universitario Austral, que tiene como objeto brindar atenci\u00f3n m\u00e9dica primaria a ni\u00f1os de 0 a 16 a\u00f1os con dif\u00edcil acceso al sistema de salud. Diariamente y en forma gratuita acerca asistencia m\u00e9dica pedi\u00e1trica, vacunaci\u00f3n, odontolog\u00eda y oftalmolog\u00eda a ni\u00f1os en diferentes comunidades del pa\u00eds para la detecci\u00f3n y prevenci\u00f3n de enfermedades; entre ellas el partido de Pilar. <\/span><br \/>\n<span style=\"font-family:Verdana;font-size:small;\">\u201cAdem\u00e1s, porque entendemos que a trav\u00e9s de las acciones educativas se fortalece y propicia la revisi\u00f3n, revalorizaci\u00f3n y modificaci\u00f3n de actitudes que generan cambios, en el mismo a\u00f1o se crea el Equipo de Prevenci\u00f3n y Promoci\u00f3n en Salud de la Fundaci\u00f3n por Pilar, que acompa\u00f1a a la Unidad Pedi\u00e1trica M\u00f3vil Ronald McDonald (UPM) de La Asociaci\u00f3n la Casa de Ronald McDonald y el Hospital Universitario Austral. <\/span><br \/>\n<span style=\"font-family:Verdana;font-size:small;\">Las profesionales del Equipo de Educaci\u00f3n, Prevenci\u00f3n y Promoci\u00f3n en Salud Infantil, realizan talleres de nutrici\u00f3n y lactancia; prevenci\u00f3n de accidentes dom\u00e9sticos; alimentaci\u00f3n saludable y seguridad alimentar\u00eda; violencia familiar; la importancia de la vacunaci\u00f3n; psicoprofil\u00e1xis odontol\u00f3gica; salud buco dental; prevenci\u00f3n y detecci\u00f3n temprana de enfermedades; destinados a los ni\u00f1os en edad preescolar y a los adultos responsables de los mismos\u201d, se\u00f1alaron desde la Fundaci\u00f3n. <\/span><br \/>\n<span style=\"font-family:Verdana;font-size:small;\">La <strong>Fundaci\u00f3n por Pilar<\/strong> se cre\u00f3 en septiembre del a\u00f1o 2000, por un grupo de vecinos, empresarios, autoridades y diversas personalidades comprometidos con la poblaci\u00f3n m\u00e1s vulnerable de la zona<\/span><br \/>\n<span style=\"font-family:Verdana;font-size:small;\">La Misi\u00f3n es colaborar en la integraci\u00f3n de la comunidad del partido de Pilar generando redes con otras instituciones y apoyando programas que contribuyan al mejoramiento de la calidad de vida de sus habitantes, promoviendo acciones en las \u00e1reas de salud, educaci\u00f3n, cultura y \u00a0<\/span><\/p>\n","protected":false},"excerpt":{"rendered":"<p>La Fundaci\u00f3n por Pilar desarroll\u00f3 el Programa \u201cDirectores: L\u00edderes en Acci\u00f3n\u201d, una capacitaci\u00f3n destinada a los directores de escuelas secundarias [&hellip;]<\/p>\n","protected":false},"author":2,"featured_media":0,"comment_status":"open","ping_status":"open","sticky":false,"template":"","format":"standard","meta":[],"categories":[2],"tags":[],"_links":{"self":[{"href":"https:\/\/quasarcomunicacion.com.ar\/web\/wp-json\/wp\/v2\/posts\/513"}],"collection":[{"href":"https:\/\/quasarcomunicacion.com.ar\/web\/wp-json\/wp\/v2\/posts"}],"about":[{"href":"https:\/\/quasarcomunicacion.com.ar\/web\/wp-json\/wp\/v2\/types\/post"}],"author":[{"embeddable":true,"href":"https:\/\/quasarcomunicacion.com.ar\/web\/wp-json\/wp\/v2\/users\/2"}],"replies":[{"embeddable":true,"href":"https:\/\/quasarcomunicacion.com.ar\/web\/wp-json\/wp\/v2\/comments?post=513"}],"version-history":[{"count":0,"href":"https:\/\/quasarcomunicacion.com.ar\/web\/wp-json\/wp\/v2\/posts\/513\/revisions"}],"wp:attachment":[{"href":"https:\/\/quasarcomunicacion.com.ar\/web\/wp-json\/wp\/v2\/media?parent=513"}],"wp:term":[{"taxonomy":"category","embeddable":true,"href":"https:\/\/quasarcomunicacion.com.ar\/web\/wp-json\/wp\/v2\/categories?post=513"},{"taxonomy":"post_tag","embeddable":true,"href":"https:\/\/quasarcomunicacion.com.ar\/web\/wp-json\/wp\/v2\/tags?post=513"}],"curies":[{"name":"wp","href":"https:\/\/api.w.org\/{rel}","templated":true}]}}