{"id":51,"date":"2012-03-07T12:42:00","date_gmt":"2012-03-07T12:42:00","guid":{"rendered":"http:\/\/quasarcomunicacion.wordpress.com\/?p=51"},"modified":"2012-03-07T12:42:00","modified_gmt":"2012-03-07T12:42:00","slug":"el-diario-de-pilar-un-espacio-para-el-despegue-de-los-libros-made-in-pilar","status":"publish","type":"post","link":"https:\/\/quasarcomunicacion.com.ar\/web\/el-diario-de-pilar-un-espacio-para-el-despegue-de-los-libros-made-in-pilar\/","title":{"rendered":"El Diario de Pilar: Un espacio para el despegue de los libros \u201cmade in Pilar\u201d"},"content":{"rendered":"<div>\u00a0Por iniciativa del escritor y artista V\u00edctor Koprivsek, junto a un grupo de editores y escritores del distrito, se ha conformado el espacio \u201cAutores locales\u201d, proyecto que promueve la comercializaci\u00f3n y presentaci\u00f3n de libros de escritores del Partido de Pilar.<img src=\"http:\/\/pilaradiario.com\/imgs\/tres_libros_tapa.jpg\" alt=\"\" \/><!--more-->Colaborador habitual de El Diario Regional a trav\u00e9s de la columna \u201cSoy mano\u201d, V\u00edctor Koprivsek -vecino de Presidente Derqui- es un incansable promotor cultural en la regi\u00f3n. Presente en innumerables proyectos, es autor de los libros \u201cPoemas de barro\u201d, \u201cTerritorio\u201d, \u201cSoy mano\u201d (junto a Graciela Labale y Carla Manzoni, editado por El Diario) y \u201cEl ladrillo desnudo\u201d.Entusiasmado con la propuesta, el escritor afirma que la flamante creaci\u00f3n \u201ces un espacio que busca promover la compra de los libros escritos por autores locales. Creemos que a esta altura ya hay un bagaje importante de libros, muy dignos y hermosamente hechos, que pelean contra cualquiera en dise\u00f1o, arte de tapa y contenido. Los escritores de ac\u00e1 pueden tener hasta tres o cuatro t\u00edtulos, pero la realidad es que mucho no se venden\u2026\u201d.<\/p>\n<p>Adem\u00e1s, se lament\u00f3 con el hecho de que \u201cuno deposita toda su energ\u00eda en realizar un libro, son a\u00f1os de escritura hasta que alguien o el mismo escritor lo edita, pero luego no hay herramientas a la hora de la venta del libro\u201d.<\/p>\n<p>Por esta raz\u00f3n, Koprivsek explica que \u201cAutores locales\u201d buscar\u00e1 \u201cla promoci\u00f3n de la idea: que el vecino sepa que hay al menos 60 o 70 t\u00edtulos de escritores del Partido de Pilar que hablan de historia, ficci\u00f3n, poes\u00eda y dem\u00e1s\u201d.<\/p>\n<p>Apertura<\/p>\n<p>Uno de los objetivos fundamentales de \u201cAutores locales\u201d es que los libros pilarenses ocupen espacios de importancia en las vidrieras de las librer\u00edas. En este sentido, su creador indica que \u201cla primera que se sum\u00f3 a la propuesta es la librer\u00eda Matute, ubicada en el primer piso del shopping Pilar Point: el local va a destinar un stand para que todos los autores locales tengan su lugar, m\u00e1s una parte de la vidriera. Es algo muy importante\u201d. Y reconoci\u00f3 que \u201cno es un h\u00e1bito para la gente consumir libros de pilarenses, ser\u00e1 empezar desde cero\u201d.<\/p>\n<p>El derquino est\u00e1 coordinando el espacio con Ediciones El Bodeg\u00f3n, pero el proyecto est\u00e1 abierto a todas las editoriales interesadas. \u201cLa invitaci\u00f3n est\u00e1 hecha para todos los que tienen que ver con la industria del libro \u2013afirm\u00f3-, ya sea imprenteros, libreros, correctores, ilustradores, diagramadores, gente de los medios y dem\u00e1s. La cadena es grande, es un espacio netamente de promoci\u00f3n y comercializaci\u00f3n del libro local\u201d. Hasta el momento, se sumaron \u2013por ejemplo- el taller literario Alma (Del Viso) y Clarisa Bartolacci, subsecretaria de Cultura. \u201cLa idea es que todos los autores que quieran dejen sus libros, para exhibirlos lo antes posible\u201d.<\/p>\n<p>A su vez, agreg\u00f3 que \u201cla idea es conformar una base de datos con autores y t\u00edtulos, y cada dos meses hacer un panel con cinco escritores. Pilar Point apoy\u00f3 totalmente el proyecto, aportando la infraestructura, al igual que la librer\u00eda Matute\u201d.<\/p>\n<p>Asimismo, Koprivsek se\u00f1al\u00f3 que, en los \u00faltimos a\u00f1os, \u201cla producci\u00f3n de escritores pilarenses explot\u00f3. La mayor\u00eda de los t\u00edtulos son del a\u00f1o 2000 hasta la fecha\u201d.<\/p>\n<p>Para el artista, una de las metas primordiales \u201ces promover la identidad, el sentido de pertenencia. Que los autores se conozcan entre s\u00ed y con el p\u00fablico, que sea un espacio de encuentro. Que el autor sepa que tiene gente en la zona que lo puede ayudar en su proyecto\u201d.\u00a0<\/p>\n<p>Libros edit\u00f3 hasta el momento El Diario Regional: \u201cSoy mano\u201d (Graciela Labale, Carla Manzoni y V\u00edctor Koprivsek), \u201cLos irresponsables\u201d (Alejandro Lafourcade) y \u201cMitos y leyendas de Pilar\u201d (Manuel V\u00e1zquez). Adem\u00e1s, facilit\u00f3 la impresi\u00f3n de \u201cLa guerra de Juan\u201d (Horacio Pettinicchi).<br \/>\nEl despegue<\/p>\n<p>El lanzamiento del espacio \u201cAutores locales\u201d se llevar\u00e1 a cabo el martes 6 de marzo a las 19, en el primer piso del shopping Pilar Point (Estanislao L\u00f3pez e Ituzaing\u00f3). Adem\u00e1s, en el evento disertar\u00e1n cinco panelistas mujeres, por la cercan\u00eda con el D\u00eda de la Mujer (8 de marzo): Graciela Labale (\u201cSoy mano\u201d), Lizzie Bertiller (\u201cEl gueto y otros relatos\u201d), Hilda de Laffitte (\u201cCollar de perlas\u201d), Noelia L\u00f3pez (\u201c\u201cEl \u00faltimo final\u201d), m\u00e1s una integrante del taller literario Alma, de Del Viso. Tambi\u00e9n se har\u00e1 un brindis y habr\u00e1 m\u00fasica en vivo.<\/p>\n<\/div>\n<div align=\"left\">\u00a0<\/div>\n","protected":false},"excerpt":{"rendered":"<p>\u00a0Por iniciativa del escritor y artista V\u00edctor Koprivsek, junto a un grupo de editores y escritores del distrito, se ha [&hellip;]<\/p>\n","protected":false},"author":2,"featured_media":0,"comment_status":"open","ping_status":"open","sticky":false,"template":"","format":"standard","meta":[],"categories":[42],"tags":[],"_links":{"self":[{"href":"https:\/\/quasarcomunicacion.com.ar\/web\/wp-json\/wp\/v2\/posts\/51"}],"collection":[{"href":"https:\/\/quasarcomunicacion.com.ar\/web\/wp-json\/wp\/v2\/posts"}],"about":[{"href":"https:\/\/quasarcomunicacion.com.ar\/web\/wp-json\/wp\/v2\/types\/post"}],"author":[{"embeddable":true,"href":"https:\/\/quasarcomunicacion.com.ar\/web\/wp-json\/wp\/v2\/users\/2"}],"replies":[{"embeddable":true,"href":"https:\/\/quasarcomunicacion.com.ar\/web\/wp-json\/wp\/v2\/comments?post=51"}],"version-history":[{"count":0,"href":"https:\/\/quasarcomunicacion.com.ar\/web\/wp-json\/wp\/v2\/posts\/51\/revisions"}],"wp:attachment":[{"href":"https:\/\/quasarcomunicacion.com.ar\/web\/wp-json\/wp\/v2\/media?parent=51"}],"wp:term":[{"taxonomy":"category","embeddable":true,"href":"https:\/\/quasarcomunicacion.com.ar\/web\/wp-json\/wp\/v2\/categories?post=51"},{"taxonomy":"post_tag","embeddable":true,"href":"https:\/\/quasarcomunicacion.com.ar\/web\/wp-json\/wp\/v2\/tags?post=51"}],"curies":[{"name":"wp","href":"https:\/\/api.w.org\/{rel}","templated":true}]}}