{"id":5078,"date":"2014-10-21T16:35:28","date_gmt":"2014-10-21T19:35:28","guid":{"rendered":"https:\/\/quasarcomunicacion.com.ar\/web\/?p=5078"},"modified":"2014-10-21T16:35:28","modified_gmt":"2014-10-21T19:35:28","slug":"amigos-del-alma-realiza-su-cena-anual-solidaria","status":"publish","type":"post","link":"https:\/\/quasarcomunicacion.com.ar\/web\/amigos-del-alma-realiza-su-cena-anual-solidaria\/","title":{"rendered":"Amigos del Alma realiza su cena anual solidaria"},"content":{"rendered":"<p style=\"text-align: left;\" align=\"center\"><span style=\"font-family: Verdana; font-size: small;\">\u00a0El pr\u00f3ximo martes 28 de octubre en Sheraton Libertador, la <\/span><b style=\"font-family: Verdana; font-size: small;\">Asociaci\u00f3n Amigos del Alma<\/b><span style=\"font-family: Verdana; font-size: small;\"> organiza una nueva edici\u00f3n de su cena anual solidaria con el objetivo de recaudar fondos para sostener los objetivos cumplidos y lograr llevar adelante los proyectos tendientes a brindar herramientas a las v\u00edctimas de violencia familiar y de g\u00e9nero.<!--more--><\/span><\/p>\n<p style=\"text-align: left;\" align=\"center\"><a href=\"https:\/\/quasarcomunicacion.com.ar\/web\/wp-content\/uploads\/2014\/10\/cenaamigos.gif\"><img class=\"aligncenter\" alt=\"cenaamigos\" src=\"https:\/\/quasarcomunicacion.com.ar\/web\/wp-content\/uploads\/2014\/10\/cenaamigos.gif\" \/><\/a><\/p>\n<p><span style=\"font-family: Verdana; font-size: small;\">La <b>Asociaci\u00f3n Amigos del Alma<\/b> realiza su Cena Anual 2014, con el prop\u00f3sito de recaudar fondos para continuar trabajando con las v\u00edctimas de violencia familiar y de g\u00e9nero. A su vez aprovechan este evento para compartir sus proyectos y lograr que cada vez m\u00e1s personas se comprometan con su trabajo. <\/span><br \/>\n<span style=\"font-family: Verdana; font-size: small;\">La cena anual se llevar\u00e1 a cabo el 28 de octubre, en el Sheraton Libertador, ubicado en la calle C\u00f3rdoba 690, CABA, a las 20,30hs. El valor del cubierto es de tan solo $700. Informes y reservas llamando al 11 5005 0905 o <a href=\"mailto:marilina@amigosdelalma.org.ar\"> marilina@amigosdelalma.org.ar<\/a>. M\u00e1s info en <a href=\"http:\/\/www.amigosdelalma.org.ar\/\">www.amigosdelalma.org.ar<\/a> o en las redes sociales facebook.com\/amigosdelalmaADA y en twitter @amigosalma<\/span><br \/>\n<span style=\"font-family: Verdana; font-size: small;\">\u00abEn <b>Amigos del Alma <\/b> trabajamos con v\u00edctimas de violencia familiar, tratando de darle ayuda inmediata en momentos de crisis, mediante la construcci\u00f3n de refugios. En 2013 inauguramos la Casa de Abrigo Pilar, donde ya han pasado cerca de 200 personas, entre mujeres y ni\u00f1os, v\u00edctimas de maltrato en su propia familia. Este dispositivo fue construido mediante un convenio de cooperaci\u00f3n con la Municipalidad del Pilar y hoy es una dependencia municipal. Nosotros seguimos acompa\u00f1ando el proceso\u00bb, indican los voluntarios.<\/span><br \/>\n<span style=\"font-family: Verdana; font-size: small;\">\u00abAhora estamos trabajando, adem\u00e1s, con la Municipalidad de San Mart\u00edn, ayudando a la refacci\u00f3n y equipamiento de su Casa Segura, refugio para mujeres v\u00edctimas de violencia familiar. Tambi\u00e9n estamos llevando adelante charlas de prevenci\u00f3n en clubes de f\u00fatbol junto al Programa Victimas Contra las Violencias. Y estamos trabajando con el Consejo Provincial de las Mujeres, en la elaboraci\u00f3n de una ley que ampare a las mujeres v\u00edctimas de violencia y les permita una salida laboral digna y r\u00e1pida. Estos son todos nuestros proyectos y para lo que necesitamos recaudar fondos.El trabajo es en conjunto con la sociedad toda. Cada uno desde su lugar puede apoyar y acompa\u00f1ar\u2026\u00bb, invitan<\/span><\/p>\n<p align=\"left\"><span style=\"font-family: Verdana; font-size: small;\">Es de destacar que <b>Amigos del Alma<\/b> es un proyecto solidario que surge en Pilar en el a\u00f1o 2003. Un a\u00f1o despu\u00e9s, se constituye como una ONG, bajo la forma de Asociaci\u00f3n Civil, y se propone un objetivo: solucionar el d\u00e9ficit de refugios para v\u00edctimas de violencia familiar y concientizar sobre esta problem\u00e1tica.<\/span><\/p>\n<p align=\"left\"><span style=\"font-family: Verdana; font-size: small;\"><b> <\/b>En marzo del 2013 se inaugur\u00f3 la Casa de Abrigo Pilar. El objetivo de este nuevo espacio es ofrecer asistencia y contenci\u00f3n a las mujeres y ni\u00f1os v\u00edctimas de maltrato, adem\u00e1s de su reinserci\u00f3n social. Cuenta con una capacidad para 27 personas,(madres con ni\u00f1os por violencia familiar y ni\u00f1os por situaciones de abuso o maltrato). Tambi\u00e9n posee equipos t\u00e9cnicos con 4 profesionales (dos trabajadores sociales y dos psic\u00f3logos) y acompa\u00f1antes y est\u00e1 abierta los 365 d\u00edas del a\u00f1o las 24 hs.<\/span><\/p>\n<p align=\"left\"><span style=\"font-family: Verdana; font-size: small;\">Cuenta con 8 habitaciones, y 27 plazas que se adaptan para recibir a la poblaci\u00f3n que ingresa: madres solas o con sus hijos y ni\u00f1os con medidas de abrigo. Son acompa\u00f1ados por el personal especializado en el proceso de transici\u00f3n, la situaci\u00f3n cr\u00edtica de violencia y vulneraci\u00f3n de derechos, durante la permanencia en el lugar y luego del egreso trav\u00e9s de un seguimiento personalizado.<\/span><\/p>\n<p align=\"left\"><span style=\"font-family: Verdana; font-size: small;\">Durante este tr\u00e1nsito, se atienden temas de salud, f\u00edsica y psicol\u00f3gica; documentaci\u00f3n; educaci\u00f3n; vivienda; revinculaci\u00f3n con sus hijos y con familiares; laborales y todos aquellos temas que hacen a la atenci\u00f3n integral de la persona.<\/span><\/p>\n<p align=\"left\"><span style=\"font-family: Verdana; font-size: small;\">La Casa Segura de San Mart\u00edn es un Hogar Convivencial Temporario para resguardar a las mujeres cuya situaci\u00f3n de violencia ha sido evaluada de alto riesgo. El ingreso a la Casa posibilita el cese de la violencia y la atenci\u00f3n integral dar\u00eda una respuesta inmediata de amparo y protecci\u00f3n cuando la mujer y sus hijos\/as carezcan de una red social segura y confiable.<\/span><\/p>\n<p align=\"left\"><span style=\"font-family: Verdana; font-size: small;\">Actualmente la casa posee capacidad para alojar a 16 personas, ya sean mujeres solas o con sus hijos y cuenta con la asistencia permanente de operadoras comunitarias, quienes a trav\u00e9s del trabajo conjunto con el equipo profesional de la Direcci\u00f3n proponen acciones de protecci\u00f3n y resguardo, as\u00ed como tambi\u00e9n propiciar las alternativas para la superaci\u00f3n de la situaci\u00f3n de violencia de la que son v\u00edctimas.<\/span><\/p>\n<p align=\"left\"><span style=\"font-family: Verdana; font-size: small;\">Tambi\u00e9n trabajan en la promulgaci\u00f3n de la Ley de inserci\u00f3n sociolaboral para mujeres en situaci\u00f3n de riesgo. Buscan lograr una ley que determine un cupo laboral en empresas a determinar, para mujeres que est\u00e9n pasando por una situaci\u00f3n de vulnerabilidad por agresiones y necesiten trabajar para lograr su independencia econ\u00f3mica. Esta investigaci\u00f3n y armado de la ley la est\u00e1n llevando a cabo conjuntamente con el Consejo Provincial de las Mujeres, organismo gubernamental del Gobierno de la Provincia de Buenos Aires, que se crea con la finalidad de lograr la plena igualdad jur\u00eddica, laboral, pol\u00edtica, econ\u00f3mica y social de la mujer implementando para ello las medidas y pol\u00edticas necesarias para eliminar la discriminaci\u00f3n de g\u00e9nero.<\/span><\/p>\n<p align=\"left\"><span style=\"font-family: Verdana; font-size: small;\">Ponen en pr\u00e1ctica talleres de prevenci\u00f3n y sensibilizaci\u00f3n sobre violencia sexual y violencia familiar: estos talleres se llevan adelante en Clubes de F\u00fatbol y colegios, gracias al apoyo del Programa V\u00edctimas Contra las Violencias, que depende del Ministerio de Justicia y Derechos Humanos de La Naci\u00f3n. Y tienen como finalidad llegar a los j\u00f3venes, en su mayor\u00eda hombres.<\/span><\/p>\n<p align=\"left\"><span style=\"font-family: Verdana; font-size: small;\">Acompa\u00f1an a la Municipalidad de Berazategui en la refacci\u00f3n y mejoramiento de<br \/>\nlas oficinas del CIPAFV, Centro Integral de la Prevenci\u00f3n de Violencia Familiar, cuya misi\u00f3n es mejorar la calidad de vida de los habitantes del partido, solucionando los problemas inherentes a la Violencia Familiar.<\/span><\/p>\n<p align=\"left\"><b style=\"font-family: Verdana; font-size: xx-small;\">NUEVOS PROYECTOS<\/b><\/p>\n<p><span style=\"font-family: Verdana; font-size: xx-small;\">La<b> Asociaci\u00f3n Amigos del Alm<\/b>a se encuentra apoyando al Municipio de San Mart\u00edn, en la refacci\u00f3n y equipamiento de la Casa Segura, un dispositivo para albergar mujeres v\u00edctimas de violencia familiar, solas o con sus ni\u00f1os.<br \/>\nA su vez, se encuentra trabajando en la elaboraci\u00f3n de un Proyecto de Ley, para facilitar la inserci\u00f3n laboral de las mujeres en situaci\u00f3n de violencia, conjuntamente con el Consejo Provincial de las Mujeres.<br \/>\nEn lo que se refiere al trabajo realizado para la Prevenci\u00f3n de la Violencia de G\u00e9nero, llevan adelante charlas y talleres informativos con el apoyo del Programa V\u00edctimas contra las Violencias, en escuelas y clubes de f\u00fatbol.<br \/>\n<b>EVENTOS REALIZADOS<br \/>\n<\/b><br \/>\nGalas ben\u00e9ficas (2007,2008,2009,2010,2011,2013) se realizaron anualmente para recaudar fondos y mediante ellas se afianzan los v\u00ednculos con la comunidad y se da difusi\u00f3n a la obra y a la problem\u00e1tica en s\u00ed. Concurren referentes del mundo empresarial y del espect\u00e1culo, logrando una adhesi\u00f3n muy significativa.<br \/>\nEstos eventos repercuten de manera inmediata en los medios radiales, televisivos y gr\u00e1ficos.<\/span><span style=\"font-family: Verdana; font-size: small;\"><br \/>\n<b>Contacto<\/b>:<br \/>\ninfo@amigosdelalma.org.ar<br \/>\nfacebook\/amigosdelalmaADA<br \/>\n@amigosalma<br \/>\n54 9 11 5005 0905<\/span><\/p>\n<p align=\"left\"><span style=\"font-size: small;\"><b><i><span style=\"font-family: Arial;\">Por otras im\u00e1genes, audios o entrevistas no dude en contactarse<\/span><\/i><\/b><\/span><\/p>\n<p align=\"center\"><span style=\"font-size: small;\"><b><i> Contactos de Prensa<\/i><\/b><\/span><\/p>\n<div align=\"left\">\n<table width=\"100%\" border=\"1\" cellpadding=\"2\" align=\"left\">\n<tbody>\n<tr>\n<td width=\"50%\">\n<p align=\"left\"><span style=\"font-size: medium;\"><strong> <span style=\"color: #808080; font-family: Arial; font-size: small;\"> Camila Sarmiento &#8211; Asistente de Cuentas<br \/>\n<\/span> <\/strong><\/span> <span style=\"font-size: xx-small;\"><span style=\"color: #ff0000;\"> Directo<\/span><b>: <\/b> 0230<\/span><span style=\"font-size: xx-small;\">-4664772<br \/>\n<\/span><span style=\"color: #ff0000; font-size: xx-small;\"> Skype:<\/span><span style=\"font-size: xx-small;\"> quasarcomunicacion<br \/>\n<\/span><span style=\"color: #ff0000; font-size: xx-small;\"> Twitter:<\/span><span style=\"font-size: xx-small;\"> @quasarpilar<br \/>\n<\/span><span style=\"color: #ff0000; font-size: xx-small;\"> Gr<\/span><span style=\"color: #ff0000; font-size: xx-small;\">upo y p\u00e1gina en Facebook: <\/span> <span style=\"color: #808080; font-size: xx-small;\">www.facebook.com\/<\/span><a href=\"mailto:mfipata@gmail.com\"><span style=\"font-size: xx-small;\">Quasar<\/span><\/a><span style=\"font-size: xx-small;\">Comunicacion<br \/>\n<\/span><span style=\"color: #ff0000; font-size: xx-small;\"> Web:<\/span><b><\/b> <a href=\"http:\/\/www.quasarcomunicacion.com.ar\/\"> <span style=\"font-size: xx-small;\">www.quasarcomunicacion.com.ar<\/span><\/a><\/p>\n<p align=\"left\"><span style=\"font-size: xx-small;\"> <span style=\"color: #ff0000;\">Mail<\/span><b>:<\/b><\/span><span style=\"font-size: xx-small;\"> <a href=\"mailto:fernanda@quasarcomunicacion.com.ar\"> asistente@quasarcomunicacion.com.ar<\/a><\/span><\/p>\n<\/td>\n<td width=\"50%\">\n<p align=\"right\"><span style=\"font-size: medium;\"><strong> <span style=\"color: #808080; font-family: Arial; font-size: small;\"> Lic. Mar\u00eda Fernanda Ipata &#8211; Directora<br \/>\n<\/span> <\/strong><\/span> <span style=\"font-size: xx-small;\"><span style=\"color: #ff0000;\"><br \/>\nDirecto<\/span><b>: <\/b> 0230<\/span><span style=\"font-size: xx-small;\">-4664772<\/span><span style=\"font-size: xx-small;\"><br \/>\n<\/span><span style=\"font-size: xx-small;\"> <span style=\"color: #ff0000;\">M\u00f3vil:<\/span><b> <\/b> 0230<\/span><span style=\"font-size: xx-small;\">-15-4584535<br \/>\n011-15-6096-4656 ID 558*3763<br \/>\n<\/span><span style=\"color: #ff0000; font-size: xx-small;\"> Skype:<\/span><span style=\"font-size: xx-small;\"> quasarcomunicacion<br \/>\n<\/span><span style=\"color: #ff0000; font-size: xx-small;\"> Twitter:<\/span><span style=\"font-size: xx-small;\"> @quasarpilar<br \/>\n<\/span><span style=\"color: #ff0000; font-size: xx-small;\"> Gr<\/span><span style=\"color: #ff0000; font-size: xx-small;\">upo y p\u00e1gina en Facebook: <\/span> <span style=\"color: #808080; font-size: xx-small;\">www.facebook.com\/<\/span><a href=\"mailto:mfipata@gmail.com\"><span style=\"font-size: xx-small;\">Quasar<\/span><\/a><span style=\"font-size: xx-small;\">Comunicacion<br \/>\n<\/span><span style=\"font-size: xx-small;\"> <span style=\"color: #ff0000;\">LinkedIn<\/span><b>:\u00a0 <\/b><\/span> <span style=\"font-size: xx-small;\"><b> <a href=\"http:\/\/www.linkedin.com\/in\/mfipata\"> http:\/\/www.linkedin.com\/in\/mfipata<\/a><\/b><\/span><span style=\"font-size: xx-small;\"><br \/>\n<\/span><span style=\"color: #ff0000; font-size: xx-small;\"> Web:<\/span><b><\/b> <a href=\"http:\/\/www.quasarcomunicacion.com.ar\/\"> <span style=\"font-size: xx-small;\">www.quasarcomunicacion.com.ar<\/span><\/a><span style=\"font-size: xx-small;\"><br \/>\n<\/span><span style=\"font-size: xx-small;\"> <span style=\"color: #ff0000;\">Mail<\/span><b>:<\/b><\/span><span style=\"font-size: xx-small;\"><a href=\"mailto:fernanda@quasarcomunicacion.com.ar\"> fernanda@quasarcomunicacion.com.ar<\/a><\/span><\/p>\n<\/td>\n<\/tr>\n<\/tbody>\n<\/table>\n<\/div>\n","protected":false},"excerpt":{"rendered":"<p>\u00a0El pr\u00f3ximo martes 28 de octubre en Sheraton Libertador, la Asociaci\u00f3n Amigos del Alma organiza una nueva edici\u00f3n de su [&hellip;]<\/p>\n","protected":false},"author":2,"featured_media":5079,"comment_status":"open","ping_status":"open","sticky":false,"template":"","format":"standard","meta":[],"categories":[2],"tags":[],"_links":{"self":[{"href":"https:\/\/quasarcomunicacion.com.ar\/web\/wp-json\/wp\/v2\/posts\/5078"}],"collection":[{"href":"https:\/\/quasarcomunicacion.com.ar\/web\/wp-json\/wp\/v2\/posts"}],"about":[{"href":"https:\/\/quasarcomunicacion.com.ar\/web\/wp-json\/wp\/v2\/types\/post"}],"author":[{"embeddable":true,"href":"https:\/\/quasarcomunicacion.com.ar\/web\/wp-json\/wp\/v2\/users\/2"}],"replies":[{"embeddable":true,"href":"https:\/\/quasarcomunicacion.com.ar\/web\/wp-json\/wp\/v2\/comments?post=5078"}],"version-history":[{"count":0,"href":"https:\/\/quasarcomunicacion.com.ar\/web\/wp-json\/wp\/v2\/posts\/5078\/revisions"}],"wp:featuredmedia":[{"embeddable":true,"href":"https:\/\/quasarcomunicacion.com.ar\/web\/wp-json\/wp\/v2\/media\/5079"}],"wp:attachment":[{"href":"https:\/\/quasarcomunicacion.com.ar\/web\/wp-json\/wp\/v2\/media?parent=5078"}],"wp:term":[{"taxonomy":"category","embeddable":true,"href":"https:\/\/quasarcomunicacion.com.ar\/web\/wp-json\/wp\/v2\/categories?post=5078"},{"taxonomy":"post_tag","embeddable":true,"href":"https:\/\/quasarcomunicacion.com.ar\/web\/wp-json\/wp\/v2\/tags?post=5078"}],"curies":[{"name":"wp","href":"https:\/\/api.w.org\/{rel}","templated":true}]}}