{"id":507,"date":"2012-06-19T17:03:15","date_gmt":"2012-06-19T17:03:15","guid":{"rendered":"http:\/\/quasarcomunicacion.wordpress.com\/?p=507"},"modified":"2012-06-19T17:03:15","modified_gmt":"2012-06-19T17:03:15","slug":"autores-locales-presenta-los-libros-y-los-ninos-2","status":"publish","type":"post","link":"https:\/\/quasarcomunicacion.com.ar\/web\/autores-locales-presenta-los-libros-y-los-ninos-2\/","title":{"rendered":"Autores locales presenta &quot;Los libros y los ni\u00f1os&quot;"},"content":{"rendered":"<p style=\"text-align:left;\" align=\"center\"><strong>\u201cAutores locales\u201d, <\/strong>contin\u00faa en junio con sus actividades. <span style=\"font-size:small;\"> En esta oportunidad, es el turno de los m\u00e1s chicos, para lo cual se da un nuevo encuentro el s\u00e1bado 23 de junio de 15 a 18.30, momento en el cual se presen<\/span><span style=\"font-size:small;\">tar\u00e1 en el <strong>shopping Pilar Point <\/strong>(Estanislao L\u00f3pez e Ituzaing\u00f3, Pilar), y con entrada libre y gratuita para toda la familia, la actividad \u201cLos ni\u00f1os y los libros\u201d.<!--more--><\/span><\/p>\n<p><img loading=\"lazy\" src=\"http:\/\/www.quasarcomunicacion.com.ar\/pilarpoint\/2012\/autoresjunio.gif\" alt=\"\" width=\"500\" height=\"375\" \/><br \/>\n<span style=\"font-size:small;\"> El libro es magia, emoci\u00f3n, secreto y aventura. La infancia que recupera la imaginaci\u00f3n y es capaz de llenar el mundo de palabras, promueve una de las herramientas m\u00e1s hermosas y \u00fatiles que existen y con la cual podr\u00e1n contar los ni\u00f1os por el resto de sus vidas: la creatividad.<\/span><br \/>\n<span style=\"font-size:small;\"> Bajo esta consigna, \u00abAutores Locales\u00bb celebra la creatividad, la infancia y la cultura entonces con este nuevo capitulo escrito esta vez por los m\u00e1s peque\u00f1os.<\/span><br \/>\n<img loading=\"lazy\" src=\"http:\/\/www.quasarcomunicacion.com.ar\/pilarpoint\/2012\/libros.gif\" alt=\"\" width=\"500\" height=\"271\" \/><br \/>\n<span style=\"font-size:small;\"> Ese d\u00eda expondr\u00e1n alumnas y alumnos del nivel primario del Instituto Madre del Divino Pastor de Pilar cuyas poes\u00edas y cuentos, de su autor\u00eda, formaron parte del libro editado en 2011 \u201cPeque\u00f1os Escritores de Pilar\u201d. <\/span><br \/>\n<span style=\"font-size:small;\"> Tambi\u00e9n se presentar\u00e1n alumnas y alumnos de Escuelas P\u00fablicas del Nivel Primario de todo el Distrito, que llevaron adelante una experiencia literaria colectiva transformada en el libro \u00abLetras del Bicentenario\u201d. <\/span><br \/>\n<img loading=\"lazy\" src=\"http:\/\/www.quasarcomunicacion.com.ar\/pilarpoint\/2012\/autoresjunio2.gif\" alt=\"\" width=\"500\" height=\"375\" \/><br \/>\n<span style=\"font-size:small;\"> Siempre con el apoyo del shopping <strong>Pilar Point <\/strong>y Librer\u00eda Matute Libros, en cuyo local ubicado en el primer piso del centro comercial estar\u00e1n exhibidas en la vidriera las dos obras para su venta. el proyecto cultural \u201cAutores locales\u201d buscar\u00e1 promover una vez m\u00e1s, el trabajo de la industria del libro local afianzando en los m\u00e1s chicos el valor de la palabra. <\/span><br \/>\n<span style=\"font-size:small;\"> Para este nuevo cap\u00edtulo sumaron su colaboraci\u00f3n la Inspectora Silvia Mujica y directivos y docentes del IMDP, adem\u00e1s de quienes llevan adelante el espacio. <\/span><br \/>\n<span style=\"font-size:small;\"> Ese d\u00eda tambi\u00e9n, el Club de Arte Media Vuelta, presentar\u00e1 el Espect\u00e1culo de Madera, obra de teatro infantil que llenar\u00e1 de risas y colores la jornada. Y habr\u00e1, para aquellos peque\u00f1os gustadores de juegos de sal\u00f3n o de mesa, Simult\u00e1neas de Ajedrez a cargo de los alumnos del Profesor Marcelo Fern\u00e1ndez Ag\u00fcero.<\/span><br \/>\n<span style=\"font-size:small;\"> Chocolate caliente y bizcochuelo, poes\u00edas, cuentos, globos y teatro, m\u00e1s la presencia y participaci\u00f3n de escritores del Partido de Pilar, formar\u00e1n parte de este nuevo encuentro destinado a promover y fortalecer la identidad local, a trav\u00e9s de la difusi\u00f3n de obras literarias hechas en este lugar del mundo.<\/span><br \/>\n<span style=\"font-size:small;\"> Una nueva p\u00e1gina de \u201cAutores Locales\u201d nos invita a seguir so\u00f1ando la posibilidad de una sociedad m\u00e1s creativa, participativa, integrada y alegre, est\u00e1 vez con los ni\u00f1os y los libros como protagonistas. <\/span><br \/>\n<span style=\"font-size:small;\"> S\u00edntesis del evento<\/span><br \/>\n<span style=\"font-size:small;\"> \u201cAutores locales\u201d te invita a vivir <strong>LOS LIBROS Y LOS NI\u00d1OS<\/strong><br \/>\nS\u00e1bado 23 de junio de 15 a 18.30 hs. en el primer piso del <strong> Shopping Pilar Point<\/strong><br \/>\nPresentaci\u00f3n de los libros \u201cLetras del Bicentenario\u201d y \u201cPeque\u00f1os escritores de Pilar\u201d a cargo de alumnos de escuelas p\u00fablicas y privadas<br \/>\n+ El espect\u00e1culo de Madera<br \/>\n+ simult\u00e1neas de ajedrez<strong><br \/>\nENTRADA LIBRE Y GRATUITA PARA TODA LA FAMILIA<\/strong><\/span><br \/>\nQuienes deseen pueden contactarse v\u00eda mail podr\u00e1n hacerlo escribiendo a <a href=\"mailto:autores_locales@hotmail.com.ar\"> autores_locales@hotmail.com.ar<\/a><\/p>\n","protected":false},"excerpt":{"rendered":"<p>\u201cAutores locales\u201d, contin\u00faa en junio con sus actividades. En esta oportunidad, es el turno de los m\u00e1s chicos, para lo [&hellip;]<\/p>\n","protected":false},"author":2,"featured_media":0,"comment_status":"open","ping_status":"open","sticky":false,"template":"","format":"standard","meta":[],"categories":[2],"tags":[],"_links":{"self":[{"href":"https:\/\/quasarcomunicacion.com.ar\/web\/wp-json\/wp\/v2\/posts\/507"}],"collection":[{"href":"https:\/\/quasarcomunicacion.com.ar\/web\/wp-json\/wp\/v2\/posts"}],"about":[{"href":"https:\/\/quasarcomunicacion.com.ar\/web\/wp-json\/wp\/v2\/types\/post"}],"author":[{"embeddable":true,"href":"https:\/\/quasarcomunicacion.com.ar\/web\/wp-json\/wp\/v2\/users\/2"}],"replies":[{"embeddable":true,"href":"https:\/\/quasarcomunicacion.com.ar\/web\/wp-json\/wp\/v2\/comments?post=507"}],"version-history":[{"count":0,"href":"https:\/\/quasarcomunicacion.com.ar\/web\/wp-json\/wp\/v2\/posts\/507\/revisions"}],"wp:attachment":[{"href":"https:\/\/quasarcomunicacion.com.ar\/web\/wp-json\/wp\/v2\/media?parent=507"}],"wp:term":[{"taxonomy":"category","embeddable":true,"href":"https:\/\/quasarcomunicacion.com.ar\/web\/wp-json\/wp\/v2\/categories?post=507"},{"taxonomy":"post_tag","embeddable":true,"href":"https:\/\/quasarcomunicacion.com.ar\/web\/wp-json\/wp\/v2\/tags?post=507"}],"curies":[{"name":"wp","href":"https:\/\/api.w.org\/{rel}","templated":true}]}}