{"id":5051,"date":"2014-10-07T17:22:50","date_gmt":"2014-10-07T20:22:50","guid":{"rendered":"https:\/\/quasarcomunicacion.com.ar\/web\/?p=5051"},"modified":"2014-10-07T17:22:50","modified_gmt":"2014-10-07T20:22:50","slug":"quasar-comunicacion-fue-sponsor-de-las-jornadas-de-actualizacion-empresaria","status":"publish","type":"post","link":"https:\/\/quasarcomunicacion.com.ar\/web\/quasar-comunicacion-fue-sponsor-de-las-jornadas-de-actualizacion-empresaria\/","title":{"rendered":"Qu\u00e1sar Comunicaci\u00f3n fue sponsor de las Jornadas de Actualizaci\u00f3n Empresaria"},"content":{"rendered":"<h2><span style=\"font-size: 13px;\">La semana pasada se realizaron las d\u00e9cimo segundas \u201cJornadas de Actualizaci\u00f3n Empresaria\u201d, organizadas por el Centro de Capacitaci\u00f3n y Empresa SA (CCyE) en el Centro de Convenciones de la UCA en Puerto Madero. Tres empresas pilarenses participaron por segundo a\u00f1o consecutivo de dicho evento: Pilar HOY; Pilar GPS y Qu\u00e1sar Comunicaci\u00f3n, esta \u00faltima como sponsor de la actividad.<\/span><\/h2>\n<div>\n<!--more--><img alt=\"\" src=\"http:\/\/pilarhoy.com.ar\/images\/stories\/fotos\/2014\/jornadaspost.jpg\" border=\"0\" \/><br \/>\nHugo Aguilera, Gerente Comercial de la Gu\u00eda on line Pilar GPS y Mar\u00eda Fernanda Ipata, directora de la consultora de prensa Qu\u00e1sar Comunicaci\u00f3n fueron los representantes locales.<br \/>\nLos responsables de las empresas participaron de los dos d\u00edas de capacitaci\u00f3n estableciendo nuevos contactos y difundiendo sus actividades entre m\u00e1s de 800 empresarios de todo el pa\u00eds. Las Jornadas est\u00e1n dirigidas a directores de Medianas y Peque\u00f1as Empresas.<br \/>\nLas Jornadas Pymes son consideradas el evento m\u00e1s espec\u00edfico para empresas de servicios, comerciales, industriales o agropecuarias.<br \/>\nDurante el lunes y martes de la semana pasada se abordaron temas como Gesti\u00f3n del Talento, Competencias Directivas, Marketing Online, Diferenciaci\u00f3n, Innovaci\u00f3n, Ventas, Calidad de Vida, Negociaci\u00f3n y Desarrollo Empresarial.<br \/>\nLas \u201cJornadas de Actualizaci\u00f3n Empresaria\u201d brindan herramientas concretas y nuevos enfoques para que el directivo logre una mayor productividad, motivaci\u00f3n personal y dominio de la organizaci\u00f3n, consolidaci\u00f3n de la rentabilidad, criterios y visi\u00f3n de negocios.<br \/>\n<img alt=\"\" src=\"http:\/\/pilarhoy.com.ar\/images\/stories\/fotos\/2014\/jornadas1.jpg\" border=\"0\" \/><br \/>\nEste a\u00f1o, cont\u00f3 con la presencia de disertantes de todo el mundo: Andres Freudenberg (Chile); Jonatan Loidi (Argentina); Eugenia Denari (Argentina); Rodrigo Sa\u00e1 (Chile); Jorge Cuevas (M\u00e9xico); M\u00f3nica Mendoza (Espa\u00f1a); Facundo Manes (Argentina); Francisco Ingouville (Argentina) y Gonzalo Leblanc y Daniel West (Uruguay)<br \/>\nLos especialistas responder\u00e1n a los siguientes interrogantes: \u00bfC\u00f3mo desarrollar y gestionar las capacidades de nuestros empleados?; \u00bfC\u00f3mo parar la pelota y recuperar el dominio de la empresa?; \u00bfC\u00f3mo multiplicar la captaci\u00f3n de clientes a trav\u00e9s de internet?; \u00bfC\u00f3mo crear un valor inigualable en mis productos o servicios?; \u00bfC\u00f3mo recuperar el brillo del negocio a trav\u00e9s de la innovaci\u00f3n?; \u00bfQu\u00e9 claves no conocidas ayudan a concretar m\u00e1s ventas?; \u00bfC\u00f3mo proteger nuestro cerebro de las dificultades de la empresa y de la vida?; \u00bfC\u00f3mo negociar con socios, empleados o familiares? Y \u00bfC\u00f3mo potencializar nuestra capacidad para lograr objetivos?\n<\/div>\n","protected":false},"excerpt":{"rendered":"<p>La semana pasada se realizaron las d\u00e9cimo segundas \u201cJornadas de Actualizaci\u00f3n Empresaria\u201d, organizadas por el Centro de Capacitaci\u00f3n y Empresa [&hellip;]<\/p>\n","protected":false},"author":2,"featured_media":0,"comment_status":"open","ping_status":"open","sticky":false,"template":"","format":"standard","meta":[],"categories":[64],"tags":[],"_links":{"self":[{"href":"https:\/\/quasarcomunicacion.com.ar\/web\/wp-json\/wp\/v2\/posts\/5051"}],"collection":[{"href":"https:\/\/quasarcomunicacion.com.ar\/web\/wp-json\/wp\/v2\/posts"}],"about":[{"href":"https:\/\/quasarcomunicacion.com.ar\/web\/wp-json\/wp\/v2\/types\/post"}],"author":[{"embeddable":true,"href":"https:\/\/quasarcomunicacion.com.ar\/web\/wp-json\/wp\/v2\/users\/2"}],"replies":[{"embeddable":true,"href":"https:\/\/quasarcomunicacion.com.ar\/web\/wp-json\/wp\/v2\/comments?post=5051"}],"version-history":[{"count":0,"href":"https:\/\/quasarcomunicacion.com.ar\/web\/wp-json\/wp\/v2\/posts\/5051\/revisions"}],"wp:attachment":[{"href":"https:\/\/quasarcomunicacion.com.ar\/web\/wp-json\/wp\/v2\/media?parent=5051"}],"wp:term":[{"taxonomy":"category","embeddable":true,"href":"https:\/\/quasarcomunicacion.com.ar\/web\/wp-json\/wp\/v2\/categories?post=5051"},{"taxonomy":"post_tag","embeddable":true,"href":"https:\/\/quasarcomunicacion.com.ar\/web\/wp-json\/wp\/v2\/tags?post=5051"}],"curies":[{"name":"wp","href":"https:\/\/api.w.org\/{rel}","templated":true}]}}