{"id":505,"date":"2012-06-19T17:01:57","date_gmt":"2012-06-19T17:01:57","guid":{"rendered":"http:\/\/quasarcomunicacion.wordpress.com\/?p=505"},"modified":"2012-06-19T17:01:57","modified_gmt":"2012-06-19T17:01:57","slug":"este-sabado-el-espectaculo-de-madera-en-pilar-point","status":"publish","type":"post","link":"https:\/\/quasarcomunicacion.com.ar\/web\/este-sabado-el-espectaculo-de-madera-en-pilar-point\/","title":{"rendered":"Este s\u00e1bado: &quot;El Espect\u00e1culo de Madera&quot;  en Pilar Point"},"content":{"rendered":"<p align=\"center\">Este s\u00e1bado 23 de junio desde las 16 hs, en el patio de Comidas de <strong>Pilar Point<\/strong> una nueva presentaci\u00f3n del Ciclo de espect\u00e1culos para toda la familia con entrada libre y gratuita<strong>. Pilar Point <\/strong> est\u00e1 ubicado en Estanislao L\u00f3pez (ex ruta 8) e Ituzaing\u00f3, en pleno centro de la ciudad y este s\u00e1bado presentar\u00e1 \u00abEl Espect\u00e1culo de Madera\u00bb.<!--more--><\/p>\n<p><img loading=\"lazy\" src=\"http:\/\/www.quasarcomunicacion.com.ar\/pilarpoint\/2012\/madera2.gif\" alt=\"\" width=\"500\" height=\"418\" \/><br \/>\n<span style=\"font-size:small;\"> El cierre ser\u00e1 el <\/span> 30 de junio con la reposici\u00f3n de \u00abM\u00fasica Chiquita\u00bb. Todas las obras est\u00e1n a cargo de la compa\u00f1\u00eda Media Vuelta Club de Artes.<br \/>\n<span style=\"font-size:small;\"> S\u00e1bado 23 &#8211; \u00abEl Espect\u00e1culo de Madera\u00bb<\/span><br \/>\nEl pr\u00f3ximo s\u00e1bado 23 de junio a las 16 hs se pondr\u00e1 en escena el Show para toda la familia \u201cEl espect\u00e1culo de madera\u201d (Unipersonal de Circo)<br \/>\nCon una est\u00e9tica bufonesca, Madera es un personaje habilidoso, \u00e1gil y lleno de gracia; o por lo menos eso cree ser&#8230;<br \/>\nY cuando se presenta mostrando sus elementos malabar\u00edsticos \u2013pelotas que rebotan, sogas, baldes y agua que giran y vuelan- nunca se sabe qui\u00e9n maneja a qui\u00e9n.<br \/>\nEs en ese momento se logra transformar el lugar ya sea plaza, calle, etc., en un espacio esc\u00e9nico, y la gente y los peatones se transforman peatones en un p\u00fablico que r\u00ede, mira, participa y aplaude. Pensado para toda la familia.<br \/>\n<img loading=\"lazy\" src=\"http:\/\/www.quasarcomunicacion.com.ar\/pilarpoint\/2012\/madera3.gif\" alt=\"\" width=\"500\" height=\"334\" \/><br \/>\nUn momento alegre e intrigante.<br \/>\nEl show es interpretado por Iv\u00e1n Larroque, parte de la compa\u00f1\u00eda Media Vuelta.<br \/>\nEs de destacar que <strong>Pilar Point<\/strong> cuenta con seguridad, wi-fi y estacionamiento.<br \/>\n<span style=\"font-size:small;\"> Segu\u00ed a <strong>Pilar Point<\/strong> en <a href=\"http:\/\/www.facebook.com\/pilarpoint\"> www.facebook.com\/pilarpoint<\/a> <\/span><\/p>\n","protected":false},"excerpt":{"rendered":"<p>Este s\u00e1bado 23 de junio desde las 16 hs, en el patio de Comidas de Pilar Point una nueva presentaci\u00f3n [&hellip;]<\/p>\n","protected":false},"author":2,"featured_media":0,"comment_status":"open","ping_status":"open","sticky":false,"template":"","format":"standard","meta":[],"categories":[2],"tags":[],"_links":{"self":[{"href":"https:\/\/quasarcomunicacion.com.ar\/web\/wp-json\/wp\/v2\/posts\/505"}],"collection":[{"href":"https:\/\/quasarcomunicacion.com.ar\/web\/wp-json\/wp\/v2\/posts"}],"about":[{"href":"https:\/\/quasarcomunicacion.com.ar\/web\/wp-json\/wp\/v2\/types\/post"}],"author":[{"embeddable":true,"href":"https:\/\/quasarcomunicacion.com.ar\/web\/wp-json\/wp\/v2\/users\/2"}],"replies":[{"embeddable":true,"href":"https:\/\/quasarcomunicacion.com.ar\/web\/wp-json\/wp\/v2\/comments?post=505"}],"version-history":[{"count":0,"href":"https:\/\/quasarcomunicacion.com.ar\/web\/wp-json\/wp\/v2\/posts\/505\/revisions"}],"wp:attachment":[{"href":"https:\/\/quasarcomunicacion.com.ar\/web\/wp-json\/wp\/v2\/media?parent=505"}],"wp:term":[{"taxonomy":"category","embeddable":true,"href":"https:\/\/quasarcomunicacion.com.ar\/web\/wp-json\/wp\/v2\/categories?post=505"},{"taxonomy":"post_tag","embeddable":true,"href":"https:\/\/quasarcomunicacion.com.ar\/web\/wp-json\/wp\/v2\/tags?post=505"}],"curies":[{"name":"wp","href":"https:\/\/api.w.org\/{rel}","templated":true}]}}