{"id":5046,"date":"2014-10-06T18:34:25","date_gmt":"2014-10-06T21:34:25","guid":{"rendered":"https:\/\/quasarcomunicacion.com.ar\/web\/?p=5046"},"modified":"2014-10-06T18:34:25","modified_gmt":"2014-10-06T21:34:25","slug":"estas-criando-hijos-ansiosos","status":"publish","type":"post","link":"https:\/\/quasarcomunicacion.com.ar\/web\/estas-criando-hijos-ansiosos\/","title":{"rendered":"\u00bfEst\u00e1s criando hijos ansiosos?"},"content":{"rendered":"<p style=\"text-align: left;\" align=\"center\">\u00a0<a href=\"https:\/\/quasarcomunicacion.com.ar\/web\/wp-content\/uploads\/2014\/10\/castro.gif\"><img class=\"alignleft\" alt=\"castro\" src=\"https:\/\/quasarcomunicacion.com.ar\/web\/wp-content\/uploads\/2014\/10\/castro.gif\" \/><\/a><span style=\"font-family: Verdana; font-size: small;\">En el mes de las madres, desde el <\/span><b style=\"font-family: Verdana; font-size: small;\">Centro de Estudios Especializados en Trastornos de Ansiedad<\/b><span style=\"font-family: Verdana; font-size: small;\"> (CEETA), plantean la siguiente pregunta \u00bfest\u00e1s criando ni\u00f1os ansiosos?.<\/span><\/p>\n<p style=\"text-align: left;\" align=\"center\"><span style=\"font-family: Verdana; font-size: small;\"><!--more--><\/span><\/p>\n<p><span style=\"font-family: Verdana; font-size: small;\">Para responderla, confeccion\u00f3 un nuevo estudio sobre la ansiedad en los ni\u00f1os como consecuencia de los patrones de crianza. Los especialistas del <b>CEETA<\/b> aseguran que experimentar la paternidad\/maternidad puede causar en los padres severos trastornos de ansiedad y que, padres ansiosos,\u00a0 pueden criar hijos ansiosos que padecer\u00e1n estos trastornos en un futuro cercano. \u00bfC\u00f3mo enfrentarlos y prevenirlos?<\/span><br \/>\n<span style=\"font-family: Verdana; font-size: small;\">Si bien la llegada de un beb\u00e9 es un hecho muy esperado y feliz en la vida de la mayor\u00eda de las parejas, seg\u00fan el <b>CEETA<\/b>, experimentar la llegada de un hijo puede producir trastornos de ansiedad en la madre y en el padre, como el trastorno de p\u00e1nico, que puede resultar incapacitante para la persona que lo sufre. <\/span><\/p>\n<div align=\"center\"><center><\/p>\n<table width=\"90%\" border=\"0\" cellspacing=\"4\" cellpadding=\"4\">\n<tbody>\n<tr>\n<td bgcolor=\"#ECFFF9\" width=\"100%\"><i> <span style=\"font-family: Verdana; font-size: xx-small;\">Especialistas del CEETA<\/span><\/i><span style=\"font-family: Verdana; font-size: xx-small;\"><i> est\u00e1n disponible para consultas o entrevistas sobre el tema. Comunicarse al 0230-4664772 \u00f3 011-15-6096-4656 para concretarlas o enviar un mail a <a href=\"mailto:fernanda@quasarcomunicacion.com.ar\"> fernanda@quasarcomunicacion.com.ar<\/a> <\/i><\/span><\/td>\n<\/tr>\n<\/tbody>\n<\/table>\n<p>&nbsp;<br \/>\n<\/center><\/div>\n<p><span style=\"font-family: Verdana; font-size: small;\">\u201cEl solo hecho de que nazca un hijo implica un alto grado de estr\u00e9s porque, sobre todo en el caso de una mam\u00e1 primeriza, hay un mont\u00f3n de lenguaje a decodificar a trav\u00e9s del llanto del beb\u00e9 para saber qu\u00e9 es lo que le est\u00e1 pasando. Este estr\u00e9s puede llegar a elevarse demasiado en mujeres que tienen una predisposici\u00f3n a sufrir ataques de ansiedad, lo cual es muy problem\u00e1tico ya que la persona puede quedar incapacitada para realizar distintas actividades de su vida cotidiana\u201d, explica la Lic. Gabriela Mart\u00ednez Castro, directora del <b>CEETA<\/b>. <\/span><br \/>\n<span style=\"font-family: Verdana; font-size: small;\">Para los padres que sufren un trastorno de ansiedad, el temor m\u00e1s grande es que le suceda algo grave a su hijo, como que enferme, muera o tenga un accidente, y siempre llevado a la m\u00e1xima expresi\u00f3n dentro de su cabeza. <\/span><br \/>\n<span style=\"font-family: Verdana; font-size: small;\">Seg\u00fan la Lic. Mart\u00ednez Castro, el tipo de trastorno de ansiedad m\u00e1s com\u00fan que sufren las madres primerizas, o las que acaban de tener un hijo, es el trastorno de p\u00e1nico, en el que se presentan distintos s\u00edntomas f\u00edsicos: \u201cla paciente experimenta la sensaci\u00f3n de estar cerca de la muerte, o la locura, sufre taquicardia, falta de respiraci\u00f3n, ahogo, entre otros efectos\u201d. Esta tipolog\u00eda en particular de trastorno de ansiedad, suele avanzar r\u00e1pidamente y tiene consecuencias graves. <\/span><br \/>\n<b><span style=\"font-family: Verdana; font-size: small;\">Padres de futuros ansiosos <\/span><\/b><br \/>\n<span style=\"font-family: Verdana; font-size: small;\">Desde el <b>CEETA<\/b> tambi\u00e9n explican que muchas madres, que son hipertemerosas con respecto al cuidado de sus hijos, est\u00e1n esculpiendo a futuro personas con trastornos de ansiedad. <\/span><br \/>\n<span style=\"font-family: Verdana; font-size: small;\">Las personas con predisposici\u00f3n a sufrir trastornos de ansiedad generalmente son bastante protectoras, controladoras, temerosas y, por supuesto, en todos sus pensamientos se anticipan a lo peor que puede suceder. <\/span><br \/>\n<span style=\"font-family: Verdana; font-size: small;\">\u201cUna de las consecuencias m\u00e1s importantes que puede tener un trastorno de esta naturaleza es que los hijos repitan un trastorno de ansiedad tal cual lo tienen los padres. Para padecer un trastorno de ansiedad tienen que cumplirse tres condiciones: tener una predisposici\u00f3n gen\u00e9tica a sufrirlo; por otra parte est\u00e1 el tema de la crianza, una mam\u00e1 muy temerosa le est\u00e1 inculcando a su hijo un temor y por \u00faltimo, tiene que haber un episodio desencadenante que genere que ese trastorno de ansiedad se manifieste en la persona\u201d. <\/span><br \/>\n<b><span style=\"font-family: Verdana; font-size: small;\">Recomendaciones <\/span> <\/b><br \/>\n<span style=\"font-family: Verdana; font-size: small;\">Seg\u00fan su experiencia en casos de esta \u00edndole, la Lic. Mart\u00ednez Castro recomienda que los padres trabajen sobre sus propios pensamientos catastr\u00f3ficos a futuro, que es el paso inicial para poder curar este tipo de trastorno. <\/span><br \/>\n<span style=\"font-family: Verdana; font-size: small;\">Tambi\u00e9n para poder trabajar sobre estos pensamientos que son de tipo catastr\u00f3fico y anticipatorio, que dan lugar a trastorno de ansiedad, la Lic. sugiere someterse a un tratamiento de tipo breve, cognitivo-conductual, en el que se trabaja focalizadamente y se ven resultados en cortos per\u00edodos de tiempo. <\/span><br \/>\n<span style=\"font-family: Verdana; font-size: small;\">Durante la terapia uno de los ejercicios m\u00e1s t\u00edpicos a realizar es el afrontamiento, que consiste en poder afrontar de forma gradual y progresiva -habiendo trabajado antes sobre los pensamientos de tipo anticipatorios y catastr\u00f3ficos- aquello que se teme. <\/span><br \/>\n<span style=\"font-family: Verdana; font-size: small;\">\u201cDe esa manera, este tipo de aprendizaje que va adquiriendo la persona se va generalizando a otras \u00e1reas de su vida hasta que no hace falta hacer todo para probar que nada catastr\u00f3fico va a suceder. Con hacer algunas cosas puntuales es suficiente\u201d, finaliza. <\/span><br \/>\n<span style=\"font-family: Verdana; font-size: small;\">El <b>Centro de Estudios Especializados en Trastornos de Ansiedad (CEETA)<\/b> tiene su sede central en el Edificio Concord-Sector Los Almendros-piso segundo Oficina 202. Km 50 de la ruta Panamericana ramal Pilar. Tel\u00e9fono: 0230-4667175 \u00f3 al Celular 15-4416-1578 <a href=\"http:\/\/www.ceeta.org\/\">www.ceeta.org<\/a>\u00a0 Tambi\u00e9n tiene sedes en\u00a0 Parque Patricios, Barrio Norte, Belgrano, San Isidro, Mor\u00f3n. En <b>facebook<\/b>, la fan page es <a href=\"https:\/\/www.facebook.com\/ansiedad.ceeta\"> https:\/\/www.facebook.com\/ansiedad.ceeta<\/a> <\/span><\/p>\n<p align=\"center\"><span style=\"font-family: Verdana; font-size: small;\">Acceso a toda la informaci\u00f3n ingresando en <a href=\"http:\/\/www.quasarcomunicacion.com.ar\/web\/ceeta\"> www.quasarcomunicacion.com.ar\/web\/ceeta<\/a>\u00a0 <\/span><\/p>\n<p align=\"right\"><span style=\"font-size: small;\"><b><i><span style=\"font-family: Arial;\">Por\u00a0 im\u00e1genes, audios o entrevistas no dude en contactarse<br \/>\n<\/span><\/i><\/b><br \/>\n<\/span> <span style=\"font-size: medium;\"><strong> <span style=\"color: #808080; font-family: Arial; font-size: small;\"> Lic. Mar\u00eda Fernanda Ipata<br \/>\nQu\u00e1sar Comunicaci\u00f3n<br \/>\n<\/span> <\/strong><\/span> <span style=\"font-size: xx-small;\"><span style=\"color: #ff0000;\"> Directo<\/span><b>: <\/b><\/span> <span style=\"font-size: xx-small;\">02322-664772<\/span><span style=\"font-size: xx-small;\"><br \/>\n<\/span><span style=\"font-size: xx-small;\"> <span style=\"color: #ff0000;\">M\u00f3vil:<\/span><b> <\/b><\/span> <span style=\"font-size: xx-small;\">02322-15-584535<br \/>\n011-15-6096-4656 ID 558*3763<br \/>\n<\/span><span style=\"color: #ff0000; font-size: xx-small;\"> Skype:<\/span><span style=\"font-size: xx-small;\"> quasarcomunicacion<br \/>\n<\/span><span style=\"color: #ff0000; font-size: xx-small;\"> Twitter:<\/span><span style=\"font-size: xx-small;\"> @quasarpilar<br \/>\n<\/span><span style=\"color: #ff0000; font-size: xx-small;\"> Gr<\/span><span style=\"color: #ff0000; font-size: xx-small;\">upo y p\u00e1gina en Facebook: <\/span> <span style=\"color: #808080; font-size: xx-small;\">www.facebook.com\/<\/span><a href=\"mailto:mfipata@gmail.com\"><span style=\"font-size: xx-small;\">Quasar<\/span><\/a><span style=\"font-size: xx-small;\">Comunicacion<br \/>\n<\/span><span style=\"font-size: xx-small;\"> <span style=\"color: #ff0000;\">LinkedIn<\/span><b>: <\/b><\/span> <a title=\"Ver perfil p\u00fablico\" href=\"http:\/\/ar.linkedin.com\/pub\/mar%C3%83%C2%AD-a-fernanda-ipata\/a\/293\/212\"> <span style=\"font-size: xx-small;\"> http:\/\/ar.linkedin.com\/pub\/mar%C3%AD-a-fernanda-ipata\/a\/293\/212<\/span><\/a><span style=\"font-size: xx-small;\"><br \/>\n<\/span><span style=\"color: #ff0000; font-size: xx-small;\"> Web:<\/span><b><\/b> <a href=\"http:\/\/www.quasarcomunicacion.com.ar\/\"> <span style=\"font-size: xx-small;\">www.quasarcomunicacion.com.ar<\/span><\/a><span style=\"font-size: xx-small;\"><br \/>\n<\/span><span style=\"font-size: xx-small;\"> <span style=\"color: #ff0000;\">Mail<\/span><b>:<\/b><\/span><span style=\"font-size: xx-small;\"> fernanda@quasarcomunicacion.com.ar<\/span><\/p>\n","protected":false},"excerpt":{"rendered":"<p>\u00a0En el mes de las madres, desde el Centro de Estudios Especializados en Trastornos de Ansiedad (CEETA), plantean la siguiente [&hellip;]<\/p>\n","protected":false},"author":2,"featured_media":5047,"comment_status":"open","ping_status":"open","sticky":false,"template":"","format":"standard","meta":[],"categories":[2],"tags":[],"_links":{"self":[{"href":"https:\/\/quasarcomunicacion.com.ar\/web\/wp-json\/wp\/v2\/posts\/5046"}],"collection":[{"href":"https:\/\/quasarcomunicacion.com.ar\/web\/wp-json\/wp\/v2\/posts"}],"about":[{"href":"https:\/\/quasarcomunicacion.com.ar\/web\/wp-json\/wp\/v2\/types\/post"}],"author":[{"embeddable":true,"href":"https:\/\/quasarcomunicacion.com.ar\/web\/wp-json\/wp\/v2\/users\/2"}],"replies":[{"embeddable":true,"href":"https:\/\/quasarcomunicacion.com.ar\/web\/wp-json\/wp\/v2\/comments?post=5046"}],"version-history":[{"count":0,"href":"https:\/\/quasarcomunicacion.com.ar\/web\/wp-json\/wp\/v2\/posts\/5046\/revisions"}],"wp:featuredmedia":[{"embeddable":true,"href":"https:\/\/quasarcomunicacion.com.ar\/web\/wp-json\/wp\/v2\/media\/5047"}],"wp:attachment":[{"href":"https:\/\/quasarcomunicacion.com.ar\/web\/wp-json\/wp\/v2\/media?parent=5046"}],"wp:term":[{"taxonomy":"category","embeddable":true,"href":"https:\/\/quasarcomunicacion.com.ar\/web\/wp-json\/wp\/v2\/categories?post=5046"},{"taxonomy":"post_tag","embeddable":true,"href":"https:\/\/quasarcomunicacion.com.ar\/web\/wp-json\/wp\/v2\/tags?post=5046"}],"curies":[{"name":"wp","href":"https:\/\/api.w.org\/{rel}","templated":true}]}}