{"id":5035,"date":"2014-10-03T13:13:05","date_gmt":"2014-10-03T16:13:05","guid":{"rendered":"https:\/\/quasarcomunicacion.com.ar\/web\/?p=5035"},"modified":"2014-10-03T13:13:05","modified_gmt":"2014-10-03T16:13:05","slug":"seminario-de-capacitacion-tu-vidriera-un-vendedor-infalible-recursos-para-que-tu-vidriera-genere-mas-ventas","status":"publish","type":"post","link":"https:\/\/quasarcomunicacion.com.ar\/web\/seminario-de-capacitacion-tu-vidriera-un-vendedor-infalible-recursos-para-que-tu-vidriera-genere-mas-ventas\/","title":{"rendered":"Seminario de Capacitaci\u00f3n: &quot;Tu vidriera, un vendedor infalible. Recursos para que tu vidriera genere m\u00e1s ventas&quot;"},"content":{"rendered":"<p style=\"text-align: left;\" align=\"center\"><span style=\"font-family: Verdana; font-size: small;\">En el marco del <\/span><b style=\"font-family: Verdana; font-size: small;\">Concurso de Vidrieras en Pilar &#8211; Edici\u00f3n Navidad 2014<\/b><span style=\"font-family: Verdana; font-size: small;\"> se desarrollar\u00e1 el pr\u00f3ximo martes 21 de octubre a las 12 hs en la C\u00e1mara de Comercio de Pilar (SCIPA) ubicada en Pedro Lagrave 563 1\u00ba piso, el Seminario de Capacitaci\u00f3n <\/span><b style=\"font-family: Verdana; font-size: small;\">\u00abTu vidriera, un vendedor infalible. Recursos para que tu vidriera genere m\u00e1s ventas\u00bb <\/b><span style=\"font-family: Verdana; font-size: small;\">a cargo de Zillion Marketing y Design (www.conceptozillion.com)<\/span><strong> <\/strong><\/p>\n<p><span style=\"font-family: Verdana; font-size: small;\">La entrada es libre y gratuita. SOLO SE REQUIERE INSCRIPCION PREVIA completando el siguiente formulario <a href=\"http:\/\/bit.ly\/1AHjb3P\">http:\/\/bit.ly\/1AHjb3P<\/a> o enviando sus datos a <a href=\"mailto:info@emprenderhoy.com.ar\"> info@emprenderhoy.com.ar<\/a> o telef\u00f3nicamente al 011-15-6742-7635<!--more--><\/span><br \/>\n<a href=\"https:\/\/quasarcomunicacion.com.ar\/web\/wp-content\/uploads\/2014\/10\/vidrierazillion.gif\"><img class=\"aligncenter\" alt=\"vidrierazillion\" src=\"https:\/\/quasarcomunicacion.com.ar\/web\/wp-content\/uploads\/2014\/10\/vidrierazillion.gif\" \/><\/a><br \/>\n<span style=\"font-family: Verdana; font-size: small;\">Durante las dos horas que durar\u00e1 el seminario, Paola Castelli, Concept Designer de <b>Zillion<\/b> y Claudia Cobas, Concept Marketing de <b>Zillion<\/b> desarrollar\u00e1n los siguientes conceptos: <\/span><br \/>\n<span style=\"font-family: Verdana; font-size: small;\">\u2022 Metodolog\u00eda AIDA<br \/>\n\u2022 Tu negocio: Identidad e imagen.<br \/>\n\u2022 Creatividad en el uso de materiales.<br \/>\n\u2022 Iluminaci\u00f3n, el secreto m\u00e1s valioso.<br \/>\n\u2022 Claves para destacar el producto.<br \/>\n\u2022 Uso del espacio y soportes.<br \/>\n\u2022 Calendarios de ventas y su aplicaci\u00f3n visual. <\/span><br \/>\n<span style=\"font-family: Verdana; font-size: small;\">Paola Castelli, Concept Designer de <b>Zillion<\/b> es dise\u00f1adora de interiores. Se especializ\u00f3 en store design, visual merchandising, arte e interiorismo en diferentes escuelas de dise\u00f1o<\/span><br \/>\n<span style=\"font-family: Verdana; font-size: small;\">Claudia Cobas, Responsable del \u00e1rea de Marketing de <b>Zillion<\/b>, es Lic. en Administraci\u00f3n de Empresas de la UBA, se especializ\u00f3 en marketing en Espa\u00f1a, donde se desempe\u00f1\u00f3 como Directora de Marketing<\/span><br \/>\n<span style=\"font-family: Verdana; font-size: small;\"><b> Zillion<\/b>, la empresa responsable de la capacitaci\u00f3n, es una consultora especialista en marketing y dise\u00f1o para espacios comerciales creada con el objetivo de mejorar la rentabilidad de las unidades de negocio a trav\u00e9s de una mirada integral; fusionando ambas disciplinas generan estrategias de impacto optimizando recursos.<\/span><br \/>\n<span style=\"font-family: Verdana; font-size: small;\">En esta oportunidad <b> Zillion<\/b> brindara a los participantes del encuentro lineamientos, recursos y tips para la realizaci\u00f3n de una vidriera que provoque atracci\u00f3n e impacto en el transe\u00fante.<\/span><br \/>\n<i> <\/i><span style=\"font-family: Verdana; font-size: small;\">Es de destacar que el Concurso propiamente dicho se realizar\u00e1 en el mes de diciembre y podr\u00e1n participar todos los comerciantes del distrito, incluyendo a todas sus localidades. Un jurado de prestigiosos profesionales relacionados con la tem\u00e1tica juzgar\u00e1 las vidrieras participantes y tambi\u00e9n lo har\u00e1 el p\u00fablico a trav\u00e9s de las redes sociales.<\/span><br \/>\n<span style=\"font-family: Verdana; font-size: small;\">Sin embargo, en el mes de agosto comenzaron las capacitaciones sobre Armado de Vidrieras. El jueves 21 de agosto se realiz\u00f3 la charla <b>\u00abDise\u00f1o de vidrieras: La cara de mi local. Claves para vender m\u00e1s y mejor\u00bb <\/b>a cargo del Vidrierista Decorador de <b>DECOmobi<\/b>, FERNANDO MAZZETTI. <\/span><br \/>\n<span style=\"font-family: Verdana; font-size: small;\">El jueves 25 de septiembre a las 14.30 hs, se dict\u00f3 el taller <b>\u00abFacebook, tu vidriera al mundo\u00bb <\/b>a cargo de la Lic. Mariela Porrini. <\/span><br \/>\n<span style=\"font-family: Verdana; font-size: small;\">Por m\u00e1s informaci\u00f3n pueden ingresar en <a href=\"http:\/\/www.emprenderhoy.com.ar\/\"> www.emprenderhoy.com.ar<\/a> o en la fan page <a href=\"http:\/\/www.facebook.com\/emprenderhoyfanpage\"> www.facebook.com\/emprenderhoyfanpage<\/a>\u00a0 Tambi\u00e9n pueden solicitar m\u00e1s informaci\u00f3n enviando un mail a <a href=\"mailto:info@emprenderhoy.com.ar\"> info@emprenderhoy.com.ar<\/a> <\/span><br \/>\n<span style=\"font-family: Verdana; font-size: small;\">El Concurso de Vidrieras se trata de un proyecto colaborativo que cuenta con el apoyo de la Municipalidad del Pilar; C\u00e1mara de Comerciantes, Industriales,\u00a0 Profesionales, Propietarios y afines de Del Viso; Pilar Point; DECOmobi; Diario Resumen de Pilar; PDI Parque de Inversiones; Peri\u00f3dico El Apogeo; la C\u00e1mara de Comercio de Villa Rosa; la Asociaci\u00f3n Civil de Comerciantes, Industriales, Profesionales y Afines de F\u00e1tima; Ensamble Gr\u00e1fico; Matute Copias; AutoYa Pilar; Pilar Point; FM Plaza; El Diario de Manuel Alberti; Pilar Hoy Noticias; Qu\u00e1sar Comunicaci\u00f3n; MP Motos, El Diario de Pilar, Zillion Marketing &amp; Design, HQ Imagen y Sonido; y Casa Pyme Pilar <\/span><br \/>\n<span style=\"font-family: Verdana; font-size: small;\">\u00abEsta es una iniciativa colectiva. Invitamos a todos los actores que tienen que ver con el mejoramiento del comercio local, algunos se sumaron y otros no, pero todos est\u00e1n y contin\u00faan estando invitados a sumarse y aportar a esta idea que no busca otra cosa que revalorizar el comercio de Pilar. La idea desde <b> Emprender HOY<\/b> es acercar herramientas, muchas veces alejadas de los emprendedores, para que puedan mejorar sus proyectos, en este caso algo tan importante como la vidriera\u00bb, dice la Lic. Mar\u00eda Fernanda Ipata, coordinadora general de <b> Emprender HOY<\/b>.<\/span><br \/>\n<span style=\"font-family: Verdana; font-size: small;\">\u00abNosotros nos caracterizamos por considerarnos una vidriera virtual para todos nuestros clientes, desde la cual pueden mostrar sus productos y servicios al mundo, sin limitaciones de tiempo ni espacio. Por eso nos sumamos al proyecto,\u00a0\u00a0 convencidos que la capacitaci\u00f3n es fundamental para mejorar la situaci\u00f3n actual del comercio. A prop\u00f3sito, nuestro lema es \u00abNo vendemos publicidad, te ayudamos a crecer\u00bb y desde esa premisa es que siempre apoyamos las iniciativas que mejoren el desarrollo de nuestros clientes\u00bb, indica el Gerente Comercial de <b>Pilar GPS (www.pilargps.com.ar)<\/b>, Hugo Aguilera.<\/span><br \/>\n<span style=\"font-family: Verdana; font-size: small;\">Es de destacar la vidriera es el primer contacto entre el cliente y el producto. Una vidriera bien elaborada con creatividad y armon\u00eda, garantiza la atracci\u00f3n del posible comprador y lo invita a ingresar al comercio.<\/span><br \/>\n<span style=\"font-family: Verdana; font-size: small;\">\u00abLa vidriera COMUNICA, y comunicar acertadamente favorece las ventas. La vidriera es la IMAGEN del comercio, y una adecuada IMAGEN permitir\u00e1 un mejor posicionamiento de la marca de la empresa, obteniendo mejores espacios de exhibici\u00f3n y de esa forma distinguirse de la competencia\u00bb, completa Ipata<\/span><br \/>\n<span style=\"font-family: Verdana; font-size: small;\">Una vidriera creativa favorecer\u00e1 el ingreso del potencial cliente aumentando las posibilidades de venta y recordaci\u00f3n.<\/span><br \/>\n<span style=\"font-family: Verdana; font-size: small;\">Con este concurso, los organizadores buscan fomentar la creatividad de los comerciantes en el armado de las vidrieras; generar espacios de intercambio de informaci\u00f3n y capacitaci\u00f3n para los comerciantes sobre \u201cArmado de vidrieras\u201d; valorizar la vidriera como factor clave en las ventas; motivar a los comerciantes para que se esfuercen en el armado de mejores vidrieras que resulten m\u00e1s atractivas para los potenciales clientes y generen un clima de renovaci\u00f3n del comercio local y reconocer el esfuerzo, el trabajo, la creatividad y la calidad de la presentaci\u00f3n de vidrieras de cada local.<\/span><\/p>\n<p align=\"right\"><span style=\"font-size: small;\"><b><i><span style=\"font-family: Arial;\">Por otras im\u00e1genes, audios o entrevistas no dude en contactarse<\/span><\/i><\/b><\/span><\/p>\n<p align=\"right\"><strong> <span style=\"color: #ff0000; font-family: Arial; font-size: small;\">Candela Villanueva<br \/>\n<\/span><\/strong> <span style=\"font-size: medium;\"><strong> <span style=\"color: #808080; font-family: Arial; font-size: small;\"> Qu\u00e1sar Comunicaci\u00f3n<br \/>\n<\/span> <\/strong><\/span> <span style=\"font-size: xx-small;\"><span style=\"color: #ff0000;\"> Directo<\/span><b>: <\/b> 0230<\/span><span style=\"font-size: xx-small;\">-4664772<\/span><span style=\"font-size: xx-small;\"><br \/>\n<\/span><span style=\"font-size: xx-small;\"> <span style=\"color: #ff0000;\">M\u00f3vil:<\/span><b> <\/b> 0230<\/span><span style=\"font-size: xx-small;\">-15-4584535<br \/>\n011-15-6096-4656 ID 558*3763<br \/>\n<\/span><span style=\"color: #ff0000; font-size: xx-small;\"> Skype:<\/span><span style=\"font-size: xx-small;\"> quasarcomunicacion<br \/>\n<\/span><span style=\"color: #ff0000; font-size: xx-small;\"> Twitter:<\/span><span style=\"font-size: xx-small;\"> @quasarpilar<br \/>\n<\/span><span style=\"color: #ff0000; font-size: xx-small;\"> Gr<\/span><span style=\"color: #ff0000; font-size: xx-small;\">upo y p\u00e1gina en Facebook: <\/span> <span style=\"color: #808080; font-size: xx-small;\">www.facebook.com\/<\/span><a href=\"mailto:mfipata@gmail.com\"><span style=\"font-size: xx-small;\">Quasar<\/span><\/a><span style=\"font-size: xx-small;\">Comunicacion<br \/>\n<\/span><span style=\"color: #ff0000; font-size: xx-small;\"> Web:<\/span><b><\/b> <a href=\"http:\/\/www.quasarcomunicacion.com.ar\/\"> <span style=\"font-size: xx-small;\">www.quasarcomunicacion.com.ar<\/span><\/a><span style=\"font-size: xx-small;\"><br \/>\n<\/span><span style=\"font-size: xx-small;\"> <span style=\"color: #ff0000;\">Mail<\/span><b>:<\/b><\/span><span style=\"font-size: xx-small;\"> candela@quasarcomunicacion.com.ar<\/span><\/p>\n","protected":false},"excerpt":{"rendered":"<p>En el marco del Concurso de Vidrieras en Pilar &#8211; Edici\u00f3n Navidad 2014 se desarrollar\u00e1 el pr\u00f3ximo martes 21 de [&hellip;]<\/p>\n","protected":false},"author":2,"featured_media":5036,"comment_status":"open","ping_status":"open","sticky":false,"template":"","format":"standard","meta":[],"categories":[2],"tags":[],"_links":{"self":[{"href":"https:\/\/quasarcomunicacion.com.ar\/web\/wp-json\/wp\/v2\/posts\/5035"}],"collection":[{"href":"https:\/\/quasarcomunicacion.com.ar\/web\/wp-json\/wp\/v2\/posts"}],"about":[{"href":"https:\/\/quasarcomunicacion.com.ar\/web\/wp-json\/wp\/v2\/types\/post"}],"author":[{"embeddable":true,"href":"https:\/\/quasarcomunicacion.com.ar\/web\/wp-json\/wp\/v2\/users\/2"}],"replies":[{"embeddable":true,"href":"https:\/\/quasarcomunicacion.com.ar\/web\/wp-json\/wp\/v2\/comments?post=5035"}],"version-history":[{"count":0,"href":"https:\/\/quasarcomunicacion.com.ar\/web\/wp-json\/wp\/v2\/posts\/5035\/revisions"}],"wp:featuredmedia":[{"embeddable":true,"href":"https:\/\/quasarcomunicacion.com.ar\/web\/wp-json\/wp\/v2\/media\/5036"}],"wp:attachment":[{"href":"https:\/\/quasarcomunicacion.com.ar\/web\/wp-json\/wp\/v2\/media?parent=5035"}],"wp:term":[{"taxonomy":"category","embeddable":true,"href":"https:\/\/quasarcomunicacion.com.ar\/web\/wp-json\/wp\/v2\/categories?post=5035"},{"taxonomy":"post_tag","embeddable":true,"href":"https:\/\/quasarcomunicacion.com.ar\/web\/wp-json\/wp\/v2\/tags?post=5035"}],"curies":[{"name":"wp","href":"https:\/\/api.w.org\/{rel}","templated":true}]}}