{"id":5031,"date":"2014-10-01T17:04:31","date_gmt":"2014-10-01T20:04:31","guid":{"rendered":"https:\/\/quasarcomunicacion.com.ar\/web\/?p=5031"},"modified":"2014-10-01T17:04:31","modified_gmt":"2014-10-01T20:04:31","slug":"capacitacion-como-elegir-un-tratamiento-adecuado-en-tea-en-daicad-pilar","status":"publish","type":"post","link":"https:\/\/quasarcomunicacion.com.ar\/web\/capacitacion-como-elegir-un-tratamiento-adecuado-en-tea-en-daicad-pilar\/","title":{"rendered":"Capacitaci\u00f3n &quot;C\u00f3mo elegir un Tratamiento adecuado en TEA\u201d en DAICAD Pilar"},"content":{"rendered":"<p style=\"text-align: left;\" align=\"center\">\u00a0<span style=\"font-family: Verdana; font-size: small;\">El s\u00e1bado 4 de octubre de 9.30 a 16 horas se llevar\u00e1 a cabo una capacitaci\u00f3n a cargo de la <b>Fundaci\u00f3n DAICAD<\/b> (Dedicada a Individuos con Capacidades Diferentes) y Fundaci\u00f3n Brincar por un Autismo Feliz, la misma tratar\u00e1 sobre<b> \u00abC\u00f3mo elegir un Tratamiento adecuado en TEA\u201d<\/b>. Dicha capacitaci\u00f3n forma parte del Ciclo de Formaciones dirigido a profesionales de la salud, de la educaci\u00f3n, padres y familiares de personas con Trastornos del Espectro Autista (TEA). La misma se brindar\u00e1 en la sede Pilar de <b>DAICAD<\/b> ubicada en colectora Uriburu 4829. F\u00e1tima, Pilar. Prov. de Buenos Aires -Panamericana Colectora Norte Km 61,7.<!--more--><\/span><\/p>\n<p>\u00a0<a href=\"https:\/\/quasarcomunicacion.com.ar\/web\/wp-content\/uploads\/2014\/10\/charla14.gif\"><img class=\"aligncenter\" alt=\"charla14\" src=\"https:\/\/quasarcomunicacion.com.ar\/web\/wp-content\/uploads\/2014\/10\/charla14.gif\" \/><\/a><br \/>\n<span style=\"font-family: Verdana; font-size: small;\">Para contactarse con la <b> Fundaci\u00f3n DAICAD <\/b>enviar un e-mail a <a href=\"mailto:info@fundaciondaicad.org.ar\"> info@fundaciondaicad.org.ar<\/a> o llamar al 0230 44 90177. Para contactarse con la Fundaci\u00f3n Brincar enviar un e-mail a <a href=\"mailto:info@brincarautismofeliz.org.ar\"> info@brincarautismofeliz.org.ar<\/a> o llamar al (011) 4781-4427.<\/span><br \/>\n<span style=\"font-family: Verdana; font-size: small;\">El tema a abordar ser\u00e1 <b>\u00abComo elegir un Tratamiento adecuado en TEA\u201d<\/b> y estar\u00e1 a cargo del Licenciado Mat\u00edas Cadabeira (Psic\u00f3logo especializado en Autismo y S\u00edndrome de Asperger y Co-Autor del libro \u00abAutismo: Gu\u00eda para Padres y Profesionales\u00bb -PAIDOS, 2014) quien tratar\u00e1 la importancia de elegir buenos tratamientos para potencializar el desarrollo de las personas con TEA. El \u201ctraje a medida\u201d dentro del espectro terap\u00e9utico. Distintos modelos de tratamiento, Gu\u00edas de buenas pr\u00e1cticas para el autismo, Casos pr\u00e1cticos y Presentaci\u00f3n del libro Autismo (PAIDOS, 2014) <\/span><br \/>\n<span style=\"font-family: Verdana; font-size: small;\">El valor de la inscripci\u00f3n hasta siete d\u00edas antes de cada capacitaci\u00f3n es de 300 pesos, luego es de 350 pesos. El medio de pago puede realizarse por dep\u00f3sito, transferencia bancaria o pago en efectivo en la sede de la <b>Fundaci\u00f3n DAICAD<\/b> (J. E Uriburu 4829. F\u00e1tima, Pilar. Prov. de Buenos Aires -Panamericana Colectora Norte Km 61,7) o de la Fundaci\u00f3n Brincar. <\/span><br \/>\n<span style=\"font-family: Verdana; font-size: small;\">El taller surge debido a la falta de conocimiento tangible sobre la causalidad \u00fanica de los autismos. Todos los a\u00f1os aparecen m\u00e1s y m\u00e1s modelos terap\u00e9uticos intentando dar respuestas a lo que parece un sin fin de m\u00faltiples causas probables a la hora de entender el enigma TEA. <\/span><br \/>\n<span style=\"font-family: Verdana; font-size: small;\">Es por ello que resulta indispensable que profesionales y padres se informen sobre los cambios que se producen a diario en el mundo de las terapias para el autismo, \u201cy seamos nosotros mismos las personas m\u00e1s flexibles posibles con el fin de ir adapt\u00e1ndonos a los cambios que realizan las personas con TEA a lo largo de su desarrollo, el impacto que producen los s\u00edntomas caracter\u00edsticos a todo nivel, los cambios de paradigma que hay en relaci\u00f3n al universo de las terapias validadas cient\u00edficamente como as\u00ed tambi\u00e9n la terap\u00e9utica alternativa que no implica que, por ser \u201calternativa\u201d, sea de menor valor. La idea principal siempre ser\u00e1, estudiar mejor aquello que se necesita para la persona con autismo en cada momento particular de su vida y la de su familia\u201d indican desde la organizaci\u00f3n del taller.<\/span><br \/>\n<span style=\"font-family: Verdana; font-size: small;\">Para m\u00e1s informaci\u00f3n acerca de las Fundaciones, visitar sus p\u00e1ginas webs: <a href=\"http:\/\/www.brincarautismofeliz.org.ar\/\"> www.brincarautismofeliz.org.ar<\/a>\u00a0 \/ <a href=\"http:\/\/www.fundaciondaicad.org.ar\/\">www.fundaciondaicad.org.ar<\/a>\u00a0 <\/span><br \/>\n<b><span style=\"font-family: Verdana; font-size: small;\">Acerca de la Fundaci\u00f3n DAICAD<\/span><\/b><br \/>\n<span style=\"font-family: Verdana; font-size: xx-small;\">Desde el 5 de septiembre de 2003, la<b> Fundaci\u00f3n DAICAD (Dedicada A Individuos con Capacidades Diferentes)<\/b> comenz\u00f3 a funcionar en una casa quinta alquilada en la localidad de F\u00e1tima (Pilar). All\u00ed comenz\u00f3 a concurrir un grupo de ni\u00f1os y j\u00f3venes con TEA (Trastorno del Espectro Autista)<\/span><br \/>\n<span style=\"font-family: Verdana; font-size: xx-small;\">Desde aqu\u00e9l momento, un equipo interdisciplinario de profesionales especializados en la tem\u00e1tica, los acompa\u00f1a en su crecimiento y desarrollo a trav\u00e9s de un plan educativo terap\u00e9utico. <\/span><br \/>\n<span style=\"font-family: Verdana; font-size: xx-small;\">A\u00f1os m\u00e1s tarde, se recibieron una serie de donaciones que permitieron la construcci\u00f3n del edificio actual del CET (Centro Educativo Terap\u00e9utico), dise\u00f1ado especialmente para poder llevar adelante la tarea educativa que permitiera a sus alumnos alcanzar una plenitud y realizaci\u00f3n acorde a sus capacidades.<\/span><br \/>\n<span style=\"font-family: Verdana; font-size: xx-small;\"><b>DAICAD<\/b>, a trav\u00e9s de personal especializado, busca que la persona desarrolle el m\u00e1ximo grado de autonom\u00eda posible, como as\u00ed tambi\u00e9n su capacidad de interacci\u00f3n y vinculaci\u00f3n con el entorno.<\/span><br \/>\n<span style=\"font-family: Verdana; font-size: xx-small;\">La Fundaci\u00f3n, adem\u00e1s del CET, lleva adelante otras tareas como Cursos y Formaciones de actualizaci\u00f3n y perfeccionamiento en la implementaci\u00f3n de estrategias y recursos a fin de poder orientar a las personas con TEA en su proceso de crecimiento y desarrollo. <\/span><br \/>\n<span style=\"font-family: Verdana; font-size: xx-small;\">La <b>Fundaci\u00f3n DAICAD<\/b> est\u00e1 ubicada sobre colectora de Ruta 8 a la altura de F\u00e1tima, en Pilar, m\u00e1s precisamente en J. E. Uriburu 4829 Km 61.7 Colectora Norte<\/span><br \/>\n<span style=\"font-family: Verdana; font-size: xx-small;\">Toda la informaci\u00f3n institucional de la <b>Fundaci\u00f3n DAICAD<\/b> ingresando en <a href=\"http:\/\/www.fundaciondaicad.org.ar\/\"> www.fundaciondaicad.org.ar<\/a> <\/span><br \/>\n<span style=\"font-size: small;\"><b><i>\u00a0<span style=\"font-family: Arial;\">Por otras im\u00e1genes, audios o entrevistas no dude en contactarse<\/span><\/i><\/b><\/span><\/p>\n<p align=\"center\"><span style=\"font-size: small;\"><b><i> Contactos de Prensa<\/i><\/b><\/span><\/p>\n<div align=\"left\">\n<table width=\"100%\" border=\"1\" cellpadding=\"2\" align=\"left\">\n<tbody>\n<tr>\n<td width=\"50%\">\n<p align=\"left\"><span style=\"font-size: medium;\"><strong> <span style=\"color: #808080; font-family: Arial; font-size: small;\"> Camila Sarmiento &#8211; Asistente de Cuentas<br \/>\n<\/span> <\/strong><\/span> <span style=\"font-size: xx-small;\"><span style=\"color: #ff0000;\"> Directo<\/span><b>: <\/b> 0230<\/span><span style=\"font-size: xx-small;\">-4664772<br \/>\n<\/span><span style=\"color: #ff0000; font-size: xx-small;\"> Skype:<\/span><span style=\"font-size: xx-small;\"> quasarcomunicacion<br \/>\n<\/span><span style=\"color: #ff0000; font-size: xx-small;\"> Twitter:<\/span><span style=\"font-size: xx-small;\"> @quasarpilar<br \/>\n<\/span><span style=\"color: #ff0000; font-size: xx-small;\"> Gr<\/span><span style=\"color: #ff0000; font-size: xx-small;\">upo y p\u00e1gina en Facebook: <\/span> <span style=\"color: #808080; font-size: xx-small;\">www.facebook.com\/<\/span><a href=\"mailto:mfipata@gmail.com\"><span style=\"font-size: xx-small;\">Quasar<\/span><\/a><span style=\"font-size: xx-small;\">Comunicacion<br \/>\n<\/span><span style=\"color: #ff0000; font-size: xx-small;\"> Web:<\/span><b><\/b> <a href=\"http:\/\/www.quasarcomunicacion.com.ar\/\"> <span style=\"font-size: xx-small;\">www.quasarcomunicacion.com.ar<\/span><\/a><\/p>\n<p align=\"left\"><span style=\"font-size: xx-small;\"> <span style=\"color: #ff0000;\">Mail<\/span><b>:<\/b><\/span><span style=\"font-size: xx-small;\"> <a href=\"mailto:fernanda@quasarcomunicacion.com.ar\"> asistente@quasarcomunicacion.com.ar<\/a><\/span><\/p>\n<\/td>\n<td width=\"50%\">\n<p align=\"right\"><span style=\"font-size: medium;\"><strong> <span style=\"color: #808080; font-family: Arial; font-size: small;\"> Lic. Mar\u00eda Fernanda Ipata &#8211; Directora<br \/>\n<\/span> <\/strong><\/span> <span style=\"font-size: xx-small;\"><span style=\"color: #ff0000;\"><br \/>\nDirecto<\/span><b>: <\/b> 0230<\/span><span style=\"font-size: xx-small;\">-4664772<\/span><span style=\"font-size: xx-small;\"><br \/>\n<\/span><span style=\"font-size: xx-small;\"> <span style=\"color: #ff0000;\">M\u00f3vil:<\/span><b> <\/b> 0230<\/span><span style=\"font-size: xx-small;\">-15-4584535<br \/>\n011-15-6096-4656 ID 558*3763<br \/>\n<\/span><span style=\"color: #ff0000; font-size: xx-small;\"> Skype:<\/span><span style=\"font-size: xx-small;\"> quasarcomunicacion<br \/>\n<\/span><span style=\"color: #ff0000; font-size: xx-small;\"> Twitter:<\/span><span style=\"font-size: xx-small;\"> @quasarpilar<br \/>\n<\/span><span style=\"color: #ff0000; font-size: xx-small;\"> Gr<\/span><span style=\"color: #ff0000; font-size: xx-small;\">upo y p\u00e1gina en Facebook: <\/span> <span style=\"color: #808080; font-size: xx-small;\">www.facebook.com\/<\/span><a href=\"mailto:mfipata@gmail.com\"><span style=\"font-size: xx-small;\">Quasar<\/span><\/a><span style=\"font-size: xx-small;\">Comunicacion<br \/>\n<\/span><span style=\"font-size: xx-small;\"> <span style=\"color: #ff0000;\">LinkedIn<\/span><b>:\u00a0 <\/b><\/span> <span style=\"font-size: xx-small;\"><b> <a href=\"http:\/\/www.linkedin.com\/in\/mfipata\"> http:\/\/www.linkedin.com\/in\/mfipata<\/a><\/b><\/span><span style=\"font-size: xx-small;\"><br \/>\n<\/span><span style=\"color: #ff0000; font-size: xx-small;\"> Web:<\/span><b><\/b> <a href=\"http:\/\/www.quasarcomunicacion.com.ar\/\"> <span style=\"font-size: xx-small;\">www.quasarcomunicacion.com.ar<\/span><\/a><span style=\"font-size: xx-small;\"><br \/>\n<\/span><span style=\"font-size: xx-small;\"> <span style=\"color: #ff0000;\"> Mail<\/span><b>:<\/b><\/span><span style=\"font-size: xx-small;\"><a href=\"mailto:fernanda@quasarcomunicacion.com.ar\"> fernanda@quasarcomunicacion.com.ar<\/a><\/span><\/p>\n<\/td>\n<\/tr>\n<\/tbody>\n<\/table>\n<\/div>\n","protected":false},"excerpt":{"rendered":"<p>\u00a0El s\u00e1bado 4 de octubre de 9.30 a 16 horas se llevar\u00e1 a cabo una capacitaci\u00f3n a cargo de la [&hellip;]<\/p>\n","protected":false},"author":2,"featured_media":5032,"comment_status":"open","ping_status":"open","sticky":false,"template":"","format":"standard","meta":[],"categories":[2],"tags":[],"_links":{"self":[{"href":"https:\/\/quasarcomunicacion.com.ar\/web\/wp-json\/wp\/v2\/posts\/5031"}],"collection":[{"href":"https:\/\/quasarcomunicacion.com.ar\/web\/wp-json\/wp\/v2\/posts"}],"about":[{"href":"https:\/\/quasarcomunicacion.com.ar\/web\/wp-json\/wp\/v2\/types\/post"}],"author":[{"embeddable":true,"href":"https:\/\/quasarcomunicacion.com.ar\/web\/wp-json\/wp\/v2\/users\/2"}],"replies":[{"embeddable":true,"href":"https:\/\/quasarcomunicacion.com.ar\/web\/wp-json\/wp\/v2\/comments?post=5031"}],"version-history":[{"count":0,"href":"https:\/\/quasarcomunicacion.com.ar\/web\/wp-json\/wp\/v2\/posts\/5031\/revisions"}],"wp:featuredmedia":[{"embeddable":true,"href":"https:\/\/quasarcomunicacion.com.ar\/web\/wp-json\/wp\/v2\/media\/5032"}],"wp:attachment":[{"href":"https:\/\/quasarcomunicacion.com.ar\/web\/wp-json\/wp\/v2\/media?parent=5031"}],"wp:term":[{"taxonomy":"category","embeddable":true,"href":"https:\/\/quasarcomunicacion.com.ar\/web\/wp-json\/wp\/v2\/categories?post=5031"},{"taxonomy":"post_tag","embeddable":true,"href":"https:\/\/quasarcomunicacion.com.ar\/web\/wp-json\/wp\/v2\/tags?post=5031"}],"curies":[{"name":"wp","href":"https:\/\/api.w.org\/{rel}","templated":true}]}}