{"id":5020,"date":"2014-09-28T21:48:39","date_gmt":"2014-09-29T00:48:39","guid":{"rendered":"https:\/\/quasarcomunicacion.com.ar\/web\/?p=5020"},"modified":"2014-09-28T21:48:39","modified_gmt":"2014-09-29T00:48:39","slug":"se-realizaran-las-primeras-jornadas-nacionales-para-pymes-de-la-utn","status":"publish","type":"post","link":"https:\/\/quasarcomunicacion.com.ar\/web\/se-realizaran-las-primeras-jornadas-nacionales-para-pymes-de-la-utn\/","title":{"rendered":"Se realizar\u00e1n  las Primeras Jornadas Nacionales para Pymes de la UTN"},"content":{"rendered":"<p style=\"text-align: left;\" align=\"center\"><span style=\"font-family: Verdana; font-size: small;\">\u00a0Los d\u00edas mi\u00e9rcoles 8 y jueves 9 de octubre se llevar\u00e1n a cabo las <\/span><b style=\"font-family: Verdana; font-size: small;\">Primeras Jornadas Nacionales para Pymes de la Universidad Tecnol\u00f3gica Nacional \u201cFortaleciendo el Entramado Productivo\u201d<\/b><span style=\"font-family: Verdana; font-size: small;\">, que se realizar\u00e1n en la Facultad Regional General Pacheco de la UTN (Avenida Hip\u00f3lito Yrigoyen 288, General Pachecho) y que a partir de esta edici\u00f3n se replicar\u00e1 anualmente en cada una de las sedes de la casa de altos estudios.. La actividad es no arancelada y se entregar\u00e1n certificados de asistencia. Por informes e inscripciones, enviar un e-mail a <\/span><a style=\"font-family: Verdana; font-size: small;\" href=\"mailto:jornadapymes@frgp.utn.edu.ar\"> jornadapymes@frgp.utn.edu.ar<\/a><span style=\"font-family: Verdana; font-size: small;\"> o bien llamar al +54 (011) 4740-5040 Ext. 138.<!--more--><\/span><\/p>\n<p>\u00a0<a href=\"https:\/\/quasarcomunicacion.com.ar\/web\/wp-content\/uploads\/2014\/09\/pymesutn.gif\"><img class=\"aligncenter\" alt=\"pymesutn\" src=\"https:\/\/quasarcomunicacion.com.ar\/web\/wp-content\/uploads\/2014\/09\/pymesutn.gif\" \/><\/a><br \/>\n<span style=\"font-family: Verdana; font-size: small;\">Los objetivos de dichas jornadas son fomentar el desarrollo de las pymes desde los cimientos de la Universidad, vinculada con la actividad privada, para el fortalecimiento de los pilares fundamentales para el desarrollo de nuestro pa\u00eds. El valor agregado a las materias primas y la generaci\u00f3n y crecimiento de la mano de obra.<\/span><br \/>\n<span style=\"font-family: Verdana; font-size: small;\">El evento est\u00e1 dirigido a alumnos, graduados y docentes de la Universidad Tecnol\u00f3gica Nacional y dem\u00e1s Universidades, Sectores privados (pymes y c\u00e1maras), p\u00fablicos y organismos gubernamentales. <\/span><br \/>\n<span style=\"font-family: Verdana; font-size: small;\">El cronograma de la jornada del <span style=\"text-decoration: underline;\"><b>mi\u00e9rcoles 8 de octubre<\/b><\/span> ser\u00e1 el siguiente:<br \/>\n16.30 horas: Acreditaci\u00f3n.<br \/>\n17.00 horas: Taller \u00abDe las nubes a la tierra\u00bb: \u00bfC\u00f3mo llevar adelante una idea?\u00bb -Lic. Diego M. Guilisasti. Consultor PyMEs \/ Lic. Mar\u00eda Eugenia Clouet. Consultora PyMEs.<br \/>\n18.00 horas: Apertura e Instalaci\u00f3n de las Jornadas -Ing. Eugenio B. Ricciollini. Decano de la Facultad Regional General Pacheco de la UTN \/ Ing. Pablo Rosso. Vicerrector de la UTN.<br \/>\n18.40 horas: Rentabilidad en las PyMEs: el secreto no pasa por hacer m\u00e1s, sino lo correcto -Dr. Juan Carlos Valda. Director de \u201cGrandes PyMEs\u201d.<br \/>\n19.20 horas: De Pacheco al Mundo: \u00bfC\u00f3mo armar una red de representantes comerciales? -Lic. Alicia Verna. Directora de AV Consultores.<br \/>\n20.00 horas: Receso<br \/>\n20.30 horas: Ingenier\u00eda y Sociedad: Una mirada desde la estructura productiva nacional. Ing. Enrique Mart\u00ednez<br \/>\n21.20 horas: Fin de actividad. <\/span><br \/>\n<span style=\"font-family: Verdana; font-size: small;\">Por otro lado, el d\u00eda <span style=\"text-decoration: underline;\"><b> jueves 9 <\/b><\/span>se seguir\u00e1 el siguiente cronograma: <\/span><br \/>\n<span style=\"font-family: Verdana; font-size: small;\">14.30 horas: Reuni\u00f3n de Emprendedores UTN.<br \/>\n16.30 horas: Acreditaci\u00f3n.<br \/>\n17.00 horas: La Formaci\u00f3n de Emprendedores en la Universidad Argentina -Lic. Rub\u00e9n A. Cesar. Consutlor IFAD-ONU.<br \/>\n17.40 horas: Taller \u201cEstrategias digitales para PyMEs y emprendedores \u00bfQui\u00e9n soy yo para hablar en internet?\u201d -Lic. Daniel M. Solar. Socio fundador de Newcycle Digital Agency.<br \/>\n18.40 horas: Escenario actual de las PyMEs -Mg. Mat\u00edas Tombolini. Consultor y columnista econ\u00f3mico.<br \/>\n19.20 horas: Receso.<br \/>\n17.50 horas: Crecimiento, Delegaci\u00f3n y Direcci\u00f3n en la PyME: los roles del fundador-gerente general -Dr. Atilio Penna. Director de Atilio Penna y Asociados.<br \/>\n20.30 horas: La Universidad, la Ciencia y la Industria -Abog. Mart\u00edn R. Gill. Diputado Nacional.<br \/>\n21.10 horas: La Universidad, la Ciencia y la Industria -Ing. Eugenio B. Ricciollini. Decano de la Facultad Regional General Pacheco de la UTN. <\/span><br \/>\n<span style=\"font-family: Verdana; font-size: small;\">Durante ambos d\u00edas se buscar\u00e1 la combinaci\u00f3n de conferencias magistrales con otras eminentemente pr\u00e1cticas, vali\u00e9ndose de din\u00e1micas grupales que faciliten el di\u00e1logo, la construcci\u00f3n colectiva y el aprendizaje. Simult\u00e1neamente se dispondr\u00e1 de un espacio apropiado para que las empresas puedan difundir sus desarrollos y promocionar sus servicios.<\/span><br \/>\n<span style=\"font-family: Verdana; font-size: small;\">El encuentro est\u00e1 organizado por la Secretar\u00eda de Relaciones Institucionales del Rectorado de la UTN (\u00c1rea Pymes), Facultad Regional Pacheco (Secretar\u00eda de Extensi\u00f3n Universitaria) y la Secretar\u00eda de Asuntos Estudiantiles del Rectorado de la UTN. <\/span><br \/>\n<span style=\"font-family: Verdana; font-size: small;\">Para conocer m\u00e1s acerca de las jornadas, visitar el sitio web <a href=\"http:\/\/eventosutnfrgp.com.ar\/\"> http:\/\/eventosutnfrgp.com.ar<\/a><\/span><a href=\"http:\/\/eventosutnfrgp.com.ar\/\">\/<\/a><br \/>\n<span style=\"font-family: Verdana; font-size: small;\">Las Jornadas cuentan con el apoyo de AGGREKO Soluciones de energ\u00eda temporal, la Municipalidad de Tigre, Seguridad Tylor, Grupo Tepsi, Banco Ciudad, Banco Credicoop, Gr\u00faas San Blas, la Confederaci\u00f3n Argentina de la Mediana Empresa (CAME), Emprender HOY, Qu\u00e1sar Comunicaci\u00f3n, Pilar GPS y Pilar HOY.<\/span><\/p>\n<p align=\"right\"><span style=\"font-size: small;\"><b><i><span style=\"font-family: Arial;\">Por otras im\u00e1genes, audios o entrevistas no dude en contactarse<\/span><\/i><\/b><\/span><\/p>\n<p align=\"center\"><span style=\"font-size: small;\"><b><i> Contactos de Prensa<\/i><\/b><\/span><\/p>\n<div align=\"left\">\n<table width=\"100%\" border=\"1\" cellpadding=\"2\" align=\"left\">\n<tbody>\n<tr>\n<td width=\"50%\">\n<p align=\"left\"><span style=\"font-size: medium;\"><strong> <span style=\"color: #808080; font-family: Arial; font-size: small;\"> Camila Sarmiento &#8211; Asistente de Cuentas<br \/>\n<\/span> <\/strong><\/span> <span style=\"font-size: xx-small;\"><span style=\"color: #ff0000;\"> Directo<\/span><b>: <\/b> 0230<\/span><span style=\"font-size: xx-small;\">-4664772<br \/>\n<\/span><span style=\"color: #ff0000; font-size: xx-small;\"> Skype:<\/span><span style=\"font-size: xx-small;\"> quasarcomunicacion<br \/>\n<\/span><span style=\"color: #ff0000; font-size: xx-small;\"> Twitter:<\/span><span style=\"font-size: xx-small;\"> @quasarpilar<br \/>\n<\/span><span style=\"color: #ff0000; font-size: xx-small;\"> Gr<\/span><span style=\"color: #ff0000; font-size: xx-small;\">upo y p\u00e1gina en Facebook: <\/span> <span style=\"color: #808080; font-size: xx-small;\">www.facebook.com\/<\/span><a href=\"mailto:mfipata@gmail.com\"><span style=\"font-size: xx-small;\">Quasar<\/span><\/a><span style=\"font-size: xx-small;\">Comunicacion<br \/>\n<\/span><span style=\"color: #ff0000; font-size: xx-small;\"> Web:<\/span><b><\/b> <a href=\"http:\/\/www.quasarcomunicacion.com.ar\/\"> <span style=\"font-size: xx-small;\">www.quasarcomunicacion.com.ar<\/span><\/a><\/p>\n<p align=\"left\"><span style=\"font-size: xx-small;\"> <span style=\"color: #ff0000;\">Mail<\/span><b>:<\/b><\/span><span style=\"font-size: xx-small;\"> <a href=\"mailto:fernanda@quasarcomunicacion.com.ar\"> asistente@quasarcomunicacion.com.ar<\/a><\/span><\/p>\n<\/td>\n<td width=\"50%\">\n<p align=\"right\"><span style=\"font-size: medium;\"><strong> <span style=\"color: #808080; font-family: Arial; font-size: small;\"> Lic. Mar\u00eda Fernanda Ipata &#8211; Directora<br \/>\n<\/span> <\/strong><\/span> <span style=\"font-size: xx-small;\"><span style=\"color: #ff0000;\"><br \/>\nDirecto<\/span><b>: <\/b> 0230<\/span><span style=\"font-size: xx-small;\">-4664772<\/span><span style=\"font-size: xx-small;\"><br \/>\n<\/span><span style=\"font-size: xx-small;\"> <span style=\"color: #ff0000;\">M\u00f3vil:<\/span><b> <\/b> 0230<\/span><span style=\"font-size: xx-small;\">-15-4584535<br \/>\n011-15-6096-4656 ID 558*3763<br \/>\n<\/span><span style=\"color: #ff0000; font-size: xx-small;\"> Skype:<\/span><span style=\"font-size: xx-small;\"> quasarcomunicacion<br \/>\n<\/span><span style=\"color: #ff0000; font-size: xx-small;\"> Twitter:<\/span><span style=\"font-size: xx-small;\"> @quasarpilar<br \/>\n<\/span><span style=\"color: #ff0000; font-size: xx-small;\"> Gr<\/span><span style=\"color: #ff0000; font-size: xx-small;\">upo y p\u00e1gina en Facebook: <\/span> <span style=\"color: #808080; font-size: xx-small;\">www.facebook.com\/<\/span><a href=\"mailto:mfipata@gmail.com\"><span style=\"font-size: xx-small;\">Quasar<\/span><\/a><span style=\"font-size: xx-small;\">Comunicacion<br \/>\n<\/span><span style=\"font-size: xx-small;\"> <span style=\"color: #ff0000;\">LinkedIn<\/span><b>:\u00a0 <\/b><\/span> <span style=\"font-size: xx-small;\"><b> <a href=\"http:\/\/www.linkedin.com\/in\/mfipata\"> http:\/\/www.linkedin.com\/in\/mfipata<\/a><\/b><\/span><span style=\"font-size: xx-small;\"><br \/>\n<\/span><span style=\"color: #ff0000; font-size: xx-small;\"> Web:<\/span><b><\/b> <a href=\"http:\/\/www.quasarcomunicacion.com.ar\/\"> <span style=\"font-size: xx-small;\">www.quasarcomunicacion.com.ar<\/span><\/a><span style=\"font-size: xx-small;\"><br \/>\n<\/span><span style=\"font-size: xx-small;\"> <span style=\"color: #ff0000;\">Mail<\/span><b>:<\/b><\/span><span style=\"font-size: xx-small;\"><a href=\"mailto:fernanda@quasarcomunicacion.com.ar\"> fernanda@quasarcomunicacion.com.ar<\/a><\/span><\/p>\n<\/td>\n<\/tr>\n<\/tbody>\n<\/table>\n<\/div>\n","protected":false},"excerpt":{"rendered":"<p>\u00a0Los d\u00edas mi\u00e9rcoles 8 y jueves 9 de octubre se llevar\u00e1n a cabo las Primeras Jornadas Nacionales para Pymes de [&hellip;]<\/p>\n","protected":false},"author":2,"featured_media":5021,"comment_status":"open","ping_status":"open","sticky":false,"template":"","format":"standard","meta":[],"categories":[2],"tags":[],"_links":{"self":[{"href":"https:\/\/quasarcomunicacion.com.ar\/web\/wp-json\/wp\/v2\/posts\/5020"}],"collection":[{"href":"https:\/\/quasarcomunicacion.com.ar\/web\/wp-json\/wp\/v2\/posts"}],"about":[{"href":"https:\/\/quasarcomunicacion.com.ar\/web\/wp-json\/wp\/v2\/types\/post"}],"author":[{"embeddable":true,"href":"https:\/\/quasarcomunicacion.com.ar\/web\/wp-json\/wp\/v2\/users\/2"}],"replies":[{"embeddable":true,"href":"https:\/\/quasarcomunicacion.com.ar\/web\/wp-json\/wp\/v2\/comments?post=5020"}],"version-history":[{"count":0,"href":"https:\/\/quasarcomunicacion.com.ar\/web\/wp-json\/wp\/v2\/posts\/5020\/revisions"}],"wp:featuredmedia":[{"embeddable":true,"href":"https:\/\/quasarcomunicacion.com.ar\/web\/wp-json\/wp\/v2\/media\/5021"}],"wp:attachment":[{"href":"https:\/\/quasarcomunicacion.com.ar\/web\/wp-json\/wp\/v2\/media?parent=5020"}],"wp:term":[{"taxonomy":"category","embeddable":true,"href":"https:\/\/quasarcomunicacion.com.ar\/web\/wp-json\/wp\/v2\/categories?post=5020"},{"taxonomy":"post_tag","embeddable":true,"href":"https:\/\/quasarcomunicacion.com.ar\/web\/wp-json\/wp\/v2\/tags?post=5020"}],"curies":[{"name":"wp","href":"https:\/\/api.w.org\/{rel}","templated":true}]}}