{"id":5017,"date":"2014-09-26T18:48:24","date_gmt":"2014-09-26T21:48:24","guid":{"rendered":"https:\/\/quasarcomunicacion.com.ar\/web\/?p=5017"},"modified":"2014-09-26T18:48:24","modified_gmt":"2014-09-26T21:48:24","slug":"terceto-murillo-presenta-su-disco-tensiones-en-el-cirko","status":"publish","type":"post","link":"https:\/\/quasarcomunicacion.com.ar\/web\/terceto-murillo-presenta-su-disco-tensiones-en-el-cirko\/","title":{"rendered":"Terceto Murillo presenta su disco \u201cTensiones\u201d en El Cirko"},"content":{"rendered":"<p style=\"text-align: left;\" align=\"center\"><span style=\"font-family: Verdana; font-size: small;\">\u00a0El d\u00eda s\u00e1bado 4 de octubre a las 21.30 horas <\/span><b style=\"font-family: Verdana; font-size: small;\">Terceto Murillo <\/b><span style=\"font-family: Verdana; font-size: small;\">realizar\u00e1 la presentaci\u00f3n de su primer disco titulado<\/span><b style=\"font-family: Verdana; font-size: small;\"> \u201cTensiones\u201d<\/b><span style=\"font-family: Verdana; font-size: small;\">. El evento se llevar\u00e1 a cabo en El Cirko escuela de M\u00fasica y Artes (Panamericana Ramal Pilar Km 46 calle de acceso a Los Lagartos (CC), Pilar &#8211; Buenos Aires)<\/span><strong> <\/strong><\/p>\n<p><span style=\"font-family: Verdana; font-size: small;\">Las entradas son limitadas y las anticipadas tendr\u00e1n un descuento. Adem\u00e1s, se aceptar\u00e1n donaciones de un alimento no perecedero para el Hogar de Ni\u00f1os San Cayetano. Por informes y reservas comunicarse al 0230 4668 135 o a <a href=\"mailto:info@elcirko.com.ar\"> info@elcirko.com.ar<\/a>\u00a0<!--more--> <\/span><br \/>\n<a href=\"https:\/\/quasarcomunicacion.com.ar\/web\/wp-content\/uploads\/2014\/09\/cirko.gif\"><img class=\"aligncenter\" alt=\"cirko\" src=\"https:\/\/quasarcomunicacion.com.ar\/web\/wp-content\/uploads\/2014\/09\/cirko.gif\" \/><\/a><br \/>\n<span style=\"font-family: Verdana; font-size: small;\">El disco \u201c<b>Tensiones<\/b>\u201d, debut discogr\u00e1fico del tr\u00edo y distribuido por Epsa Music, busca reflejar la fuerza y frescura de su m\u00fasica. Compuesto en su mayor\u00eda por composiciones propias, as\u00ed como tambi\u00e9n por tangos y milongas de diferentes autores y \u00e9pocas, intenta nutrir al g\u00e9nero a trav\u00e9s de la b\u00fasqueda dada por arreglos y sonido propio. <\/span><br \/>\n<span style=\"font-family: Verdana; font-size: small;\">\u201cSomos un grupo de tango, pero no tenemos prejuicios en alejarnos de la ortodoxia del g\u00e9nero -al contrario-, lo cual lo convierte en un espacio maravilloso de experimentaci\u00f3n musical\u201d, se define el tr\u00edo compuesto por Diego Blanco en bajo, Guillermo Paulucci en piano y Miguel Ortiz en guitarra. <\/span><br \/>\n<span style=\"font-family: Verdana; font-size: small;\">Respetando las ra\u00edces de g\u00e9nero pero sin responder a encasillamientos estil\u00edsticos, Terceto Murillo propone su propia mirada tanguera. <\/span><br \/>\n<span style=\"font-family: Verdana; font-size: small;\">Durante el evento se contar\u00e1 con la participaci\u00f3n del artista invitado Jorge Cumbo, y el show estar\u00e1 cubierto por los alumnos de fotograf\u00eda Acci\u00f3n Espacio de Arte. <\/span><br \/>\n<span style=\"font-family: Verdana; font-size: small;\">Para contactarse con <b>Terceto Murillo<\/b>, enviar un e-mail a <a href=\"mailto:tercetomurillo@gmail.com\"> tercetomurillo@gmail.com<\/a> <\/span><br \/>\n<span style=\"font-family: Verdana; font-size: small;\">Para conocer m\u00e1s acerca del Terceto Murillo, visitar su p\u00e1gina en Facebook <a href=\"https:\/\/www.facebook.com\/TercetoMurillo\"> https:\/\/www.facebook.com\/TercetoMurillo<\/a> <\/span><br \/>\n<span style=\"font-family: Verdana; font-size: small;\">En este link podr\u00e1n ver el video de promoci\u00f3n<br \/>\n<a href=\"https:\/\/www.youtube.com\/watch?v=NtmrV0FKrHw\"> https:\/\/www.youtube.com\/watch?v=NtmrV0FKrHw<\/a> o ingresar en el canal de Youtube <a href=\"https:\/\/www.youtube.com\/channel\/UCKJEyY5QdSWG1XDVmMjpz8Q\"> https:\/\/www.youtube.com\/channel\/UCKJEyY5QdSWG1XDVmMjpz8Q<\/a> <\/span><br \/>\n<b><span style=\"font-family: Verdana; font-size: small;\">Acerca de Diego Blanco<\/span><\/b><br \/>\n<span style=\"font-family: Verdana; font-size: xx-small;\"> Diego Blanco, bajista, integr\u00f3 algunas agrupaciones de rock y durante los \u00faltimos diez a\u00f1os se dedico de lleno al tango, integr\u00f3 el tr\u00edo los Due\u00f1os del Cirko junto a Ariel Zarranz, y Guillermo Paulucci, junto a quienes se presentaron en varias ocasiones dentro del escenario porte\u00f1o y la provincia de buenos aires, compartiendo escenario junto a figuras como Rub\u00e9n Ju\u00e1rez, Rodolfo Mederos, Guillermo Fern\u00e1dez, Quinteto Real, Susana Rinaldi, entre otros.<\/span><br \/>\n<span style=\"font-family: Verdana; font-size: xx-small;\">Toc\u00f3 junto a otras figuras del g\u00e9nero como Emilio de la Pe\u00f1a, Alberto Giaimo, Osvaldo \u00abmarinero\u00bb Montes, Ica Novo, Jorge Cumbo, Armando de la Vega, Eleonora Barletta, Nicolas Guerschberg.<br \/>\nAcutalmente y durante los \u00faltimos dos a\u00f1os, su actividad esta dedicada al tr\u00edo \u00abTerceto Murillo\u00bb junto a Miguel Ortiz en Guitarra, y Guillermo Paulucci en piano, con quien acaban de grabar su primer disco \u00abTensiones\u00bb.<\/span><br \/>\n<b><span style=\"font-family: Verdana; font-size: small;\">Acerca de Miguel Ortiz<\/span><\/b><br \/>\n<span style=\"font-family: Verdana; font-size: xx-small;\"> Miguel Ortiz naci\u00f3 en 1970.Es guitarrista y arreglador. <\/span><br \/>\n<span style=\"font-family: Verdana; font-size: xx-small;\">Se form\u00f3 en el Conservatorio Manuel de Falla, y paralelamente estudi\u00f3 m\u00fasica popular con Armando de la vega, Narciso Sa\u00fal y otros maestros de fuste.<\/span><br \/>\n<span style=\"font-family: Verdana; font-size: xx-small;\">Ha realizado -integrando distintos proyectos- 5 giras europeas, participado de las semana de Buenos Aires en Belo Horizonte, y tocado en 3 ediciones del Festival Guitarras del Mundo y en 2 Festivales Internacionales de Tango de la ciudad de Buenos Aires. <\/span><br \/>\n<span style=\"font-family: Verdana; font-size: xx-small;\">Actualmente se desempe\u00f1a como guitarrista en el Terceto Murillo, y en d\u00fao junto a Andrea D\u00edaz, con quienes recorre los caminos de la m\u00fasica argentina <\/span><br \/>\n<span style=\"font-family: Verdana; font-size: xx-small;\"> <a href=\"http:\/\/www.miguelortiz.com.ar\/\">www.miguelortiz.com.ar<\/a>\u00a0 <\/span><br \/>\n<b><span style=\"font-family: Verdana; font-size: small;\">Acerca de Guillermo Paulucci<\/span><\/b><br \/>\n<span style=\"font-family: Verdana; font-size: xx-small;\"> Naci\u00f3 el 29 de Octubre 1982 &#8211; Mor\u00f3n, Buenos Aires<\/span><br \/>\n<span style=\"font-family: Verdana; font-size: xx-small;\">Curs\u00f3 estudios en el Conservatorio Provincial de la ciudad de Jun\u00edn (Bs.As).<\/span><br \/>\n<span style=\"font-family: Verdana; font-size: xx-small;\">Egres\u00f3 de la EPM SADEM (CABA) con el t\u00edtulo de \u00abInt\u00e9rprete de m\u00fasica popular\u00bb.<\/span><br \/>\n<span style=\"font-family: Verdana; font-size: xx-small;\">Integr\u00f3 los siguientes grupos:\u00bbPehuen\u00bb, \u00abGen-T de tango\u00bb, \u00abLos due\u00f1os del cirko\u00bb, \u00abAseismanos tr\u00edo\u00bb, \u00abViol\u00edn en bolsa\u00bb.<\/span><br \/>\n<span style=\"font-family: Verdana; font-size: xx-small;\">Comparti\u00f3 escenarios con artistas como: Rub\u00e9n Juares, Susana Rinaldi, Rodolfo Mederos, Quinteto real, Guillermo Fernandez, entre otros.<\/span><br \/>\n<span style=\"font-family: Verdana; font-size: xx-small;\">Integr\u00f3 los grupos de los siguientes artistas: Jos\u00e9 Angel Trelles, Cesar Isella, Lorena Astudillo, Luciana Panaino, Marcos Lozano grupo, entre otros.<\/span><br \/>\n<span style=\"font-family: Verdana; font-size: xx-small;\">Grab\u00f3 en los siguientes discos \u00abMi ojo izquierdo\u00bb (Marcos Lozano grupo), Dos orillas (Mariana Accinelli &#8211; 2012) \u00abSue\u00f1os de juventud\u00bb (Luciana Panaino -2013), \u00abMarca de agua\u00bb (Claudio Solino &#8211; 2013)<\/span><br \/>\n<span style=\"font-family: Verdana; font-size: xx-small;\">Actualmente integra, como pianista y compositor, el \u00abTerceto Murillo\u00bb con el que se encuentra pr\u00f3ximo a presentar el primer material discogr\u00e1fico titulado \u00abTensiones\u00bb.<\/span><br \/>\n<span style=\"font-size: small;\"><b><i>\u00a0<span style=\"font-family: Arial;\">Por otras im\u00e1genes, audios o entrevistas no dude en contactarse<\/span><\/i><\/b><\/span><\/p>\n<p align=\"center\"><span style=\"font-size: small;\"><b><i> Contactos de Prensa<\/i><\/b><\/span><\/p>\n<div align=\"left\">\n<table width=\"100%\" border=\"1\" cellpadding=\"2\" align=\"left\">\n<tbody>\n<tr>\n<td width=\"50%\">\n<p align=\"left\"><span style=\"font-size: medium;\"><strong> <span style=\"color: #808080; font-family: Arial; font-size: small;\"> Camila Sarmiento &#8211; Asistente de Cuentas<br \/>\n<\/span> <\/strong><\/span> <span style=\"font-size: xx-small;\"><span style=\"color: #ff0000;\"> Directo<\/span><b>: <\/b> 0230<\/span><span style=\"font-size: xx-small;\">-4664772<br \/>\n<\/span><span style=\"color: #ff0000; font-size: xx-small;\"> Skype:<\/span><span style=\"font-size: xx-small;\"> quasarcomunicacion<br \/>\n<\/span><span style=\"color: #ff0000; font-size: xx-small;\"> Twitter:<\/span><span style=\"font-size: xx-small;\"> @quasarpilar<br \/>\n<\/span><span style=\"color: #ff0000; font-size: xx-small;\"> Gr<\/span><span style=\"color: #ff0000; font-size: xx-small;\">upo y p\u00e1gina en Facebook: <\/span> <span style=\"color: #808080; font-size: xx-small;\">www.facebook.com\/<\/span><a href=\"mailto:mfipata@gmail.com\"><span style=\"font-size: xx-small;\">Quasar<\/span><\/a><span style=\"font-size: xx-small;\">Comunicacion<br \/>\n<\/span><span style=\"color: #ff0000; font-size: xx-small;\"> Web:<\/span><b><\/b> <a href=\"http:\/\/www.quasarcomunicacion.com.ar\/\"> <span style=\"font-size: xx-small;\">www.quasarcomunicacion.com.ar<\/span><\/a><\/p>\n<p align=\"left\"><span style=\"font-size: xx-small;\"> <span style=\"color: #ff0000;\">Mail<\/span><b>:<\/b><\/span><span style=\"font-size: xx-small;\"> <a href=\"mailto:fernanda@quasarcomunicacion.com.ar\"> asistente@quasarcomunicacion.com.ar<\/a><\/span><\/p>\n<\/td>\n<td width=\"50%\">\n<p align=\"right\"><span style=\"font-size: medium;\"><strong> <span style=\"color: #808080; font-family: Arial; font-size: small;\"> Lic. Mar\u00eda Fernanda Ipata &#8211; Directora<br \/>\n<\/span> <\/strong><\/span> <span style=\"font-size: xx-small;\"><span style=\"color: #ff0000;\"><br \/>\nDirecto<\/span><b>: <\/b> 0230<\/span><span style=\"font-size: xx-small;\">-4664772<\/span><span style=\"font-size: xx-small;\"><br \/>\n<\/span><span style=\"font-size: xx-small;\"> <span style=\"color: #ff0000;\">M\u00f3vil:<\/span><b> <\/b> 0230<\/span><span style=\"font-size: xx-small;\">-15-4584535<br \/>\n011-15-6096-4656 ID 558*3763<br \/>\n<\/span><span style=\"color: #ff0000; font-size: xx-small;\"> Skype:<\/span><span style=\"font-size: xx-small;\"> quasarcomunicacion<br \/>\n<\/span><span style=\"color: #ff0000; font-size: xx-small;\"> Twitter:<\/span><span style=\"font-size: xx-small;\"> @quasarpilar<br \/>\n<\/span><span style=\"color: #ff0000; font-size: xx-small;\"> Gr<\/span><span style=\"color: #ff0000; font-size: xx-small;\">upo y p\u00e1gina en Facebook: <\/span> <span style=\"color: #808080; font-size: xx-small;\">www.facebook.com\/<\/span><a href=\"mailto:mfipata@gmail.com\"><span style=\"font-size: xx-small;\">Quasar<\/span><\/a><span style=\"font-size: xx-small;\">Comunicacion<br \/>\n<\/span><span style=\"font-size: xx-small;\"> <span style=\"color: #ff0000;\">LinkedIn<\/span><b>:\u00a0 <\/b><\/span> <span style=\"font-size: xx-small;\"><b> <a href=\"http:\/\/www.linkedin.com\/in\/mfipata\"> http:\/\/www.linkedin.com\/in\/mfipata<\/a><\/b><\/span><span style=\"font-size: xx-small;\"><br \/>\n<\/span><span style=\"color: #ff0000; font-size: xx-small;\"> Web:<\/span><b><\/b> <a href=\"http:\/\/www.quasarcomunicacion.com.ar\/\"> <span style=\"font-size: xx-small;\">www.quasarcomunicacion.com.ar<\/span><\/a><span style=\"font-size: xx-small;\"><br \/>\n<\/span><span style=\"font-size: xx-small;\"> <span style=\"color: #ff0000;\"> Mail<\/span><b>:<\/b><\/span><span style=\"font-size: xx-small;\"><a href=\"mailto:fernanda@quasarcomunicacion.com.ar\"> fernanda@quasarcomunicacion.com.ar<\/a><\/span><\/p>\n<\/td>\n<\/tr>\n<\/tbody>\n<\/table>\n<\/div>\n","protected":false},"excerpt":{"rendered":"<p>\u00a0El d\u00eda s\u00e1bado 4 de octubre a las 21.30 horas Terceto Murillo realizar\u00e1 la presentaci\u00f3n de su primer disco titulado [&hellip;]<\/p>\n","protected":false},"author":2,"featured_media":5018,"comment_status":"open","ping_status":"open","sticky":false,"template":"","format":"standard","meta":[],"categories":[2],"tags":[],"_links":{"self":[{"href":"https:\/\/quasarcomunicacion.com.ar\/web\/wp-json\/wp\/v2\/posts\/5017"}],"collection":[{"href":"https:\/\/quasarcomunicacion.com.ar\/web\/wp-json\/wp\/v2\/posts"}],"about":[{"href":"https:\/\/quasarcomunicacion.com.ar\/web\/wp-json\/wp\/v2\/types\/post"}],"author":[{"embeddable":true,"href":"https:\/\/quasarcomunicacion.com.ar\/web\/wp-json\/wp\/v2\/users\/2"}],"replies":[{"embeddable":true,"href":"https:\/\/quasarcomunicacion.com.ar\/web\/wp-json\/wp\/v2\/comments?post=5017"}],"version-history":[{"count":0,"href":"https:\/\/quasarcomunicacion.com.ar\/web\/wp-json\/wp\/v2\/posts\/5017\/revisions"}],"wp:featuredmedia":[{"embeddable":true,"href":"https:\/\/quasarcomunicacion.com.ar\/web\/wp-json\/wp\/v2\/media\/5018"}],"wp:attachment":[{"href":"https:\/\/quasarcomunicacion.com.ar\/web\/wp-json\/wp\/v2\/media?parent=5017"}],"wp:term":[{"taxonomy":"category","embeddable":true,"href":"https:\/\/quasarcomunicacion.com.ar\/web\/wp-json\/wp\/v2\/categories?post=5017"},{"taxonomy":"post_tag","embeddable":true,"href":"https:\/\/quasarcomunicacion.com.ar\/web\/wp-json\/wp\/v2\/tags?post=5017"}],"curies":[{"name":"wp","href":"https:\/\/api.w.org\/{rel}","templated":true}]}}