{"id":4981,"date":"2014-09-19T10:54:10","date_gmt":"2014-09-19T13:54:10","guid":{"rendered":"https:\/\/quasarcomunicacion.com.ar\/web\/?p=4981"},"modified":"2014-09-19T10:54:10","modified_gmt":"2014-09-19T13:54:10","slug":"el-dia-nacional-del-joven-empresario-en-radio-x","status":"publish","type":"post","link":"https:\/\/quasarcomunicacion.com.ar\/web\/el-dia-nacional-del-joven-empresario-en-radio-x\/","title":{"rendered":"El D\u00eda nacional del Joven Empresario en Radio X"},"content":{"rendered":"<p>Nota en vivo al concejal Fabio G\u00f3mez en Rayos X por Radio X Pilar en el D\u00cdA NACIONAL DEL JOVEN EMPRESARIO<img title=\"M\u00e1s...\" alt=\"\" src=\"http:\/\/emprenderhoy.com.ar\/wp-includes\/js\/tinymce\/plugins\/wordpress\/img\/trans.gif\" \/><!--more--><\/p>\n<p>hacer click para escuchar el audio\u00a0<a href=\"http:\/\/www.ivoox.com\/jovenes-empresarios-audios-mp3_rf_3512238_1.html \" target=\"_blank\" rel=\"noopener noreferrer\">http:\/\/www.ivoox.com\/jovenes-empresarios-audios-mp3_rf_3512238_1.html\u00a0<\/a><\/p>\n","protected":false},"excerpt":{"rendered":"<p>Nota en vivo al concejal Fabio G\u00f3mez en Rayos X por Radio X Pilar en el D\u00cdA NACIONAL DEL JOVEN [&hellip;]<\/p>\n","protected":false},"author":2,"featured_media":0,"comment_status":"open","ping_status":"open","sticky":false,"template":"","format":"standard","meta":[],"categories":[42],"tags":[],"_links":{"self":[{"href":"https:\/\/quasarcomunicacion.com.ar\/web\/wp-json\/wp\/v2\/posts\/4981"}],"collection":[{"href":"https:\/\/quasarcomunicacion.com.ar\/web\/wp-json\/wp\/v2\/posts"}],"about":[{"href":"https:\/\/quasarcomunicacion.com.ar\/web\/wp-json\/wp\/v2\/types\/post"}],"author":[{"embeddable":true,"href":"https:\/\/quasarcomunicacion.com.ar\/web\/wp-json\/wp\/v2\/users\/2"}],"replies":[{"embeddable":true,"href":"https:\/\/quasarcomunicacion.com.ar\/web\/wp-json\/wp\/v2\/comments?post=4981"}],"version-history":[{"count":0,"href":"https:\/\/quasarcomunicacion.com.ar\/web\/wp-json\/wp\/v2\/posts\/4981\/revisions"}],"wp:attachment":[{"href":"https:\/\/quasarcomunicacion.com.ar\/web\/wp-json\/wp\/v2\/media?parent=4981"}],"wp:term":[{"taxonomy":"category","embeddable":true,"href":"https:\/\/quasarcomunicacion.com.ar\/web\/wp-json\/wp\/v2\/categories?post=4981"},{"taxonomy":"post_tag","embeddable":true,"href":"https:\/\/quasarcomunicacion.com.ar\/web\/wp-json\/wp\/v2\/tags?post=4981"}],"curies":[{"name":"wp","href":"https:\/\/api.w.org\/{rel}","templated":true}]}}