{"id":4925,"date":"2014-09-08T16:38:13","date_gmt":"2014-09-08T19:38:13","guid":{"rendered":"https:\/\/quasarcomunicacion.com.ar\/web\/?p=4925"},"modified":"2014-09-08T16:38:13","modified_gmt":"2014-09-08T19:38:13","slug":"amigos-del-alma-organiza-su-primer-torneo-de-burako-en-mapuche-cc","status":"publish","type":"post","link":"https:\/\/quasarcomunicacion.com.ar\/web\/amigos-del-alma-organiza-su-primer-torneo-de-burako-en-mapuche-cc\/","title":{"rendered":"Amigos del Alma organiza su primer Torneo de Burako en Mapuche CC"},"content":{"rendered":"<p style=\"text-align: left;\" align=\"center\"><span style=\"font-family: Verdana; font-size: small;\"><a href=\"https:\/\/quasarcomunicacion.com.ar\/web\/wp-content\/uploads\/2014\/09\/burakoamigos.gif\"><img class=\"alignright\" alt=\"burakoamigos\" src=\"https:\/\/quasarcomunicacion.com.ar\/web\/wp-content\/uploads\/2014\/09\/burakoamigos.gif\" \/><\/a>El pr\u00f3ximo viernes 12 de septiembre a las 13.30 hs en Mapuche CC la <\/span><b style=\"font-family: Verdana; font-size: small;\">Asociaci\u00f3n Amigos del Alma<\/b><span style=\"font-family: Verdana; font-size: small;\"> organiza su<\/span><b style=\"font-family: Verdana; font-size: small;\"> 1\u00ba Torneo Solidario de Burako <\/b><span style=\"font-family: Verdana; font-size: small;\">para recaudar fondos para el sostenimiento de los proyectos de la instituci\u00f3n que trabaja con v\u00edctimas de violencia familiar.<!--more--><\/span><\/p>\n<p align=\"left\"><span style=\"font-family: Verdana; font-size: small;\">La inscripci\u00f3n tiene un costo de 120 pesos por persona e incluye un t\u00e9\u00a0 completo. Los participantes deber\u00e1n traer burako propio. Habr\u00e1 importantes premios y sorteos entre los asistentes.<\/span><\/p>\n<p align=\"left\"><span style=\"font-family: Verdana; font-size: small;\">Informes e inscripci\u00f3n comunicarse con la se\u00f1ora Lidia al 011-15-6573-0800 o escribiendo a <a href=\"mailto:marysol@telecentro.com.ar\"> marysol@telecentro.com.ar<\/a>, o tambi\u00e9n con Cristina al mail <a href=\"mailto:villalbacristina@gmail.com\"> villalbacristina@gmail.com<\/a><\/span><\/p>\n<p align=\"left\"><span style=\"font-family: Verdana; font-size: small;\">Es de destacar que <b>Amigos del Alma<\/b> es un proyecto solidario que surge en Pilar en el a\u00f1o 2003. Un a\u00f1o despu\u00e9s, se constituye como una ONG, bajo la forma de Asociaci\u00f3n Civil, y se propone un objetivo: solucionar el d\u00e9ficit de refugios para v\u00edctimas de violencia familiar y concientizar sobre esta problem\u00e1tica.<\/span><\/p>\n<p align=\"left\"><span style=\"font-family: Verdana; font-size: small;\">En marzo del 2013 se inaugur\u00f3 la Casa de Abrigo Pilar. El objetivo de este nuevo espacio es ofrecer asistencia y contenci\u00f3n a las mujeres y ni\u00f1os v\u00edctimas de maltrato, adem\u00e1s de su reinserci\u00f3n social. Cuenta con una capacidad para 27 personas,(madres con ni\u00f1os por violencia familiar y ni\u00f1os por situaciones de abuso o maltrato). Tambi\u00e9n posee equipos t\u00e9cnicos con 4 profesionales (dos trabajadores sociales y dos psic\u00f3logos) y acompa\u00f1antes y est\u00e1 abierta los 365 d\u00edas del a\u00f1o las 24 hs.<\/span><\/p>\n<p align=\"left\"><b><span style=\"font-family: Verdana; font-size: small;\">Acerca de Amigos del Alma<\/span><\/b><\/p>\n<p><span style=\"font-family: Verdana; font-size: xx-small;\"><b>Amigos del Alma<\/b> es un proyecto solidario que surge en Pilar en el a\u00f1o 2003. Un a\u00f1o despu\u00e9s, se constituye como una ONG, bajo la forma de Asociaci\u00f3n Civil, y se propone un objetivo: solucionar el d\u00e9ficit de refugios para v\u00edctimas de violencia familiar y concientizar sobre esta problem\u00e1tica.<br \/>\nSe caracteriza por ser un grupo de amigos comprometidos y con ganas de ayudar sin perder la alegr\u00eda. La violencia intrafamiliar es una problem\u00e1tica que por desarrollarse en el \u00e1mbito \u00edntimo es muy dif\u00edcil de tratar. La intenci\u00f3n es concientizar a la sociedad de \u00e9sta problem\u00e1tica y con los hogares brindar la contenci\u00f3n y abrigo que las v\u00edctimas necesitan para reencauzar sus vidas.<br \/>\nMISI\u00d3N<br \/>\nEl objetivo de los hogares es la asistencia y contenci\u00f3n de las v\u00edctimas de violencia en lo inmediato, y la reinserci\u00f3n social de las mismas en el corto y mediano plazo. Se busca, durante la estad\u00eda de las personas en el hogar, fortalecer la autoestima, restablecer los v\u00ednculos perdidos y acompa\u00f1ar psicol\u00f3gicamente para que puedan lograr reincorporarse a la sociedad desde un nuevo lugar. <\/span><br \/>\n<span style=\"font-family: Verdana; font-size: xx-small;\"><b>OBJETIVOS CUMPLIDOS<\/b><\/span><br \/>\n<span style=\"font-family: Verdana; font-size: xx-small;\">En marzo del 2013 se inaugur\u00f3 la Casa de Abrigo Pilar. Fue un proceso muy largo pero hoy es una realidad. El objetivo de este nuevo espacio es ofrecer asistencia y contenci\u00f3n a las mujeres y ni\u00f1os v\u00edctimas de maltrato, adem\u00e1s de su reinserci\u00f3n social. Cuenta con una capacidad para 27 personas,(madres con ni\u00f1os por violencia familiar y ni\u00f1os por situaciones de abuso o maltrato). Cuenta con equipos t\u00e9cnicos con 4 profesionales (dos trabajadores sociales y dos psic\u00f3logos) y acompa\u00f1antes y est\u00e1 abierta los 365 d\u00edas del a\u00f1o las 24 hs.<\/span><br \/>\n<span style=\"font-family: Verdana; font-size: xx-small;\"><b>NUEVOS PROYECTOS<\/b><\/span><br \/>\n<span style=\"font-family: Verdana; font-size: xx-small;\">La<b> Asociaci\u00f3n Amigos del Alm<\/b>a se encuentra apoyando al Municipio de San Mart\u00edn, en la refacci\u00f3n y equipamiento de la Casa Segura, un dispositivo para albergar mujeres v\u00edctimas de violencia familiar, solas o con sus ni\u00f1os.<br \/>\nA su vez, se encuentra trabajando en la elaboraci\u00f3n de un Proyecto de Ley, para facilitar la inserci\u00f3n laboral de las mujeres en situaci\u00f3n de violencia, conjuntamente con el Consejo Provincial de las Mujeres.<br \/>\nEn lo que se refiere al trabajo realizado para la Prevenci\u00f3n de la Violencia de G\u00e9nero, llevan adelante charlas y talleres informativos con el apoyo del Programa V\u00edctimas contra las Violencias, en escuelas y clubes de f\u00fatbol.<\/span><br \/>\n<b>EVENTOS REALIZADOS<br \/>\n<\/b><br \/>\nGalas ben\u00e9ficas (2007,2008,2009,2010,2011,2013) se realizaron anualmente para recaudar fondos y mediante ellas se afianzan los v\u00ednculos con la comunidad y se da difusi\u00f3n a la obra y a la problem\u00e1tica en s\u00ed. Concurren referentes del mundo empresarial y del espect\u00e1culo, logrando una adhesi\u00f3n muy significativa.<br \/>\nEstos eventos repercuten de manera inmediata en los medios radiales, televisivos y gr\u00e1ficos.<br \/>\n<span style=\"font-family: Verdana; font-size: xx-small;\"><b>EVENTOS PR\u00d3XIMOS<br \/>\n<\/b><br \/>\n<b>Burako Solidario:<\/b> tendr\u00e1 lugar el 12 de septiembre en Mapuche Country Club, Panamericana Ramal Pilar KM 48.5, a las 13 hs. con el fin de recaudar fondos para poder llevar adelante los proyectos. Costo de inscripci\u00f3n: $120.- Importantes premios y sorteos.<br \/>\n<b>Cena Anual: <\/b>se llevar\u00e1 a cabo el 28 de octubre en el Sheraton Libertador, A. C\u00f3rdoba 690, CABA y contar\u00e1 como siempre con importantes shows, presencia de famosos y empresas que acompa\u00f1an durante toda su trayectoria a la asociaci\u00f3n<\/span><br \/>\n<b>Contacto<\/b>:<br \/>\ninfo@amigosdelalma.org.ar<br \/>\nfacebook\/amigosdelalmaADA<br \/>\n@amigosalma<br \/>\n54 9 11 5005 0905<\/p>\n<p align=\"left\"><span style=\"font-size: small;\"><b><i><span style=\"font-family: Arial;\">Por otras im\u00e1genes, audios o entrevistas no dude en contactarse<\/span><\/i><\/b><\/span><\/p>\n<p align=\"center\"><span style=\"font-size: small;\"><b><i> Contactos de Prensa<\/i><\/b><\/span><\/p>\n<div align=\"left\">\n<table width=\"100%\" border=\"1\" cellpadding=\"2\" align=\"left\">\n<tbody>\n<tr>\n<td width=\"50%\">\n<p align=\"left\"><span style=\"font-size: medium;\"><strong> <span style=\"color: #808080; font-family: Arial; font-size: small;\"> Camila Sarmiento &#8211; Asistente de Cuentas<\/span><\/strong><\/span><\/p>\n<p><span style=\"font-size: xx-small;\"><span style=\"color: #ff0000;\"> Directo<\/span><b>: <\/b> 0230<\/span><span style=\"font-size: xx-small;\">-4664772<br \/>\n<\/span><span style=\"color: #ff0000; font-size: xx-small;\"> Skype:<\/span><span style=\"font-size: xx-small;\"> quasarcomunicacion<br \/>\n<\/span><span style=\"color: #ff0000; font-size: xx-small;\"> Twitter:<\/span><span style=\"font-size: xx-small;\"> @quasarpilar<br \/>\n<\/span><span style=\"color: #ff0000; font-size: xx-small;\"> Gr<\/span><span style=\"color: #ff0000; font-size: xx-small;\">upo y p\u00e1gina en Facebook: <\/span> <span style=\"color: #808080; font-size: xx-small;\">www.facebook.com\/<\/span><a href=\"mailto:mfipata@gmail.com\"><span style=\"font-size: xx-small;\">Quasar<\/span><\/a><span style=\"font-size: xx-small;\">Comunicacion<br \/>\n<\/span><span style=\"color: #ff0000; font-size: xx-small;\"> Web:<\/span><b><\/b> <a href=\"http:\/\/www.quasarcomunicacion.com.ar\/\"> <span style=\"font-size: xx-small;\">www.quasarcomunicacion.com.ar<\/span><\/a><\/p>\n<p align=\"left\"><span style=\"font-size: xx-small;\"> <span style=\"color: #ff0000;\">Mail<\/span><b>:<\/b><\/span><span style=\"font-size: xx-small;\"> <a href=\"mailto:fernanda@quasarcomunicacion.com.ar\"> asistente@quasarcomunicacion.com.ar<\/a><\/span><\/p>\n<\/td>\n<td width=\"50%\">\n<p align=\"right\"><span style=\"font-size: medium;\"><strong> <span style=\"color: #808080; font-family: Arial; font-size: small;\"> Lic. Mar\u00eda Fernanda Ipata &#8211; Directora<br \/>\n<\/span> <\/strong><\/span> <span style=\"font-size: xx-small;\"><span style=\"color: #ff0000;\"><br \/>\nDirecto<\/span><b>: <\/b> 0230<\/span><span style=\"font-size: xx-small;\">-4664772<\/span><span style=\"font-size: xx-small;\"><br \/>\n<\/span><span style=\"font-size: xx-small;\"> <span style=\"color: #ff0000;\">M\u00f3vil:<\/span><b> <\/b> 0230<\/span><span style=\"font-size: xx-small;\">-15-4584535<br \/>\n011-15-6096-4656 ID 558*3763<br \/>\n<\/span><span style=\"color: #ff0000; font-size: xx-small;\"> Skype:<\/span><span style=\"font-size: xx-small;\"> quasarcomunicacion<br \/>\n<\/span><span style=\"color: #ff0000; font-size: xx-small;\"> Twitter:<\/span><span style=\"font-size: xx-small;\"> @quasarpilar<br \/>\n<\/span><span style=\"color: #ff0000; font-size: xx-small;\"> Gr<\/span><span style=\"color: #ff0000; font-size: xx-small;\">upo y p\u00e1gina en Facebook: <\/span> <span style=\"color: #808080; font-size: xx-small;\">www.facebook.com\/<\/span><a href=\"mailto:mfipata@gmail.com\"><span style=\"font-size: xx-small;\">Quasar<\/span><\/a><span style=\"font-size: xx-small;\">Comunicacion<br \/>\n<\/span><span style=\"font-size: xx-small;\"> <span style=\"color: #ff0000;\">LinkedIn<\/span><b>:\u00a0 <\/b><\/span> <span style=\"font-size: xx-small;\"><b> <a href=\"http:\/\/www.linkedin.com\/in\/mfipata\"> http:\/\/www.linkedin.com\/in\/mfipata<\/a><\/b><\/span><span style=\"font-size: xx-small;\"><br \/>\n<\/span><span style=\"color: #ff0000; font-size: xx-small;\"> Web:<\/span><b><\/b> <a href=\"http:\/\/www.quasarcomunicacion.com.ar\/\"> <span style=\"font-size: xx-small;\">www.quasarcomunicacion.com.ar<\/span><\/a><span style=\"font-size: xx-small;\"><br \/>\n<\/span><span style=\"font-size: xx-small;\"> <span style=\"color: #ff0000;\">Mail<\/span><b>:<\/b><\/span><span style=\"font-size: xx-small;\"><a href=\"mailto:fernanda@quasarcomunicacion.com.ar\"> fernanda@quasarcomunicacion.com.ar<\/a><\/span><\/p>\n<\/td>\n<\/tr>\n<\/tbody>\n<\/table>\n<\/div>\n","protected":false},"excerpt":{"rendered":"<p>El pr\u00f3ximo viernes 12 de septiembre a las 13.30 hs en Mapuche CC la Asociaci\u00f3n Amigos del Alma organiza su [&hellip;]<\/p>\n","protected":false},"author":2,"featured_media":4926,"comment_status":"open","ping_status":"open","sticky":false,"template":"","format":"standard","meta":[],"categories":[2],"tags":[],"_links":{"self":[{"href":"https:\/\/quasarcomunicacion.com.ar\/web\/wp-json\/wp\/v2\/posts\/4925"}],"collection":[{"href":"https:\/\/quasarcomunicacion.com.ar\/web\/wp-json\/wp\/v2\/posts"}],"about":[{"href":"https:\/\/quasarcomunicacion.com.ar\/web\/wp-json\/wp\/v2\/types\/post"}],"author":[{"embeddable":true,"href":"https:\/\/quasarcomunicacion.com.ar\/web\/wp-json\/wp\/v2\/users\/2"}],"replies":[{"embeddable":true,"href":"https:\/\/quasarcomunicacion.com.ar\/web\/wp-json\/wp\/v2\/comments?post=4925"}],"version-history":[{"count":0,"href":"https:\/\/quasarcomunicacion.com.ar\/web\/wp-json\/wp\/v2\/posts\/4925\/revisions"}],"wp:featuredmedia":[{"embeddable":true,"href":"https:\/\/quasarcomunicacion.com.ar\/web\/wp-json\/wp\/v2\/media\/4926"}],"wp:attachment":[{"href":"https:\/\/quasarcomunicacion.com.ar\/web\/wp-json\/wp\/v2\/media?parent=4925"}],"wp:term":[{"taxonomy":"category","embeddable":true,"href":"https:\/\/quasarcomunicacion.com.ar\/web\/wp-json\/wp\/v2\/categories?post=4925"},{"taxonomy":"post_tag","embeddable":true,"href":"https:\/\/quasarcomunicacion.com.ar\/web\/wp-json\/wp\/v2\/tags?post=4925"}],"curies":[{"name":"wp","href":"https:\/\/api.w.org\/{rel}","templated":true}]}}