{"id":4912,"date":"2014-09-03T15:40:40","date_gmt":"2014-09-03T18:40:40","guid":{"rendered":"https:\/\/quasarcomunicacion.com.ar\/web\/?p=4912"},"modified":"2014-09-03T15:40:40","modified_gmt":"2014-09-03T18:40:40","slug":"secretarias-tips-para-no-estresarse","status":"publish","type":"post","link":"https:\/\/quasarcomunicacion.com.ar\/web\/secretarias-tips-para-no-estresarse\/","title":{"rendered":"Secretarias: tips para no estresarse"},"content":{"rendered":"<p style=\"text-align: left;\" align=\"center\"><span style=\"font-family: Verdana; font-size: small;\"><a href=\"https:\/\/quasarcomunicacion.com.ar\/web\/wp-content\/uploads\/2014\/09\/secretaria.gif\"><img class=\"alignright\" alt=\"secretaria\" src=\"https:\/\/quasarcomunicacion.com.ar\/web\/wp-content\/uploads\/2014\/09\/secretaria.gif\" \/><\/a>Se viene un nuevo D\u00eda de la Secretaria, y desde el <\/span><b style=\"font-family: Verdana; font-size: small;\">Centro de Estudios Especializados en Trastornos de Ansiedad (CEETA)<\/b><span style=\"font-family: Verdana; font-size: small;\">, brindan algunos consejos para no estresarse desempe\u00f1ando uno de los trabajos en relaci\u00f3n de dependencia m\u00e1s proclives a sufrir trastornos de ansiedad en comparaci\u00f3n con otros que trabajan de manera independiente.<!--more--><\/span><\/p>\n<p><span style=\"font-family: Verdana; font-size: small;\">La directora del <b>CEETA<\/b>, la Lic. Gabriela Mart\u00ednez Castro, da algunos lineamientos para que la tarea de la secretaria no derive en un pico de estr\u00e9s.<\/span><br \/>\n<span style=\"font-family: Verdana; font-size: small;\">\u00abEs importante que la profesional aprenda a colocar l\u00edmites; que pueda delegar algunas tareas y que no intente controlarlo todo\u00bb, indica Mart\u00ednez Castro.<\/span><br \/>\n<span style=\"font-family: Verdana; font-size: small;\">Tambi\u00e9n agrega que \u00abdebe equilibrar los tiempos entre obligaciones y ocio y deber\u00e1 procurarse proporcionarse a s\u00ed mismo peque\u00f1as satisfacciones cotidianas\u00bb. Otro punto trascendente es \u00abhacer uso de agenda\u00bb para poder programar las actividades.<\/span><br \/>\n<span style=\"font-family: Verdana; font-size: small;\">Retomando al tema que hace del secretariado una de las profesiones con altos grados de estr\u00e9s, la especialista indica que \u201cesto se debe en parte a que en su labor diaria, las secretarias conviven con muchas presiones laborales y tienen que cumplir con ciertas \u00f3rdenes y exigencias, que reciben de sus jefes\u201d, explica la Lic. Gabriela Mart\u00ednez Castro, Directora del <b>CEETA<\/b>.<\/span><br \/>\n<span style=\"font-family: Verdana; font-size: small;\">\u201cAdem\u00e1s, en la actualidad, es muy com\u00fan que los trabajadores tengan que ocuparse de una gran cantidad de tareas, en un tiempo determinado y deban asumir roles que antes no les correspond\u00edan\u201d, agrega Mart\u00ednez Castro.<\/span><br \/>\n<span style=\"font-family: Verdana; font-size: small;\">Los pico de estr\u00e9s laboral afectan preferentemente a los profesionales, quienes, se esfuerzan desmedidamente y de forma sostenida en el tiempo, lo cual origina grandes riesgos de contraer enfermedades, afectando, parad\u00f3jicamente, su rendimiento laboral y su calidad de vida.<\/span><br \/>\n<span style=\"font-family: Verdana; font-size: small;\">Seg\u00fan Mart\u00ednez Castro, \u201cel trastorno de ansiedad m\u00e1s caracter\u00edstico, en estos casos, ser\u00eda el Trastorno por Ansiedad Generalizada, caracterizado por una preocupaci\u00f3n excesiva que siente la persona ante determinados hechos de la vida cotidiana, como la exigencia laboral\u201d.<\/span><\/p>\n<div align=\"center\"><center><\/p>\n<table width=\"90%\" border=\"0\" cellspacing=\"4\" cellpadding=\"4\">\n<tbody>\n<tr>\n<td bgcolor=\"#ECFFF9\" width=\"100%\"><i> <span style=\"font-family: Verdana; font-size: xx-small;\">Especialistas del CEETA<\/span><\/i><span style=\"font-family: Verdana; font-size: xx-small;\"><i> est\u00e1n disponible para consultas o entrevistas sobre el tema. Comunicarse al 0230-4664772 \u00f3 011-15-6096-4656 para concretarlas o enviar un mail a <a href=\"mailto:fernanda@quasarcomunicacion.com.ar\"> fernanda@quasarcomunicacion.com.ar<\/a> <\/i><\/span><\/td>\n<\/tr>\n<\/tbody>\n<\/table>\n<p><\/center><\/div>\n<p><span style=\"font-family: Verdana; font-size: small;\">La especialista asegura que, \u201caquellos que no pueden sustraerse de estas preocupaciones, pueden sufrir manifestaciones de tipo f\u00edsicas, como palpitaciones, taquicardia, sudoraci\u00f3n, problemas gastrointestinales, dolores de pecho, etc. O padecimientos ps\u00edquicos, tales como preocupaci\u00f3n excesiva, irritabilidad, insomnio, tristeza y sentimientos permanentes de angustia\u201d. <\/span><br \/>\n<span style=\"font-family: Verdana; font-size: small;\">Ante este tipo de situaci\u00f3n lo primero que se debe hacer es diferenciar si se trata de una cuesti\u00f3n biol\u00f3gica o un ataque de ansiedad, lo que puede descartarse con un chequeo m\u00e9dico. \u201cSiempre hay que tener en cuenta que tal vez estamos ante un cuadro biol\u00f3gico y no ante un simple cuadro de ansiedad. Los trastornos de ansiedad, muchas veces se confunden con enfermedades, por sus s\u00edntomas\u201d, sostiene.<\/span><br \/>\n<span style=\"font-family: Verdana; font-size: small;\">\u201cCuando la persona detecta este tipo de s\u00edntomas debe ir al m\u00e9dico quien, luego de hacer los chequeos correspondientes, deriva al paciente con trastornos de ansiedad con un especialista\u201d, contin\u00faa.<br \/>\nFinalmente, se recomienda que quienes sufren de alguna de estas patolog\u00edas pidan ayuda, ya que cuando se llega a una situaci\u00f3n en la que aparece un trastorno de este tipo la persona corre el riesgo de que incapacite su vida.<\/span><\/p>\n<div align=\"center\"><center><\/p>\n<table width=\"90%\" border=\"0\" cellspacing=\"4\" cellpadding=\"4\">\n<tbody>\n<tr>\n<td bgcolor=\"#ECFFF9\" width=\"100%\"><i> <span style=\"font-family: Verdana; font-size: xx-small;\">Especialistas del CEETA<\/span><\/i><span style=\"font-family: Verdana; font-size: xx-small;\"><i> est\u00e1n disponible para consultas o entrevistas sobre el tema. Comunicarse al 0230-4664772 \u00f3 011-15-6096-4656 para concretarlas o enviar un mail a <a href=\"mailto:fernanda@quasarcomunicacion.com.ar\"> fernanda@quasarcomunicacion.com.ar<\/a> <\/i><\/span><\/td>\n<\/tr>\n<\/tbody>\n<\/table>\n<p><\/center><\/div>\n<p><span style=\"font-family: Verdana; font-size: small;\">El <b>Centro de Estudios Especializados en Trastornos de Ansiedad (CEETA)<\/b> tiene su sede central en el Edificio Concord-Sector Los Almendros-piso segundo Oficina 202. Km 50 de la ruta Panamericana ramal Pilar. Tel\u00e9fono: 0230-4667175 \u00f3 al Celular 15-4416-1578 <a href=\"http:\/\/www.ceeta.org\/\">www.ceeta.org<\/a>\u00a0 Tambi\u00e9n <\/span><span style=\"font-family: Verdana; font-size: small;\">tiene sedes en\u00a0 Parque Patricios, Barrio Norte, Belgrano, San Isidro, Mor\u00f3n. En <b>facebook<\/b>, la fan page es <a href=\"https:\/\/www.facebook.com\/ansiedad.ceeta\"> https:\/\/www.facebook.com\/ansiedad.ceeta<\/a> <\/span><\/p>\n<p align=\"center\"><span style=\"font-family: Verdana; font-size: small;\">Acceso a toda la informaci\u00f3n ingresando en <a href=\"http:\/\/www.quasarcomunicacion.com.ar\/ceeta\"> www.quasarcomunicacion.com.ar\/web\/ceeta<\/a> <\/span><\/p>\n<p align=\"right\"><span style=\"font-size: small;\"><b><i><span style=\"font-family: Arial;\">Por\u00a0 im\u00e1genes, audios o entrevistas no dude en contactarse<\/span><\/i><\/b><\/span><\/p>\n<p align=\"center\"><span style=\"font-size: small;\"><b><i> Contactos de Prensa<\/i><\/b><\/span><\/p>\n<div align=\"left\">\n<table width=\"100%\" border=\"1\" cellpadding=\"2\" align=\"left\">\n<tbody>\n<tr>\n<td width=\"50%\">\n<p align=\"left\"><span style=\"font-size: medium;\"><strong> <span style=\"color: #808080; font-family: Arial; font-size: small;\"> Camila Sarmiento &#8211; Asistente de Cuentas<br \/>\n<\/span> <\/strong><\/span> <span style=\"font-size: xx-small;\"><span style=\"color: #ff0000;\"> Directo<\/span><b>: <\/b> 0230<\/span><span style=\"font-size: xx-small;\">-4664772<br \/>\n<\/span><span style=\"color: #ff0000; font-size: xx-small;\"> Skype:<\/span><span style=\"font-size: xx-small;\"> quasarcomunicacion<br \/>\n<\/span><span style=\"color: #ff0000; font-size: xx-small;\"> Twitter:<\/span><span style=\"font-size: xx-small;\"> @quasarpilar<br \/>\n<\/span><span style=\"color: #ff0000; font-size: xx-small;\"> Gr<\/span><span style=\"color: #ff0000; font-size: xx-small;\">upo y p\u00e1gina en Facebook: <\/span> <span style=\"color: #808080; font-size: xx-small;\">www.facebook.com\/<\/span><a href=\"mailto:mfipata@gmail.com\"><span style=\"font-size: xx-small;\">Quasar<\/span><\/a><span style=\"font-size: xx-small;\">Comunicacion<br \/>\n<\/span><span style=\"color: #ff0000; font-size: xx-small;\"> Web:<\/span><b><\/b> <a href=\"http:\/\/www.quasarcomunicacion.com.ar\/\"> <span style=\"font-size: xx-small;\">www.quasarcomunicacion.com.ar<\/span><\/a><\/p>\n<p align=\"left\"><span style=\"font-size: xx-small;\"> <span style=\"color: #ff0000;\">Mail<\/span><b>:<\/b><\/span><span style=\"font-size: xx-small;\"> <a href=\"mailto:fernanda@quasarcomunicacion.com.ar\"> asistente@quasarcomunicacion.com.ar<\/a><\/span><\/p>\n<\/td>\n<td width=\"50%\">\n<p align=\"right\"><span style=\"font-size: medium;\"><strong> <span style=\"color: #808080; font-family: Arial; font-size: small;\"> Lic. Mar\u00eda Fernanda Ipata &#8211; Directora<br \/>\n<\/span> <\/strong><\/span> <span style=\"font-size: xx-small;\"><span style=\"color: #ff0000;\"><br \/>\nDirecto<\/span><b>: <\/b> 0230<\/span><span style=\"font-size: xx-small;\">-4664772<\/span><span style=\"font-size: xx-small;\"><br \/>\n<\/span><span style=\"font-size: xx-small;\"> <span style=\"color: #ff0000;\">M\u00f3vil:<\/span><b> <\/b> 0230<\/span><span style=\"font-size: xx-small;\">-15-4584535<br \/>\n011-15-6096-4656 ID 558*3763<br \/>\n<\/span><span style=\"color: #ff0000; font-size: xx-small;\"> Skype:<\/span><span style=\"font-size: xx-small;\"> quasarcomunicacion<br \/>\n<\/span><span style=\"color: #ff0000; font-size: xx-small;\"> Twitter:<\/span><span style=\"font-size: xx-small;\"> @quasarpilar<br \/>\n<\/span><span style=\"color: #ff0000; font-size: xx-small;\"> Gr<\/span><span style=\"color: #ff0000; font-size: xx-small;\">upo y p\u00e1gina en Facebook: <\/span> <span style=\"color: #808080; font-size: xx-small;\">www.facebook.com\/<\/span><a href=\"mailto:mfipata@gmail.com\"><span style=\"font-size: xx-small;\">Quasar<\/span><\/a><span style=\"font-size: xx-small;\">Comunicacion<br \/>\n<\/span><span style=\"font-size: xx-small;\"> <span style=\"color: #ff0000;\">LinkedIn<\/span><b>:\u00a0 <\/b><\/span> <span style=\"font-size: xx-small;\"><b> <a href=\"http:\/\/www.linkedin.com\/in\/mfipata\"> http:\/\/www.linkedin.com\/in\/mfipata<\/a><\/b><\/span><span style=\"font-size: xx-small;\"><br \/>\n<\/span><span style=\"color: #ff0000; font-size: xx-small;\"> Web:<\/span><b><\/b> <a href=\"http:\/\/www.quasarcomunicacion.com.ar\/\"> <span style=\"font-size: xx-small;\">www.quasarcomunicacion.com.ar<\/span><\/a><span style=\"font-size: xx-small;\"><br \/>\n<\/span><span style=\"font-size: xx-small;\"> <span style=\"color: #ff0000;\"> Mail<\/span><b>:<\/b><\/span><span style=\"font-size: xx-small;\"><a href=\"mailto:fernanda@quasarcomunicacion.com.ar\"> fernanda@quasarcomunicacion.com.ar<\/a><\/span><\/p>\n<\/td>\n<\/tr>\n<\/tbody>\n<\/table>\n<\/div>\n<hr \/>\n<div align=\"center\"><center><center>\u00a0<span style=\"font-family: Verdana; font-size: xx-small;\"><b>Acerca de la Lic. Gabriela Mart\u00ednez Castro<\/b><\/span><br \/>\n<\/center><\/p>\n<p align=\"left\"><i><span style=\"font-family: Verdana; font-size: xx-small;\">Gabriela Mart\u00ednez Castro es Licenciada en Psicolog\u00eda egresada de la Universidad de Belgrano en 1991. M\u00e1ster en Psicolog\u00eda Cl\u00ednica en M\u00e9xico. <\/span><\/i><\/p>\n<p><center><\/p>\n<p align=\"left\"><i><span style=\"font-family: Verdana; font-size: xx-small;\">Post-grado en Trastornos de Ansiedad de la Asociaci\u00f3n Argentina de Trastornos de Ansiedad. Psicoterapeuta Cognitiva-Conductual, orientada al trabajo con Trastornos de Ansiedad y Trastornos de la Personalidad.<br \/>\nEx coordinadora docente de la c\u00e1tedra de Psicolog\u00eda General en la Universidad de Belgrano. Ex coordinadora del Departamento de Psicodiagn\u00f3stico del Hospital Franc\u00e9s, \u00e1rea de Consultorios Externos. <\/span><\/i><\/p>\n<p><center><\/p>\n<p align=\"left\"><i><span style=\"font-family: Verdana; font-size: xx-small;\">Miembro de la Asociaci\u00f3n Argentina de Trastornos de Ansiedad. <\/span><\/i><\/p>\n<p><center><\/p>\n<p align=\"left\"><i><span style=\"font-family: Verdana; font-size: xx-small;\">Directora de CEETA (Centro de Estudios Especializados en Trastornos de Ansiedad) <\/span><\/i><\/p>\n<p><center><\/p>\n<p align=\"left\"><span style=\"font-family: Verdana; font-size: xx-small;\"><i>Centro de Estudios Especializados en Trastornos de Ansiedad (CEETA) &#8211; Edificio Concord-Sector los Almendros-piso segundo Oficina 202. Km 50 de la ruta Panamericana ramal Pilar. Tel\u00e9fono: 02322-667175 \u00f3 al Celular 15-4416-1578 <a href=\"http:\/\/www.ceeta.org\/\">www.ceeta.org<\/a>\u00a0 \u00a0 \u00a0 \u00a0 \u00a0 \u00a0 \u00a0 \u00a0 \u00a0 \u00a0 \u00a0 \u00a0 \u00a0\u00a0<\/i><\/span><\/p>\n<p><\/center><\/center><\/center><\/center><\/center><\/div>\n","protected":false},"excerpt":{"rendered":"<p>Se viene un nuevo D\u00eda de la Secretaria, y desde el Centro de Estudios Especializados en Trastornos de Ansiedad (CEETA), [&hellip;]<\/p>\n","protected":false},"author":2,"featured_media":4913,"comment_status":"open","ping_status":"open","sticky":false,"template":"","format":"standard","meta":[],"categories":[2],"tags":[],"_links":{"self":[{"href":"https:\/\/quasarcomunicacion.com.ar\/web\/wp-json\/wp\/v2\/posts\/4912"}],"collection":[{"href":"https:\/\/quasarcomunicacion.com.ar\/web\/wp-json\/wp\/v2\/posts"}],"about":[{"href":"https:\/\/quasarcomunicacion.com.ar\/web\/wp-json\/wp\/v2\/types\/post"}],"author":[{"embeddable":true,"href":"https:\/\/quasarcomunicacion.com.ar\/web\/wp-json\/wp\/v2\/users\/2"}],"replies":[{"embeddable":true,"href":"https:\/\/quasarcomunicacion.com.ar\/web\/wp-json\/wp\/v2\/comments?post=4912"}],"version-history":[{"count":0,"href":"https:\/\/quasarcomunicacion.com.ar\/web\/wp-json\/wp\/v2\/posts\/4912\/revisions"}],"wp:featuredmedia":[{"embeddable":true,"href":"https:\/\/quasarcomunicacion.com.ar\/web\/wp-json\/wp\/v2\/media\/4913"}],"wp:attachment":[{"href":"https:\/\/quasarcomunicacion.com.ar\/web\/wp-json\/wp\/v2\/media?parent=4912"}],"wp:term":[{"taxonomy":"category","embeddable":true,"href":"https:\/\/quasarcomunicacion.com.ar\/web\/wp-json\/wp\/v2\/categories?post=4912"},{"taxonomy":"post_tag","embeddable":true,"href":"https:\/\/quasarcomunicacion.com.ar\/web\/wp-json\/wp\/v2\/tags?post=4912"}],"curies":[{"name":"wp","href":"https:\/\/api.w.org\/{rel}","templated":true}]}}