{"id":4908,"date":"2014-09-02T14:01:25","date_gmt":"2014-09-02T17:01:25","guid":{"rendered":"https:\/\/quasarcomunicacion.com.ar\/web\/?p=4908"},"modified":"2014-09-02T14:01:25","modified_gmt":"2014-09-02T17:01:25","slug":"mendoza-septiembre-en-entre-cielos-luxury-wine-hotel-spa","status":"publish","type":"post","link":"https:\/\/quasarcomunicacion.com.ar\/web\/mendoza-septiembre-en-entre-cielos-luxury-wine-hotel-spa\/","title":{"rendered":"Mendoza: Septiembre en Entre Cielos Luxury Wine Hotel &amp; Spa"},"content":{"rendered":"<p style=\"text-align: left;\" align=\"center\">\u00a0<span style=\"font-size: small;\">\u00a0<span style=\"font-family: Verdana;\">Durante el mes de septiembre hay tres fechas especiales: se conmemora el D\u00eda de la Secretaria, el D\u00eda del Maestro y finalmente, el D\u00eda de la Sanidad. Es por ello que el hotel boutique <b>Entre Cielos Luxury Wine Hotel &amp; Spa<\/b>, Mendoza, lanz\u00f3 promociones grupales para celebrarlos y disfrutar del primer Hamam tradicional de Latinoam\u00e9rica, a la vez que se degustan las exquisiteces del restaurante <b>Katharina<\/b>. Las promociones estar\u00e1n en vigencia durante todo el mes.<!--more--><\/span><\/span><\/p>\n<p align=\"left\"><a href=\"https:\/\/quasarcomunicacion.com.ar\/web\/wp-content\/uploads\/2014\/09\/hamam5.gif\"><img class=\"aligncenter\" alt=\"hamam5\" src=\"https:\/\/quasarcomunicacion.com.ar\/web\/wp-content\/uploads\/2014\/09\/hamam5.gif\" \/><\/a><\/p>\n<p align=\"left\"><span style=\"font-family: Verdana; font-size: small;\">La primer opci\u00f3n incluye el Circuito Tradicional del Hamam m\u00e1s una tarde de t\u00e9 en el restaurant del hotel, <b>Katharina<\/b>. El precio por persona de este paquete es de 340 pesos (m\u00ednimo seis personas).<\/span><\/p>\n<p align=\"left\"><span style=\"font-family: Verdana; font-size: small;\">Por otro lado, la Opci\u00f3n 2 incluye el Circuito Tradicional del Hamam m\u00e1s un masaje de treinta minutos y finalmente, una tarde de t\u00e9 en <b>Katharina<\/b>. El precio de esta promoci\u00f3n es de 580 pesos por persona (m\u00ednimo seis personas). Las promociones ser\u00e1n v\u00e1lidas durante todo el mes de septiembre de 2014.<\/span><\/p>\n<p align=\"left\"><span style=\"font-family: Verdana; font-size: small;\">Para contactarse con <\/span><b style=\"font-family: Verdana; font-size: small;\">Entre Cielos<\/b><span style=\"font-family: Verdana; font-size: small;\">, enviar un e-mail a hamam@entrecielos.com o bien llamar al +54 (9) 0261 15 361 14 38 o al +54 (261) 498 33 77.<\/span><\/p>\n<p align=\"left\"><span style=\"font-family: Verdana; font-size: small;\">Cabe destacar que <b>Entre Cielos<\/b> posee el primer Hamam de Latinoam\u00e9rica. <\/span><\/p>\n<p align=\"left\"><span style=\"font-family: Verdana; font-size: small;\">Un Hamam es un concepto milenario que consiste en circuitos de seis etapas de ba\u00f1os de vapor o exfoliaci\u00f3n a diferentes temperaturas. Siguiendo un ritmo de 10 minutos, se empieza por la sala de vapor continuando por la sala de exfoliaci\u00f3n; luego un ba\u00f1o relajante en la pileta de 35\u00b0C, otro ba\u00f1o de vapor y exfoliaci\u00f3n con jab\u00f3n terminando sobre la piedra caliente, que invita al reposo, la reflexi\u00f3n y el relax. <\/span><\/p>\n<p align=\"left\"><span style=\"font-family: Verdana; font-size: small;\">Finalmente el Camekan, la sala de descanso, invita a disfrutar de infusiones orientales, frutos secos y frutas frescas y algunos exquisitos bocaditos orientales. \u201cDisfrutar del Hamam fue y es el centro de la vida social de las m\u00e1s sabias culturas orientales desde hace m\u00e1s de mil a\u00f1os. El placentero rito del Hamam se transforma, con el correr del tiempo, en un lugar de encuentro cotidiano para compartir el buen di\u00e1logo, los grandes negocios o los mejores sue\u00f1os\u201d, se\u00f1alan desde <b>Entre Cielos<\/b>.<\/span><\/p>\n<p align=\"left\"><span style=\"font-family: Verdana; font-size: small;\">Para conocer m\u00e1s acerca del hotel <b>Entre Cielos<\/b>, visitar su p\u00e1gina web www.entrecielos.com o su p\u00e1gina en Facebook <a href=\"https:\/\/www.facebook.com\/entrecielos\"> https:\/\/www.facebook.com\/entrecielos<\/a>. Para contactarse con el hotel <b>Entre Cielos<\/b> enviar un e-mail a hamam@entrecielos.com o llamar al 0261-498 33 77 o al +54 (9) 0261 15 361 14 38.<\/span><\/p>\n<p>&nbsp;<\/p>\n<p align=\"center\"><b><i> Por otras im\u00e1genes, audios o entrevistas no dude en contactarse<\/i><\/b><\/p>\n<p align=\"center\">Acceso a toda la informaci\u00f3n ingresando en \u00a0<b><i><br \/>\n<a href=\"http:\/\/www.quasarcomunicacion.com.ar\/entrecielos\"> www.quasarcomunicacion.com.ar\/web\/entrecielos<\/a>\u00a0 <\/i><\/b><\/p>\n<p><span style=\"font-size: small;\"><b><i>\u00a0<span style=\"font-family: Arial;\">Por otras im\u00e1genes, audios o entrevistas no dude en contactarse<\/span><\/i><\/b><\/span><\/p>\n<p align=\"center\"><span style=\"font-size: small;\"><b><i> Contactos de Prensa<\/i><\/b><\/span><\/p>\n<div align=\"left\">\n<table width=\"100%\" border=\"1\" cellpadding=\"2\" align=\"left\">\n<tbody>\n<tr>\n<td align=\"center\" width=\"50%\">\n<p align=\"left\"><span style=\"font-size: medium;\"><strong> <span style=\"color: #808080; font-family: Arial; font-size: small;\"> Camila Sarmiento &#8211; Asistente de Cuentas<br \/>\n<\/span> <\/strong><\/span> <span style=\"font-size: xx-small;\"><span style=\"color: #ff0000;\"> Directo<\/span><b>: <\/b> 0230<\/span><span style=\"font-size: xx-small;\">-4664772<br \/>\n<\/span><span style=\"color: #ff0000; font-size: xx-small;\"> Skype:<\/span><span style=\"font-size: xx-small;\"> quasarcomunicacion<br \/>\n<\/span><span style=\"color: #ff0000; font-size: xx-small;\"> Twitter:<\/span><span style=\"font-size: xx-small;\"> @quasarpilar<br \/>\n<\/span><span style=\"color: #ff0000; font-size: xx-small;\"> Gr<\/span><span style=\"color: #ff0000; font-size: xx-small;\">upo y p\u00e1gina en Facebook: <\/span> <span style=\"color: #808080; font-size: xx-small;\">www.facebook.com\/<\/span><a href=\"mailto:mfipata@gmail.com\"><span style=\"font-size: xx-small;\">Quasar<\/span><\/a><span style=\"font-size: xx-small;\">Comunicacion<br \/>\n<\/span><span style=\"color: #ff0000; font-size: xx-small;\"> Web:<\/span><b><\/b> <a href=\"http:\/\/www.quasarcomunicacion.com.ar\/\"> <span style=\"font-size: xx-small;\">www.quasarcomunicacion.com.ar<\/span><\/a><\/p>\n<p align=\"left\"><span style=\"font-size: xx-small;\"> <span style=\"color: #ff0000;\">Mail<\/span><b>:<\/b><\/span><span style=\"font-size: xx-small;\"> <a href=\"mailto:fernanda@quasarcomunicacion.com.ar\"> asistente@quasarcomunicacion.com.ar<\/a><\/span><\/p>\n<\/td>\n<td align=\"center\" width=\"50%\">\n<p align=\"right\"><span style=\"font-size: medium;\"><strong> <span style=\"color: #808080; font-family: Arial; font-size: small;\"> Lic. Mar\u00eda Fernanda Ipata &#8211; Directora<br \/>\n<\/span> <\/strong><\/span> <span style=\"font-size: xx-small;\"><span style=\"color: #ff0000;\"><br \/>\nDirecto<\/span><b>: <\/b> 0230<\/span><span style=\"font-size: xx-small;\">-4664772<\/span><span style=\"font-size: xx-small;\"><br \/>\n<\/span><span style=\"font-size: xx-small;\"> <span style=\"color: #ff0000;\">M\u00f3vil:<\/span><b> <\/b> 0230<\/span><span style=\"font-size: xx-small;\">-15-4584535<br \/>\n011-15-6096-4656 ID 558*3763<br \/>\n<\/span><span style=\"color: #ff0000; font-size: xx-small;\"> Skype:<\/span><span style=\"font-size: xx-small;\"> quasarcomunicacion<br \/>\n<\/span><span style=\"color: #ff0000; font-size: xx-small;\"> Twitter:<\/span><span style=\"font-size: xx-small;\"> @quasarpilar<br \/>\n<\/span><span style=\"color: #ff0000; font-size: xx-small;\"> Gr<\/span><span style=\"color: #ff0000; font-size: xx-small;\">upo y p\u00e1gina en Facebook: <\/span> <span style=\"color: #808080; font-size: xx-small;\">www.facebook.com\/<\/span><a href=\"mailto:mfipata@gmail.com\"><span style=\"font-size: xx-small;\">Quasar<\/span><\/a><span style=\"font-size: xx-small;\">Comunicacion<br \/>\n<\/span><span style=\"font-size: xx-small;\"> <span style=\"color: #ff0000;\">LinkedIn<\/span><b>:\u00a0 <\/b><\/span> <span style=\"font-size: xx-small;\"><b> <a href=\"http:\/\/www.linkedin.com\/in\/mfipata\"> http:\/\/www.linkedin.com\/in\/mfipata<\/a><\/b><\/span><span style=\"font-size: xx-small;\"><br \/>\n<\/span><span style=\"color: #ff0000; font-size: xx-small;\"> Web:<\/span><b><\/b> <a href=\"http:\/\/www.quasarcomunicacion.com.ar\/\"> <span style=\"font-size: xx-small;\">www.quasarcomunicacion.com.ar<\/span><\/a><span style=\"font-size: xx-small;\"><br \/>\n<\/span><span style=\"font-size: xx-small;\"> <span style=\"color: #ff0000;\">Mail<\/span><b>:<\/b><\/span><span style=\"font-size: xx-small;\"><a href=\"mailto:fernanda@quasarcomunicacion.com.ar\"> fernanda@quasarcomunicacion.com.ar<\/a><\/span><\/p>\n<\/td>\n<\/tr>\n<\/tbody>\n<\/table>\n<\/div>\n","protected":false},"excerpt":{"rendered":"<p>\u00a0\u00a0Durante el mes de septiembre hay tres fechas especiales: se conmemora el D\u00eda de la Secretaria, el D\u00eda del Maestro [&hellip;]<\/p>\n","protected":false},"author":2,"featured_media":4909,"comment_status":"open","ping_status":"open","sticky":false,"template":"","format":"standard","meta":[],"categories":[2],"tags":[],"_links":{"self":[{"href":"https:\/\/quasarcomunicacion.com.ar\/web\/wp-json\/wp\/v2\/posts\/4908"}],"collection":[{"href":"https:\/\/quasarcomunicacion.com.ar\/web\/wp-json\/wp\/v2\/posts"}],"about":[{"href":"https:\/\/quasarcomunicacion.com.ar\/web\/wp-json\/wp\/v2\/types\/post"}],"author":[{"embeddable":true,"href":"https:\/\/quasarcomunicacion.com.ar\/web\/wp-json\/wp\/v2\/users\/2"}],"replies":[{"embeddable":true,"href":"https:\/\/quasarcomunicacion.com.ar\/web\/wp-json\/wp\/v2\/comments?post=4908"}],"version-history":[{"count":0,"href":"https:\/\/quasarcomunicacion.com.ar\/web\/wp-json\/wp\/v2\/posts\/4908\/revisions"}],"wp:featuredmedia":[{"embeddable":true,"href":"https:\/\/quasarcomunicacion.com.ar\/web\/wp-json\/wp\/v2\/media\/4909"}],"wp:attachment":[{"href":"https:\/\/quasarcomunicacion.com.ar\/web\/wp-json\/wp\/v2\/media?parent=4908"}],"wp:term":[{"taxonomy":"category","embeddable":true,"href":"https:\/\/quasarcomunicacion.com.ar\/web\/wp-json\/wp\/v2\/categories?post=4908"},{"taxonomy":"post_tag","embeddable":true,"href":"https:\/\/quasarcomunicacion.com.ar\/web\/wp-json\/wp\/v2\/tags?post=4908"}],"curies":[{"name":"wp","href":"https:\/\/api.w.org\/{rel}","templated":true}]}}