{"id":4897,"date":"2014-08-29T15:43:11","date_gmt":"2014-08-29T18:43:11","guid":{"rendered":"https:\/\/quasarcomunicacion.com.ar\/web\/?p=4897"},"modified":"2014-08-29T15:43:11","modified_gmt":"2014-08-29T18:43:11","slug":"terceto-murillo-lanza-su-primer-disco-tensiones","status":"publish","type":"post","link":"https:\/\/quasarcomunicacion.com.ar\/web\/terceto-murillo-lanza-su-primer-disco-tensiones\/","title":{"rendered":"Terceto Murillo lanza su primer disco \u201cTensiones\u201d"},"content":{"rendered":"<p style=\"text-align: left;\" align=\"center\"><strong><span style=\"color: #ff0000; font-family: Verdana, sans-serif; font-size: large;\"><a href=\"https:\/\/quasarcomunicacion.com.ar\/web\/wp-content\/uploads\/2014\/08\/cd.gif\"><img class=\"alignright\" alt=\"cd\" src=\"https:\/\/quasarcomunicacion.com.ar\/web\/wp-content\/uploads\/2014\/08\/cd.gif\" \/><\/a><\/span><\/strong><span style=\"font-family: Verdana; font-size: small;\"><b>Terceto Murillo <\/b> lanz\u00f3 su primer disco titulado <b>\u201cTensiones\u201d<\/b>, que incluye tangos y milongas de diferen<\/span><span style=\"font-family: Verdana; font-size: small;\">tes autores y propios.<\/span><\/p>\n<p><span style=\"font-family: Verdana; font-size: small;\">El CD se puede conseguir en las presentaciones en vivo que realiza el terceto, en Pilar en El Cirko Escuela de M\u00fasica &amp; Artes, en Jun\u00edn (Buenos Aires), en Itunes y en Amazon.com. En pocos d\u00edas tambi\u00e9n podr\u00e1 adquirirse en las principales disquer\u00edas.<!--more--> <\/span><br \/>\n<span style=\"font-family: Verdana; font-size: small;\">El tr\u00edo est\u00e1 compuesto por Diego Blanco, en Bajo; Miguel Ortiz, en Guitarra y Guillermo Paulucci, en piano. Adem\u00e1s, participa del disco Jorge Cumbo, en quena.<\/span><br \/>\n<span style=\"font-family: Verdana; font-size: small;\"> El trabajo, debut discogr\u00e1fico del grupo es distribuido por EPSA MUSIC, y busca reflejar la fuerza y frescura de su m\u00fasica. <\/span><br \/>\n<span style=\"font-family: Verdana; font-size: small;\">\u201c<b>Tensiones<\/b>\u201d est\u00e1 compuesto de 10 temas. Algunas composiciones propias, as\u00ed como tambi\u00e9n por cl\u00e1sicos de diferentes autores y \u00e9pocas como Salg\u00e1n, Aieta y Di Sarli, entre otros. <\/span><br \/>\n<span style=\"font-family: Verdana; font-size: small;\">En<b> Tensiones<\/b> se podr\u00e1 escuchar: Taconeando (Stafollani\/Maffia), A don Agust\u00edn Bardi (H.Salg\u00e1n), Campo y ciudad (G.Paulucci), Bahia Blanca (C.Di Sarli), El Compinche (G.Paulucci), El viaje interior (G.Paulucci), Obstinado (G.Paulucci), Intenciones (G.Paulucci), Sobre los techos (G.Paulucci) y Corralera (A.Aieta)<\/span><br \/>\n<span style=\"font-family: Verdana; font-size: small;\">El <b>Terceto Murillo <\/b> propone una nueva mirada sobre tangos de diferentes autores y \u00e9pocas, as\u00ed como tambi\u00e9n nuevas composiciones, intentando nutrir al g\u00e9nero a trav\u00e9s de la b\u00fasqueda dada por arreglos y un sonido propio, respetando las ra\u00edces de g\u00e9nero pero sin responder a encasillamientos estil\u00edsticos.<\/span><br \/>\n<span style=\"font-family: Verdana; font-size: small;\">Para contactarse con <b>Terceto Murillo<\/b>, enviar un e-mail a <a href=\"mailto:tercetomurillo@gmail.com\"> tercetomurillo@gmail.com<\/a> <\/span><br \/>\n<span style=\"font-family: Verdana; font-size: small;\">Para conocer m\u00e1s acerca del Terceto Murillo, visitar su p\u00e1gina en Facebook <a href=\"https:\/\/www.facebook.com\/TercetoMurillo\"> https:\/\/www.facebook.com\/TercetoMurillo<\/a> <\/span><br \/>\n<span style=\"font-family: Verdana; font-size: small;\">En este link podr\u00e1n ver el video de promoci\u00f3n<br \/>\n<a href=\"https:\/\/www.youtube.com\/watch?v=NtmrV0FKrHw\"> https:\/\/www.youtube.com\/watch?v=NtmrV0FKrHw<\/a> o ingresar en el canal de Youtube <a href=\"https:\/\/www.youtube.com\/channel\/UCKJEyY5QdSWG1XDVmMjpz8Q\"> https:\/\/www.youtube.com\/channel\/UCKJEyY5QdSWG1XDVmMjpz8Q<\/a> <\/span><br \/>\n<b><span style=\"font-family: Verdana; font-size: small;\">Acerca de Diego Blanco<\/span><\/b><br \/>\n<span style=\"font-family: Verdana; font-size: xx-small;\"> Diego Blanco, bajista, integr\u00f3 algunas agrupaciones de rock y durante los \u00faltimos diez a\u00f1os se dedico de lleno al tango, integr\u00f3 el tr\u00edo los Due\u00f1os del Cirko junto a Ariel Zarranz, y Guillermo Paulucci, junto a quienes se presentaron en varias ocasiones dentro del escenario porte\u00f1o y la provincia de buenos aires, compartiendo escenario junto a figuras como Rub\u00e9n Ju\u00e1rez, Rodolfo Mederos, Guillermo Fern\u00e1dez, Quinteto Real, Susana Rinaldi, entre otros.<\/span><br \/>\n<span style=\"font-family: Verdana; font-size: xx-small;\">Toc\u00f3 junto a otras figuras del g\u00e9nero como Emilio de la Pe\u00f1a, Alberto Giaimo, Osvaldo \u00abmarinero\u00bb Montes, Ica Novo, Jorge Cumbo, Armando de la Vega, Eleonora Barletta, Nicolas Guerschberg.<br \/>\nAcutalmente y durante los \u00faltimos dos a\u00f1os, su actividad esta dedicada al tr\u00edo \u00abTerceto Murillo\u00bb junto a Miguel Ortiz en Guitarra, y Guillermo Paulucci en piano, con quien acaban de grabar su primer disco \u00abTensiones\u00bb.<\/span><br \/>\n<b><span style=\"font-family: Verdana; font-size: small;\">Acerca de Miguel Ortiz<\/span><\/b><br \/>\n<span style=\"font-family: Verdana; font-size: xx-small;\"> Miguel Ortiz naci\u00f3 en 1970.Es guitarrista y arreglador. <\/span><br \/>\n<span style=\"font-family: Verdana; font-size: xx-small;\">Se form\u00f3 en el Conservatorio Manuel de Falla, y paralelamente estudi\u00f3 m\u00fasica popular con Armando de la vega, Narciso Sa\u00fal y otros maestros de fuste.<\/span><br \/>\n<span style=\"font-family: Verdana; font-size: xx-small;\">Ha realizado -integrando distintos proyectos- 5 giras europeas, participado de las semana de Buenos Aires en Belo Horizonte, y tocado en 3 ediciones del Festival Guitarras del Mundo y en 2 Festivales Internacionales de Tango de la ciudad de Buenos Aires. <\/span><br \/>\n<span style=\"font-family: Verdana; font-size: xx-small;\">Actualmente se desempe\u00f1a como guitarrista en el Terceto Murillo, y en d\u00fao junto a Andrea D\u00edaz, con quienes recorre los caminos de la m\u00fasica argentina <\/span><br \/>\n<span style=\"font-family: Verdana; font-size: xx-small;\"> <a href=\"http:\/\/www.miguelortiz.com.ar\/\">www.miguelortiz.com.ar<\/a>\u00a0 <\/span><br \/>\n<b><span style=\"font-family: Verdana; font-size: small;\">Acerca de Guillermo Paulucci<\/span><\/b><br \/>\n<span style=\"font-family: Verdana; font-size: xx-small;\"> Naci\u00f3 el 29 de Octubre 1982 &#8211; Mor\u00f3n, Buenos Aires<\/span><br \/>\n<span style=\"font-family: Verdana; font-size: xx-small;\">Curs\u00f3 estudios en el Conservatorio Provincial de la ciudad de Jun\u00edn (Bs.As).<\/span><br \/>\n<span style=\"font-family: Verdana; font-size: xx-small;\">Egres\u00f3 de la EPM SADEM (CABA) con el t\u00edtulo de \u00abInt\u00e9rprete de m\u00fasica popular\u00bb.<\/span><br \/>\n<span style=\"font-family: Verdana; font-size: xx-small;\">Integr\u00f3 los siguientes grupos:\u00bbPehuen\u00bb, \u00abGen-T de tango\u00bb, \u00abLos due\u00f1os del cirko\u00bb, \u00abAseismanos tr\u00edo\u00bb, \u00abViol\u00edn en bolsa\u00bb.<\/span><br \/>\n<span style=\"font-family: Verdana; font-size: xx-small;\">Comparti\u00f3 escenarios con artistas como: Rub\u00e9n Juares, Susana Rinaldi, Rodolfo Mederos, Quinteto real, Guillermo Fernandez, entre otros.<\/span><br \/>\n<span style=\"font-family: Verdana; font-size: xx-small;\">Integr\u00f3 los grupos de los siguientes artistas: Jos\u00e9 Angel Trelles, Cesar Isella, Lorena Astudillo, Luciana Panaino, Marcos Lozano grupo, entre otros.<\/span><br \/>\n<span style=\"font-family: Verdana; font-size: xx-small;\">Grab\u00f3 en los siguientes discos \u00abMi ojo izquierdo\u00bb (Marcos Lozano grupo), Dos orillas (Mariana Accinelli &#8211; 2012) \u00abSue\u00f1os de juventud\u00bb (Luciana Panaino -2013), \u00abMarca de agua\u00bb (Claudio Solino &#8211; 2013)<\/span><br \/>\n<span style=\"font-family: Verdana; font-size: xx-small;\">Actualmente integra, como pianista y compositor, el \u00abTerceto Murillo\u00bb con el que se encuentra pr\u00f3ximo a presentar el primer material discogr\u00e1fico titulado \u00abTensiones\u00bb.<\/span><br \/>\n<span style=\"font-size: small;\"><b><i>\u00a0<span style=\"font-family: Arial;\">Por otras im\u00e1genes, audios o entrevistas no dude en contactarse<\/span><\/i><\/b><\/span><\/p>\n<p align=\"center\"><span style=\"font-size: small;\"><b><i> Contactos de Prensa<\/i><\/b><\/span><\/p>\n<div align=\"left\">\n<table width=\"100%\" border=\"1\" cellpadding=\"2\" align=\"left\">\n<tbody>\n<tr>\n<td width=\"50%\">\n<p align=\"left\"><span style=\"font-size: medium;\"><strong> <span style=\"color: #808080; font-family: Arial; font-size: small;\"> Camila Sarmiento &#8211; Asistente de Cuentas<\/span><\/strong><\/span><\/p>\n<p><span style=\"font-size: xx-small;\"><span style=\"color: #ff0000;\"> Directo<\/span><b>: <\/b> 0230<\/span><span style=\"font-size: xx-small;\">-4664772<br \/>\n<\/span><span style=\"color: #ff0000; font-size: xx-small;\"> Skype:<\/span><span style=\"font-size: xx-small;\"> quasarcomunicacion<br \/>\n<\/span><span style=\"color: #ff0000; font-size: xx-small;\"> Twitter:<\/span><span style=\"font-size: xx-small;\"> @quasarpilar<br \/>\n<\/span><span style=\"color: #ff0000; font-size: xx-small;\"> Gr<\/span><span style=\"color: #ff0000; font-size: xx-small;\">upo y p\u00e1gina en Facebook: <\/span> <span style=\"color: #808080; font-size: xx-small;\">www.facebook.com\/<\/span><a href=\"mailto:mfipata@gmail.com\"><span style=\"font-size: xx-small;\">Quasar<\/span><\/a><span style=\"font-size: xx-small;\">Comunicacion<br \/>\n<\/span><span style=\"color: #ff0000; font-size: xx-small;\"> Web:<\/span><b><\/b> <a href=\"http:\/\/www.quasarcomunicacion.com.ar\/\"> <span style=\"font-size: xx-small;\">www.quasarcomunicacion.com.ar<\/span><\/a><\/p>\n<p align=\"left\"><span style=\"font-size: xx-small;\"> <span style=\"color: #ff0000;\">Mail<\/span><b>:<\/b><\/span><span style=\"font-size: xx-small;\"> <a href=\"mailto:fernanda@quasarcomunicacion.com.ar\"> asistente@quasarcomunicacion.com.ar<\/a><\/span><\/p>\n<\/td>\n<td width=\"50%\">\n<p align=\"right\"><span style=\"font-size: medium;\"><strong> <span style=\"color: #808080; font-family: Arial; font-size: small;\"> Lic. Mar\u00eda Fernanda Ipata &#8211; Directora<br \/>\n<\/span> <\/strong><\/span> <span style=\"font-size: xx-small;\"><span style=\"color: #ff0000;\"><br \/>\nDirecto<\/span><b>: <\/b> 0230<\/span><span style=\"font-size: xx-small;\">-4664772<\/span><span style=\"font-size: xx-small;\"><br \/>\n<\/span><span style=\"font-size: xx-small;\"> <span style=\"color: #ff0000;\">M\u00f3vil:<\/span><b> <\/b> 0230<\/span><span style=\"font-size: xx-small;\">-15-4584535<br \/>\n011-15-6096-4656 ID 558*3763<br \/>\n<\/span><span style=\"color: #ff0000; font-size: xx-small;\"> Skype:<\/span><span style=\"font-size: xx-small;\"> quasarcomunicacion<br \/>\n<\/span><span style=\"color: #ff0000; font-size: xx-small;\"> Twitter:<\/span><span style=\"font-size: xx-small;\"> @quasarpilar<br \/>\n<\/span><span style=\"color: #ff0000; font-size: xx-small;\"> Gr<\/span><span style=\"color: #ff0000; font-size: xx-small;\">upo y p\u00e1gina en Facebook: <\/span> <span style=\"color: #808080; font-size: xx-small;\">www.facebook.com\/<\/span><a href=\"mailto:mfipata@gmail.com\"><span style=\"font-size: xx-small;\">Quasar<\/span><\/a><span style=\"font-size: xx-small;\">Comunicacion<br \/>\n<\/span><span style=\"font-size: xx-small;\"> <span style=\"color: #ff0000;\">LinkedIn<\/span><b>:\u00a0 <\/b><\/span> <span style=\"font-size: xx-small;\"><b> <a href=\"http:\/\/www.linkedin.com\/in\/mfipata\"> http:\/\/www.linkedin.com\/in\/mfipata<\/a><\/b><\/span><span style=\"font-size: xx-small;\"><br \/>\n<\/span><span style=\"color: #ff0000; font-size: xx-small;\"> Web:<\/span><b><\/b> <a href=\"http:\/\/www.quasarcomunicacion.com.ar\/\"> <span style=\"font-size: xx-small;\">www.quasarcomunicacion.com.ar<\/span><\/a><span style=\"font-size: xx-small;\"><br \/>\n<\/span><span style=\"font-size: xx-small;\"> <span style=\"color: #ff0000;\"> Mail<\/span><b>:<\/b><\/span><span style=\"font-size: xx-small;\"><a href=\"mailto:fernanda@quasarcomunicacion.com.ar\"> fernanda@quasarcomunicacion.com.ar<\/a><\/span><\/p>\n<\/td>\n<\/tr>\n<\/tbody>\n<\/table>\n<\/div>\n","protected":false},"excerpt":{"rendered":"<p>Terceto Murillo lanz\u00f3 su primer disco titulado \u201cTensiones\u201d, que incluye tangos y milongas de diferentes autores y propios. El CD [&hellip;]<\/p>\n","protected":false},"author":2,"featured_media":4898,"comment_status":"open","ping_status":"open","sticky":false,"template":"","format":"standard","meta":[],"categories":[2],"tags":[],"_links":{"self":[{"href":"https:\/\/quasarcomunicacion.com.ar\/web\/wp-json\/wp\/v2\/posts\/4897"}],"collection":[{"href":"https:\/\/quasarcomunicacion.com.ar\/web\/wp-json\/wp\/v2\/posts"}],"about":[{"href":"https:\/\/quasarcomunicacion.com.ar\/web\/wp-json\/wp\/v2\/types\/post"}],"author":[{"embeddable":true,"href":"https:\/\/quasarcomunicacion.com.ar\/web\/wp-json\/wp\/v2\/users\/2"}],"replies":[{"embeddable":true,"href":"https:\/\/quasarcomunicacion.com.ar\/web\/wp-json\/wp\/v2\/comments?post=4897"}],"version-history":[{"count":0,"href":"https:\/\/quasarcomunicacion.com.ar\/web\/wp-json\/wp\/v2\/posts\/4897\/revisions"}],"wp:featuredmedia":[{"embeddable":true,"href":"https:\/\/quasarcomunicacion.com.ar\/web\/wp-json\/wp\/v2\/media\/4898"}],"wp:attachment":[{"href":"https:\/\/quasarcomunicacion.com.ar\/web\/wp-json\/wp\/v2\/media?parent=4897"}],"wp:term":[{"taxonomy":"category","embeddable":true,"href":"https:\/\/quasarcomunicacion.com.ar\/web\/wp-json\/wp\/v2\/categories?post=4897"},{"taxonomy":"post_tag","embeddable":true,"href":"https:\/\/quasarcomunicacion.com.ar\/web\/wp-json\/wp\/v2\/tags?post=4897"}],"curies":[{"name":"wp","href":"https:\/\/api.w.org\/{rel}","templated":true}]}}