{"id":4894,"date":"2014-08-27T16:08:39","date_gmt":"2014-08-27T19:08:39","guid":{"rendered":"https:\/\/quasarcomunicacion.com.ar\/web\/?p=4894"},"modified":"2014-08-27T16:08:39","modified_gmt":"2014-08-27T19:08:39","slug":"50-comerciantes-participaron-de-la-charla-sobre-diseno-de-vidrieras-a-cargo-de-decomobi","status":"publish","type":"post","link":"https:\/\/quasarcomunicacion.com.ar\/web\/50-comerciantes-participaron-de-la-charla-sobre-diseno-de-vidrieras-a-cargo-de-decomobi\/","title":{"rendered":"50 comerciantes participaron de la charla sobre Dise\u00f1o de Vidrieras a cargo de DECOmobi"},"content":{"rendered":"<p style=\"text-align: left;\" align=\"center\"><span style=\"font-family: Verdana; font-size: small;\">\u00a0El pasado jueves se realiz\u00f3 la primera capacitaci\u00f3n sobre Dise\u00f1o de Vidrieras en el marco del <b>Concurso de Vidrieras de Pilar &#8211; Edici\u00f3n Navidad 2014<\/b>, organizado por <b>Emprender HOY<\/b>, Pilar GPS y <b>Pilar Emprende<\/b>. A la capacitaci\u00f3n asistieron alrededor de 50 comerciantes que recibieron los conceptos del vidrierista iluminador Fernando Mazzetti de <b>DECOmobi<\/b>, quien brind\u00f3 la charla <\/span> <b><span style=\"font-family: Verdana; font-size: small;\">\u00abDise\u00f1o de vidrieras: La cara de mi local. Claves para vender m\u00e1s y mejor\u00bb.<!--more--><\/span><\/b><\/p>\n<p><a href=\"https:\/\/quasarcomunicacion.com.ar\/web\/wp-content\/uploads\/2014\/08\/charlavidrieras.gif\"><img class=\"aligncenter\" alt=\"charlavidrieras\" src=\"https:\/\/quasarcomunicacion.com.ar\/web\/wp-content\/uploads\/2014\/08\/charlavidrieras.gif\" \/><\/a><br \/>\n<span style=\"font-family: Verdana; font-size: small;\">Las capacitaciones continuar\u00e1n el jueves 25 de septiembre a las 14.30 hs en Pilar Point con la charla <b>\u00abFACEBOOK: tu vidriera al mundo\u00bb <\/b>a cargo de Mariela Porrini. Inscripci\u00f3n gratuita escribiendo a <a href=\"mailto:info@emprenderhoy.com.ar\"> info@emprenderhoy.com.ar<\/a> <\/span><br \/>\n<span style=\"font-family: Verdana; font-size: small;\">\u201cEs importante que los comerciantes locales y de zonas aleda\u00f1as conozcan las claves y pautas en lo que tiene que ver con el dise\u00f1o de vidrieras, sobre todo en este momento que estamos viviendo en donde la venta est\u00e1 un poco complicada, pero aplicando algunas estrategias y herramientas de marketing con respecto al dise\u00f1o de los locales, de las vidrieras, se pueden adquirir algunas facilidades para fomentar la venta\u201d, indic\u00f3 Fernando Mazzetti, director de la Sede Flores de <b>DECOmobi<\/b> Escuelas de Decoraci\u00f3n que tambi\u00e9n tiene sede en Pilar.<\/span><br \/>\n<span style=\"font-family: Verdana; font-size: small;\">Durante la charla se comenz\u00f3 hablando de los Objetivos de la Vidriera entre los que Mazzetti destac\u00f3 \u00abatraer la atenci\u00f3n del potencial cliente, despertar el inter\u00e9s, generar el deseo de compra y provocar la acci\u00f3n de compra\u00bb.<\/span><br \/>\n<span style=\"font-family: Verdana; font-size: small;\">Tambi\u00e9n se habl\u00f3 de la importancia de la atenci\u00f3n al cliente y de invertir en el local para obtener mejores resultados en las ventas.<\/span><br \/>\n<span style=\"font-family: Verdana; font-size: small;\">Durante la exposici\u00f3n se analizaron varias vidrieras de la Argentina y el exterior a fin de dejar en claro que no siempre se necesita invertir mucho dinero para tener una \u00abvidriera vendedora\u00bb. De esta manera se ofrecieron modelos a imitar e ideas a implementar en las vidrieras pilarenses.<\/span><br \/>\n<span style=\"font-family: Verdana; font-size: small;\">Un espacio se le dedic\u00f3 a los NO de un local exitoso como ser el desorden y falta de limpieza, la iluminaci\u00f3n (mucha luz, poca luz), la m\u00fasica (volumen, estilo), que los empleaos coman frente al cliente, el olor a comida (mate, charlas de amigas, etc.) y la mala relaci\u00f3n entre empleados.<\/span><br \/>\n<span style=\"font-family: Verdana; font-size: small;\">Respecto de los SI se destac\u00f3: el local dise\u00f1ado acorde a necesidades, orden y limpieza, una ambiente amigable y circulaci\u00f3n c\u00f3moda, vendedores estimulados donde el cliente es lo mas importante.<\/span><br \/>\n<span style=\"font-family: Verdana; font-size: small;\">Un p\u00e1rrafo final se le dedic\u00f3 a la importancia de la buena iluminaci\u00f3n y c\u00f3mo modificando la luz se logran mejores resultados en la exhibici\u00f3n de productos o armado de vidrieras.<\/span><br \/>\n<span style=\"font-family: Verdana; font-size: small;\">Es de destacar que <b>DECOmob<\/b>i tiene su sede en la calle V\u00edctor Vergani 632, en Pilar,\u00a0 si bien en la escuela imparten cursos de Dise\u00f1o de Interiores, si ofrecen seminarios abiertos al p\u00fablico sobre temas relacionados a la decoraci\u00f3n como Feng Shui, Autocad, Espacios Verdes y tambi\u00e9n Dise\u00f1o de vidrieras a modo de seminarios cortos te\u00f3rico-pr\u00e1ctico. <\/span><br \/>\n<span style=\"font-family: Verdana; font-size: small;\">El <b>Concurso de Vidrieras<\/b> se trata de un proyecto colaborativo que cuenta con el apoyo de la Municipalidad del Pilar; C\u00e1mara de Comerciantes, Industriales, Profesionales, Propietarios y afines de Del Viso; Pilar Point; DECOmobi, Peri\u00f3dico El Apogeo; la C\u00e1mara de Comercio de Villa Rosa; la Asociaci\u00f3n Civil de Comerciantes, Industriales, Profesionales y Afines de F\u00e1tima; Matute Copias; AutoYa Pilar; Meeting Point; FM Plaza; El Diario de Manuel Alberti; Pilar Hoy Noticias; Qu\u00e1sar Comunicaci\u00f3n; MP Motos, El Diario de Pilar, Zillion Marketing &amp; Design, HQ Imagen y Sonido; y Casa Pyme Pilar\u00a0 <\/span><br \/>\n<b><span style=\"font-family: Verdana; font-size: small;\">Mini CV de Fernando Mazzetti<\/span><\/b><br \/>\n<span style=\"font-family: Verdana; font-size: small;\"> Dise\u00f1ador de interiores, iluminaci\u00f3n y vidrierista.<\/span><br \/>\n<span style=\"font-family: Verdana; font-size: small;\">Desde el a\u00f1o 1986 est\u00e1 involucrado en este \u00e1mbito desde diferentes perspectivas como asesor de ventas, proyectista, dise\u00f1ador de luminarias, dise\u00f1o y direcci\u00f3n de obras. Actualmente se dedica a proyectos de dise\u00f1o interior e iluminaci\u00f3n residencial y comercial.<\/span><br \/>\n<span style=\"font-family: Verdana; font-size: small;\">Director de Escuela de Decoraci\u00f3n de Interiores \u201c<b>DECOmobi<\/b>\u201d de Buenos Aires y docente del \u00e1rea Dise\u00f1o de Iluminaci\u00f3n.<\/span><br \/>\n<span style=\"font-family: Verdana; font-size: small;\">Dicta seminarios en exposiciones, congresos y universidades en Argentina.<br \/>\nEscribe en revistas especializadas de Argentina y M\u00e9xico<br \/>\nCreador del grupo en facebook \u201cDise\u00f1o interior e iluminaci\u00f3n\u201d.<\/span><br \/>\n<b><span style=\"font-family: Verdana; font-size: small;\">Mini historia de DecoMobi<\/span><\/b><br \/>\n<span style=\"font-family: Verdana; font-size: small;\"><b> DECOmobi<\/b> es un instituto especializado en la ense\u00f1anza de Decoraci\u00f3n de Interiores, que cuenta con su sede en Pilar ubicada en Vergani 632. La escuela comenz\u00f3 hace m\u00e1s de 40 a\u00f1os, y desde entonces ha crecido en trayectoria y profesionalismo, ampli\u00e1ndose hasta las once actuales sucursales. <\/span><br \/>\n<span style=\"font-family: Verdana; font-size: small;\">Para contactarse con <b>DECOmobi<\/b> llamar al (0230) 437-3076 \/ (011) 15-5704-5288, enviar un e-mail a info@decomobi.com.ar o visitar las instalaciones en V\u00edctor Vergani 632 los martes y viernes de 9 a 12, de 13.15 a 16.30 y de 18 a 21.30 hs.<\/span><\/p>\n<p align=\"right\"><span style=\"font-size: small;\"><b><i><span style=\"font-family: Arial;\">Por otras im\u00e1genes, audios o entrevistas no dude en contactarse<\/span><\/i><\/b><\/span><\/p>\n<p align=\"right\"><span style=\"font-size: medium;\"><strong> <span style=\"color: #808080; font-family: Arial; font-size: small;\"> Lic. Mar\u00eda Fernanda Ipata<br \/>\nQu\u00e1sar Comunicaci\u00f3n<br \/>\n<\/span> <\/strong><\/span> <span style=\"font-size: xx-small;\"><span style=\"color: #ff0000;\"> Directo<\/span><b>: <\/b> 0230<\/span><span style=\"font-size: xx-small;\">-4664772<\/span><span style=\"font-size: xx-small;\"><br \/>\n<\/span><span style=\"font-size: xx-small;\"> <span style=\"color: #ff0000;\">M\u00f3vil:<\/span><b> <\/b> 0230<\/span><span style=\"font-size: xx-small;\">-15-4584535<br \/>\n011-15-6096-4656 ID 558*3763<br \/>\n<\/span><span style=\"color: #ff0000; font-size: xx-small;\"> Skype:<\/span><span style=\"font-size: xx-small;\"> quasarcomunicacion<br \/>\n<\/span><span style=\"color: #ff0000; font-size: xx-small;\"> Twitter:<\/span><span style=\"font-size: xx-small;\"> @quasarpilar<br \/>\n<\/span><span style=\"color: #ff0000; font-size: xx-small;\"> Gr<\/span><span style=\"color: #ff0000; font-size: xx-small;\">upo y p\u00e1gina en Facebook: <\/span> <span style=\"color: #808080; font-size: xx-small;\">www.facebook.com\/<\/span><a href=\"mailto:mfipata@gmail.com\"><span style=\"font-size: xx-small;\">Quasar<\/span><\/a><span style=\"font-size: xx-small;\">Comunicacion<br \/>\n<\/span><span style=\"font-size: xx-small;\"> <span style=\"color: #ff0000;\">LinkedIn<\/span><b>: <\/b><\/span> <a title=\"Ver perfil p\u00fablico\" href=\"http:\/\/ar.linkedin.com\/pub\/mar%C3%83%C2%AD-a-fernanda-ipata\/a\/293\/212\"> <span style=\"font-size: xx-small;\"> http:\/\/ar.linkedin.com\/pub\/mar%C3%AD-a-fernanda-ipata\/a\/293\/212<\/span><\/a><span style=\"font-size: xx-small;\"><br \/>\n<\/span><span style=\"color: #ff0000; font-size: xx-small;\"> Web:<\/span><b><\/b> <a href=\"http:\/\/www.quasarcomunicacion.com.ar\/\"> <span style=\"font-size: xx-small;\">www.quasarcomunicacion.com.ar<\/span><\/a><span style=\"font-size: xx-small;\"><br \/>\n<\/span><span style=\"font-size: xx-small;\"> <span style=\"color: #ff0000;\">Mail<\/span><b>:<\/b><\/span><span style=\"font-size: xx-small;\"> fernanda@quasarcomunicacion.com.ar<\/span><\/p>\n","protected":false},"excerpt":{"rendered":"<p>\u00a0El pasado jueves se realiz\u00f3 la primera capacitaci\u00f3n sobre Dise\u00f1o de Vidrieras en el marco del Concurso de Vidrieras de [&hellip;]<\/p>\n","protected":false},"author":2,"featured_media":4895,"comment_status":"open","ping_status":"open","sticky":false,"template":"","format":"standard","meta":[],"categories":[2],"tags":[],"_links":{"self":[{"href":"https:\/\/quasarcomunicacion.com.ar\/web\/wp-json\/wp\/v2\/posts\/4894"}],"collection":[{"href":"https:\/\/quasarcomunicacion.com.ar\/web\/wp-json\/wp\/v2\/posts"}],"about":[{"href":"https:\/\/quasarcomunicacion.com.ar\/web\/wp-json\/wp\/v2\/types\/post"}],"author":[{"embeddable":true,"href":"https:\/\/quasarcomunicacion.com.ar\/web\/wp-json\/wp\/v2\/users\/2"}],"replies":[{"embeddable":true,"href":"https:\/\/quasarcomunicacion.com.ar\/web\/wp-json\/wp\/v2\/comments?post=4894"}],"version-history":[{"count":0,"href":"https:\/\/quasarcomunicacion.com.ar\/web\/wp-json\/wp\/v2\/posts\/4894\/revisions"}],"wp:featuredmedia":[{"embeddable":true,"href":"https:\/\/quasarcomunicacion.com.ar\/web\/wp-json\/wp\/v2\/media\/4895"}],"wp:attachment":[{"href":"https:\/\/quasarcomunicacion.com.ar\/web\/wp-json\/wp\/v2\/media?parent=4894"}],"wp:term":[{"taxonomy":"category","embeddable":true,"href":"https:\/\/quasarcomunicacion.com.ar\/web\/wp-json\/wp\/v2\/categories?post=4894"},{"taxonomy":"post_tag","embeddable":true,"href":"https:\/\/quasarcomunicacion.com.ar\/web\/wp-json\/wp\/v2\/tags?post=4894"}],"curies":[{"name":"wp","href":"https:\/\/api.w.org\/{rel}","templated":true}]}}