{"id":4879,"date":"2014-08-19T20:33:53","date_gmt":"2014-08-19T23:33:53","guid":{"rendered":"https:\/\/quasarcomunicacion.com.ar\/web\/?p=4879"},"modified":"2014-08-19T20:33:53","modified_gmt":"2014-08-19T23:33:53","slug":"se-presenta-el-cuarteto-de-cuerdas-carpe-diem-en-la-fundacion-obra-de-misericordia","status":"publish","type":"post","link":"https:\/\/quasarcomunicacion.com.ar\/web\/se-presenta-el-cuarteto-de-cuerdas-carpe-diem-en-la-fundacion-obra-de-misericordia\/","title":{"rendered":"Se presenta el Cuarteto de Cuerdas Carpe Diem en la Fundaci\u00f3n Obra de Misericordia"},"content":{"rendered":"<p style=\"text-align: left;\" align=\"center\">\u00a0<span style=\"font-family: Verdana; font-size: small;\">El d\u00eda s\u00e1bado 23 de agosto a las 19 horas la Fundaci\u00f3n Obra de Misericordia presentar\u00e1 el <b>Concierto del Cuarteto de Cuerdas C\u00e1mara Carpe Diem<\/b>. La actividad se llevar\u00e1 a cabo en Cabo Primero Brasich 735, Manzanares, y se interpretar\u00e1n obras de J.S. Bach, W.A. Mozart y A. Piazzolla.<!--more--><\/span><\/p>\n<p align=\"left\"><img loading=\"lazy\" alt=\"\" src=\"http:\/\/www.quasarcomunicacion.com.ar\/varios\/auspicios\/conciertoagosto14.gif\" width=\"561\" height=\"650\" border=\"0\" \/><\/p>\n<p><span style=\"font-family: Verdana; font-size: small;\">Las entradas anticipadas tienen un valor de 80 pesos, mientras que en puerta el d\u00eda del concierto saldr\u00e1n 100 pesos. <\/span><br \/>\n<span style=\"font-family: Verdana; font-size: small;\">Para contactarse con la fundaci\u00f3n Obra de Misericordia, o solicitar las entradas anticipadas, enviar un e-mail a obra_demisericordia@yahoo.com o bien llamar al (0230)-4491056 \/ (011)-15-6533-7645 <\/span><br \/>\n<span style=\"font-family: Verdana; font-size: small;\">El evento cultural cuenta con el auspicio de Pilar GPS (www.pilargps.com.ar ), Dr. Diego Kuttel (especialista en ortodoncia), El Diario de Pilar (www.pilaradiario.com ), TEVSA, Pilar Hoy Noticias (www.pilarhoy.com.ar ) Qu\u00e1sar Comunicaci\u00f3n (www.quasarcomunicacion.com.ar ) y Madra (http:\/\/www.madraweb.com.ar)<\/span><\/p>\n","protected":false},"excerpt":{"rendered":"<p>\u00a0El d\u00eda s\u00e1bado 23 de agosto a las 19 horas la Fundaci\u00f3n Obra de Misericordia presentar\u00e1 el Concierto del Cuarteto [&hellip;]<\/p>\n","protected":false},"author":2,"featured_media":0,"comment_status":"open","ping_status":"open","sticky":false,"template":"","format":"standard","meta":[],"categories":[2],"tags":[],"_links":{"self":[{"href":"https:\/\/quasarcomunicacion.com.ar\/web\/wp-json\/wp\/v2\/posts\/4879"}],"collection":[{"href":"https:\/\/quasarcomunicacion.com.ar\/web\/wp-json\/wp\/v2\/posts"}],"about":[{"href":"https:\/\/quasarcomunicacion.com.ar\/web\/wp-json\/wp\/v2\/types\/post"}],"author":[{"embeddable":true,"href":"https:\/\/quasarcomunicacion.com.ar\/web\/wp-json\/wp\/v2\/users\/2"}],"replies":[{"embeddable":true,"href":"https:\/\/quasarcomunicacion.com.ar\/web\/wp-json\/wp\/v2\/comments?post=4879"}],"version-history":[{"count":0,"href":"https:\/\/quasarcomunicacion.com.ar\/web\/wp-json\/wp\/v2\/posts\/4879\/revisions"}],"wp:attachment":[{"href":"https:\/\/quasarcomunicacion.com.ar\/web\/wp-json\/wp\/v2\/media?parent=4879"}],"wp:term":[{"taxonomy":"category","embeddable":true,"href":"https:\/\/quasarcomunicacion.com.ar\/web\/wp-json\/wp\/v2\/categories?post=4879"},{"taxonomy":"post_tag","embeddable":true,"href":"https:\/\/quasarcomunicacion.com.ar\/web\/wp-json\/wp\/v2\/tags?post=4879"}],"curies":[{"name":"wp","href":"https:\/\/api.w.org\/{rel}","templated":true}]}}