{"id":4857,"date":"2014-08-11T15:39:20","date_gmt":"2014-08-11T18:39:20","guid":{"rendered":"https:\/\/quasarcomunicacion.com.ar\/web\/?p=4857"},"modified":"2014-08-11T15:39:20","modified_gmt":"2014-08-11T18:39:20","slug":"charla-gratuita-en-pilar-diseno-de-vidrieras-la-cara-de-mi-local-claves-para-vender-mas-y-mejor","status":"publish","type":"post","link":"https:\/\/quasarcomunicacion.com.ar\/web\/charla-gratuita-en-pilar-diseno-de-vidrieras-la-cara-de-mi-local-claves-para-vender-mas-y-mejor\/","title":{"rendered":"Charla gratuita en Pilar: &quot;Dise\u00f1o de Vidrieras: la cara de mi local. Claves para vender m\u00e1s y mejor&quot;"},"content":{"rendered":"<p style=\"text-align: left;\" align=\"center\"><span style=\"font-family: Verdana; font-size: small;\">En el marco del <b>Concurso de Vidrieras de Pilar &#8211; Edici\u00f3n Navidad 2014<\/b>, comienzan las capacitaciones para todos los comerciantes que deseen mejorar sus vidrieras para potenciar las ventas. De esta manera, organizado por <b>Emprender HOY<\/b>, Pilar GPS y <b>Pilar Emprende<\/b> se realizar\u00e1 el pr\u00f3ximo jueves 21 de agosto la primera capacitaci\u00f3n a cargo de <b>DECOmobi<\/b>, con la charla <\/span> <b><span style=\"font-family: Verdana; font-size: small;\">\u00abDise\u00f1o de vidrieras: La cara de mi local. Claves para vender m\u00e1s y mejor\u00bb. <\/span><\/b><span style=\"font-family: Verdana; font-size: small;\">SOLO SE REQUIERE INSCRIPCION PREVIA completando el siguiente formulario <a dir=\"ltr\" href=\"http:\/\/bit.ly\/1AHjb3P\" target=\"_blank\" rel=\"nofollow noopener noreferrer\" data-reactid=\".zx.1:3:1:$comment522444784556571_524265157707867:0.0.$right.0.$left.0.0.1:$comment-body.0.$range0:0\"> http:\/\/bit.ly\/1AHjb3P<\/a>\u00a0o enviando sus datos a <a href=\"mailto:info@emprenderhoy.com.ar\"> info@emprenderhoy.com.ar<!--more--><\/a><\/span><strong> <\/strong><\/p>\n<p>\u00a0<a href=\"https:\/\/quasarcomunicacion.com.ar\/web\/wp-content\/uploads\/2014\/08\/vidrierasagosto.gif\"><img class=\"aligncenter\" alt=\"vidrierasagosto\" src=\"https:\/\/quasarcomunicacion.com.ar\/web\/wp-content\/uploads\/2014\/08\/vidrierasagosto.gif\" \/><\/a><br \/>\n<span style=\"font-family: Verdana; font-size: small;\">La capacitaci\u00f3n, con entrada libre y gratuita, se desarrollar\u00e1 en <b>Meeting Point<\/b> (1\u00ba piso de Pilar Point, ruta 8 e Ituzaing\u00f3, Pilar) y estar\u00e1 a cargo del Vidrierista Decorador de <b>DECOmobi<\/b>, FERNANDO MAZZETTI. <\/span><br \/>\n<span style=\"font-family: Verdana; font-size: small;\">Durante la charla se hablar\u00e1 de la vidriera como imagen del local comercial y su influencia de manera directa en la identificaci\u00f3n de marca y producto. <\/span><br \/>\n<span style=\"font-family: Verdana; font-size: small;\">Tambi\u00e9n se abordar\u00e1n consideraci\u00f3n de aspectos comerciales, de marketing y est\u00e9ticos como los elementos para armar la vidriera; el uso del color y la iluminaci\u00f3n como protagonista, tipolog\u00eda, exhibici\u00f3n, materiales, ideas novedosas, etc.<\/span><br \/>\n<span style=\"font-family: Verdana; font-size: small;\">Como complemento se dar\u00e1 un panorama general de los aciertos y errores estrat\u00e9gicos que muchos comerciantes realizan en sus locales a modo de poder identificar posibles problemas y sus soluciones.<\/span><br \/>\n<span style=\"font-family: Verdana; font-size: small;\">Es de destacar que <b>DECOmob<\/b>i tiene su sede en la calle V\u00edctor Vergani 632, en Pilar,\u00a0 si bien en la escuela imparten cursos de Dise\u00f1o de Interiores, si ofrecen seminarios abiertos al p\u00fablico sobre temas relacionados a la decoraci\u00f3n como Feng Shui, Autocad, Espacios Verdes y tambi\u00e9n Dise\u00f1o de vidrieras a modo de seminarios cortos te\u00f3rico-pr\u00e1ctico. <\/span><br \/>\n<span style=\"font-family: Verdana; font-size: small;\">El <b>Concurso de Vidrieras<\/b> se trata de un proyecto colaborativo que cuenta con el apoyo de la Municipalidad del Pilar; C\u00e1mara de Comerciantes, Industriales, Profesionales, Propietarios y afines de Del Viso; Pilar Point; Peri\u00f3dico El Apogeo; la C\u00e1mara de Comercio de Villa Rosa; la Asociaci\u00f3n Civil de Comerciantes, Industriales, Profesionales y Afines de F\u00e1tima; Matute Copias; AutoYa Pilar; Meeting Point; FM Plaza; El Diario de Manuel Alberti; Pilar Hoy Noticias; Qu\u00e1sar Comunicaci\u00f3n; MP Motos, El Diario de Pilar, Zillion Marketing &amp; Design, HQ Imagen y Sonido; y Casa Pyme Pilar\u00a0 <\/span><br \/>\n<span style=\"font-family: Verdana; font-size: small;\">La charla es organizada por Emprender HOY, Pilar GPS, <b>DECOmobi<\/b> y Pilar Emprende.<\/span><br \/>\n<b><span style=\"font-family: Verdana; font-size: small;\">Mini CV de Fernando Mazzetti<\/span><\/b><br \/>\n<span style=\"font-family: Verdana; font-size: small;\"> Dise\u00f1ador de interiores, iluminaci\u00f3n y vidrierista.<\/span><br \/>\n<span style=\"font-family: Verdana; font-size: small;\">Desde el a\u00f1o 1986 est\u00e1 involucrado en este \u00e1mbito desde diferentes perspectivas como asesor de ventas, proyectista, dise\u00f1ador de luminarias, dise\u00f1o y direcci\u00f3n de obras. Actualmente se dedica a proyectos de dise\u00f1o interior e iluminaci\u00f3n residencial y comercial.<\/span><br \/>\n<span style=\"font-family: Verdana; font-size: small;\">Director de Escuela de Decoraci\u00f3n de Interiores \u201c<b>DECOmobi<\/b>\u201d de Buenos Aires y docente del \u00e1rea Dise\u00f1o de Iluminaci\u00f3n.<\/span><br \/>\n<span style=\"font-family: Verdana; font-size: small;\">Dicta seminarios en exposiciones, congresos y universidades en Argentina.<br \/>\nEscribe en revistas especializadas de Argentina y M\u00e9xico<br \/>\nCreador del grupo en facebook \u201cDise\u00f1o interior e iluminaci\u00f3n\u201d.<\/span><br \/>\n<b><span style=\"font-family: Verdana; font-size: small;\">Mini historia de DecoMobi<\/span><\/b><br \/>\n<span style=\"font-family: Verdana; font-size: small;\"><b> <a href=\"https:\/\/quasarcomunicacion.com.ar\/web\/wp-content\/uploads\/2014\/08\/decomobi.gif\"><img class=\"alignright\" alt=\"decomobi\" src=\"https:\/\/quasarcomunicacion.com.ar\/web\/wp-content\/uploads\/2014\/08\/decomobi.gif\" \/><\/a>DECOmobi<\/b> es un instituto especializado en la ense\u00f1anza de Decoraci\u00f3n de Interiores, que cuenta con su sede en Pilar ubicada en Vergani 632. La escuela comenz\u00f3 hace m\u00e1s de 40 a\u00f1os, y desde entonces ha crecido en trayectoria y profesionalismo, ampli\u00e1ndose hasta las once actuales sucursales. <\/span><br \/>\n<span style=\"font-family: Verdana; font-size: small;\">Para contactarse con <b>DECOmobi<\/b> llamar al (0230) 437-3076 \/ (011) 15-5704-5288, enviar un e-mail a info@decomobi.com.ar o visitar las instalaciones en V\u00edctor Vergani 632 los martes y viernes de 9 a 12, de 13.15 a 16.30 y de 18 a 21.30 hs.<\/span><\/p>\n<p align=\"right\"><span style=\"font-size: small;\"><b><i><span style=\"font-family: Arial;\">Por otras im\u00e1genes, audios o entrevistas no dude en contactarse<\/span><\/i><\/b><\/span><\/p>\n<p align=\"right\"><span style=\"font-size: medium;\"><strong> <span style=\"color: #808080; font-family: Arial; font-size: small;\"> Lic. Mar\u00eda Fernanda Ipata<br \/>\nQu\u00e1sar Comunicaci\u00f3n<br \/>\n<\/span> <\/strong><\/span> <span style=\"font-size: xx-small;\"><span style=\"color: #ff0000;\"> Directo<\/span><b>: <\/b> 0230<\/span><span style=\"font-size: xx-small;\">-4664772<\/span><span style=\"font-size: xx-small;\"><br \/>\n<\/span><span style=\"font-size: xx-small;\"> <span style=\"color: #ff0000;\">M\u00f3vil:<\/span><b> <\/b> 0230<\/span><span style=\"font-size: xx-small;\">-15-4584535<br \/>\n011-15-6096-4656 ID 558*3763<br \/>\n<\/span><span style=\"color: #ff0000; font-size: xx-small;\"> Skype:<\/span><span style=\"font-size: xx-small;\"> quasarcomunicacion<br \/>\n<\/span><span style=\"color: #ff0000; font-size: xx-small;\"> Twitter:<\/span><span style=\"font-size: xx-small;\"> @quasarpilar<br \/>\n<\/span><span style=\"color: #ff0000; font-size: xx-small;\"> Gr<\/span><span style=\"color: #ff0000; font-size: xx-small;\">upo y p\u00e1gina en Facebook: <\/span> <span style=\"color: #808080; font-size: xx-small;\">www.facebook.com\/<\/span><a href=\"mailto:mfipata@gmail.com\"><span style=\"font-size: xx-small;\">Quasar<\/span><\/a><span style=\"font-size: xx-small;\">Comunicacion<br \/>\n<\/span><span style=\"font-size: xx-small;\"> <span style=\"color: #ff0000;\">LinkedIn<\/span><b>: <\/b><\/span> <a title=\"Ver perfil p\u00fablico\" href=\"http:\/\/ar.linkedin.com\/pub\/mar%C3%83%C2%AD-a-fernanda-ipata\/a\/293\/212\"> <span style=\"font-size: xx-small;\"> http:\/\/ar.linkedin.com\/pub\/mar%C3%AD-a-fernanda-ipata\/a\/293\/212<\/span><\/a><span style=\"font-size: xx-small;\"><br \/>\n<\/span><span style=\"color: #ff0000; font-size: xx-small;\"> Web:<\/span><b><\/b> <a href=\"http:\/\/www.quasarcomunicacion.com.ar\/\"> <span style=\"font-size: xx-small;\">www.quasarcomunicacion.com.ar<\/span><\/a><span style=\"font-size: xx-small;\"><br \/>\n<\/span><span style=\"font-size: xx-small;\"> <span style=\"color: #ff0000;\">Mail<\/span><b>:<\/b><\/span><span style=\"font-size: xx-small;\"> fernanda@quasarcomunicacion.com.ar<\/span><\/p>\n","protected":false},"excerpt":{"rendered":"<p>En el marco del Concurso de Vidrieras de Pilar &#8211; Edici\u00f3n Navidad 2014, comienzan las capacitaciones para todos los comerciantes [&hellip;]<\/p>\n","protected":false},"author":2,"featured_media":4858,"comment_status":"open","ping_status":"open","sticky":false,"template":"","format":"standard","meta":[],"categories":[2],"tags":[],"_links":{"self":[{"href":"https:\/\/quasarcomunicacion.com.ar\/web\/wp-json\/wp\/v2\/posts\/4857"}],"collection":[{"href":"https:\/\/quasarcomunicacion.com.ar\/web\/wp-json\/wp\/v2\/posts"}],"about":[{"href":"https:\/\/quasarcomunicacion.com.ar\/web\/wp-json\/wp\/v2\/types\/post"}],"author":[{"embeddable":true,"href":"https:\/\/quasarcomunicacion.com.ar\/web\/wp-json\/wp\/v2\/users\/2"}],"replies":[{"embeddable":true,"href":"https:\/\/quasarcomunicacion.com.ar\/web\/wp-json\/wp\/v2\/comments?post=4857"}],"version-history":[{"count":0,"href":"https:\/\/quasarcomunicacion.com.ar\/web\/wp-json\/wp\/v2\/posts\/4857\/revisions"}],"wp:featuredmedia":[{"embeddable":true,"href":"https:\/\/quasarcomunicacion.com.ar\/web\/wp-json\/wp\/v2\/media\/4858"}],"wp:attachment":[{"href":"https:\/\/quasarcomunicacion.com.ar\/web\/wp-json\/wp\/v2\/media?parent=4857"}],"wp:term":[{"taxonomy":"category","embeddable":true,"href":"https:\/\/quasarcomunicacion.com.ar\/web\/wp-json\/wp\/v2\/categories?post=4857"},{"taxonomy":"post_tag","embeddable":true,"href":"https:\/\/quasarcomunicacion.com.ar\/web\/wp-json\/wp\/v2\/tags?post=4857"}],"curies":[{"name":"wp","href":"https:\/\/api.w.org\/{rel}","templated":true}]}}