{"id":483,"date":"2012-06-15T18:54:09","date_gmt":"2012-06-15T18:54:09","guid":{"rendered":"http:\/\/quasarcomunicacion.wordpress.com\/?p=483"},"modified":"2012-06-15T18:54:09","modified_gmt":"2012-06-15T18:54:09","slug":"celebran-el-ano-nuevo-en-la-reserva-natural-del-pilar","status":"publish","type":"post","link":"https:\/\/quasarcomunicacion.com.ar\/web\/celebran-el-ano-nuevo-en-la-reserva-natural-del-pilar\/","title":{"rendered":"Celebran el A\u00f1o Nuevo en la Reserva Natural del Pilar"},"content":{"rendered":"<p style=\"text-align:left;\" align=\"center\"><em>\u00a0<\/em><span style=\"font-family:Verdana;\">El pr\u00f3ximo s\u00e1bado 23 de junio desde las 20 hs, la <strong>Asociaci\u00f3n Patrimonio Natural <\/strong>invita al <\/span><span style=\"font-family:Verdana;font-size:small;\"><strong>Festejo por el A\u00f1o Nuevo del Hemisferio Sur <\/strong>en <strong>La Reserva Natural de Pilar<!--more--><\/strong><\/span><\/p>\n<p><span style=\"font-family:Verdana;font-size:small;\">Informes llamando al (0230) 4667065 \/ 011-15-5730-2504 Sra. Graciela o por e-mail a <a href=\"mailto:info@patrimonionatural.org.ar\"> info@patrimonionatural.org.ar<\/a><\/span><br \/>\n<span style=\"font-family:Verdana;font-size:small;\">Tal es as\u00ed que el pr\u00f3ximo s\u00e1bado 23 de junio a partir de las 20 hs., en la <strong>Reserva Natural del Pilar <\/strong>se festejar\u00e1 el Nuevo A\u00f1o, de acuerdo a la realidad astron\u00f3mica. Se comenzar\u00e1 con una caminata nocturna y el festejo correspondiente.<\/span><br \/>\n<span style=\"font-family:Verdana;font-size:small;\">El evento es organizado por la Asociaci\u00f3n Patrimonio Natural, entidad que gestiona la <strong>Reserva Natural del Pilar<\/strong>.<\/span><br \/>\n<span style=\"font-family:Verdana;font-size:small;\">La celebraci\u00f3n, consistir\u00e1 en el encendido de las cuatro fogatas tradicionales de esta ceremonia. La Asociaci\u00f3n Patrimonio Natural invita a toda la comunidad a participar y conocer un poco m\u00e1s de esta fecha tradicional de las culturas originarias del hemisferio sur, en el predio ubicado detr\u00e1s de la ex F\u00e1brica Militar con entrada libre y gratuita.<\/span><br \/>\n<span style=\"font-family:Verdana;font-size:small;\">La Reserva Natural del Pilar se encuentra a menos de 2 km. del casco urbano de la ciudad del Pilar y de la Panamericana (Ramal Pilar, Km 53). Su acceso es muy f\u00e1cil ya que hay asfalto hasta el ingreso a la misma y un colectivo llega hasta all\u00ed, el que va a Ex F\u00e1brica Militar y parte del centro de Pilar.<\/span><br \/>\n<span style=\"font-family:Verdana;font-size:small;\">Para participar de la celebraci\u00f3n, se solicita que las mujeres concurran con polleras (puede ser por arriba de la vestimenta diaria), prenda que representa la imagen de la Mujer para la Pachamama. Los que deseen pueden traer vianda para cenar en torno al fog\u00f3n.<\/span><br \/>\n<span style=\"font-family:Verdana;font-size:small;\"><strong>Fotos:<\/strong> <a href=\"https:\/\/picasaweb.google.com\/patrimonionatural\/CaminataNoviembre\"> https:\/\/picasaweb.google.com\/patrimonionatural\/CaminataNoviembre<\/a><\/span><br \/>\n<strong><span style=\"font-family:Verdana;font-size:small;\">La celebraci\u00f3n<\/span><\/strong><br \/>\n<span style=\"font-family:Verdana;font-size:small;\">La celebraci\u00f3n se iniciar\u00e1 cuando las cuatro fogatas, ubicadas en cada uno de los puntos cardinales, ardan mientras que el sol se pone. Los fuegos quedar\u00e1n encendidas hasta las 22 hs. momento en el que se juntar\u00e1 a todos los visitantes para que en grupo se reflexione acerca de la importancia de reivindicar estas fechas que son Patrimonio Natural y Cultural.<\/span><br \/>\n<span style=\"font-family:Verdana;font-size:small;\">El sentido que tiene todo el ritual es recibir a la nueva temporada de producci\u00f3n de la tierra que nos provee de alimentos, o sea, el renacer de la naturaleza.<br \/>\nAcerca del A\u00f1o Nuevo del Hemisferio Sur <\/span><br \/>\n<span style=\"font-family:Verdana;font-size:small;\">Desde tiempos inmemoriales los pueblos originarios han identificado los equinoccios y solsticios, correspondientes a la trayectoria del Sol, examinando el comportamiento de su entorno natural. De acuerdo a esas observaciones, trazaron calendarios anuales que les permitieron llevar una convivencia arm\u00f3nica con la naturaleza. La profunda espiritualidad de los pueblos originarios est\u00e1 directamente relacionada con la naturaleza que es la que da la vida.<\/span><br \/>\n<span style=\"font-family:Verdana;font-size:small;\">Fecha clave en esta concepci\u00f3n del mundo es el solsticio de invierno, que marca el inicio del nuevo ciclo de vida. En el hemisferio sur esto ocurre en el mes de junio, entre los d\u00edas 20 y 24. <\/span><br \/>\n<span style=\"font-family:Verdana;font-size:small;\">El solsticio de invierno es considerado por los pueblos nativos como un renacer. Es el per\u00edodo del a\u00f1o en que la naturaleza se renueva. Ha finalizado la \u00e9poca de cosecha y el descanso necesario de la tierra y est\u00e1 preparada para su nuevo tiempo de fertilidad. Se acerca la siembra. Pronto, los brotes emerger\u00e1n desde la tierra, los animales cambiar\u00e1n su pelaje y el agua de los r\u00edos se nutrir\u00e1 de lluvias y deshielos. Este momento es visualizado como el tiempo en que \u201cEl sol emprende su camino de regreso\u201d a la Tierra. Regresa la luz y, con ella, la vida en todo su esplendor. <\/span><br \/>\n<span style=\"font-family:Verdana;font-size:small;\">La v\u00edspera del solsticio es la noche m\u00e1s larga del a\u00f1o, luego de ese momento clave y durante los seis meses siguientes, las noches se acortan y los d\u00edas se alargan. En el ambiente hay m\u00e1s luz disponible y con ello mayor abundancia. <\/span><br \/>\n<span style=\"font-family:Verdana;font-size:small;\">Pero no s\u00f3lo la naturaleza se renueva, tambi\u00e9n los seres humanos. Al saberse parte de la naturaleza, se espera establecer con ella relaciones de reciprocidad.<br \/>\nLa importancia de esta relaci\u00f3n primordial se expresa en la identidad social, cultural y religiosa de los pueblos originarios, siempre vinculada al culto de la naturaleza, a los elementos que la constituyen: el Sol (padre sol), la Tierra (madre tierra), los \u00e1rboles como el Canelo o la Araucaria y los animales, todos sagrados en este mundo donde la vida es el mayor tesoro.<\/span><br \/>\n<span style=\"font-family:Verdana;font-size:small;\">El A\u00f1o Nuevo constituye un momento primordial en que ser humano y naturaleza pactan su vida en armon\u00eda, celebrando la ceremonia ritual del A\u00f1o Nuevo o del inicio de un nuevo ciclo de vida.<\/span><\/p>\n","protected":false},"excerpt":{"rendered":"<p>\u00a0El pr\u00f3ximo s\u00e1bado 23 de junio desde las 20 hs, la Asociaci\u00f3n Patrimonio Natural invita al Festejo por el A\u00f1o [&hellip;]<\/p>\n","protected":false},"author":2,"featured_media":0,"comment_status":"open","ping_status":"open","sticky":false,"template":"","format":"standard","meta":[],"categories":[2],"tags":[],"_links":{"self":[{"href":"https:\/\/quasarcomunicacion.com.ar\/web\/wp-json\/wp\/v2\/posts\/483"}],"collection":[{"href":"https:\/\/quasarcomunicacion.com.ar\/web\/wp-json\/wp\/v2\/posts"}],"about":[{"href":"https:\/\/quasarcomunicacion.com.ar\/web\/wp-json\/wp\/v2\/types\/post"}],"author":[{"embeddable":true,"href":"https:\/\/quasarcomunicacion.com.ar\/web\/wp-json\/wp\/v2\/users\/2"}],"replies":[{"embeddable":true,"href":"https:\/\/quasarcomunicacion.com.ar\/web\/wp-json\/wp\/v2\/comments?post=483"}],"version-history":[{"count":0,"href":"https:\/\/quasarcomunicacion.com.ar\/web\/wp-json\/wp\/v2\/posts\/483\/revisions"}],"wp:attachment":[{"href":"https:\/\/quasarcomunicacion.com.ar\/web\/wp-json\/wp\/v2\/media?parent=483"}],"wp:term":[{"taxonomy":"category","embeddable":true,"href":"https:\/\/quasarcomunicacion.com.ar\/web\/wp-json\/wp\/v2\/categories?post=483"},{"taxonomy":"post_tag","embeddable":true,"href":"https:\/\/quasarcomunicacion.com.ar\/web\/wp-json\/wp\/v2\/tags?post=483"}],"curies":[{"name":"wp","href":"https:\/\/api.w.org\/{rel}","templated":true}]}}