{"id":4807,"date":"2014-07-31T11:46:32","date_gmt":"2014-07-31T14:46:32","guid":{"rendered":"https:\/\/quasarcomunicacion.com.ar\/web\/?p=4807"},"modified":"2014-07-31T11:46:32","modified_gmt":"2014-07-31T14:46:32","slug":"la-fundacion-por-pilar-organiza-un-nuevo-encuentro-de-dialogo-interreligioso","status":"publish","type":"post","link":"https:\/\/quasarcomunicacion.com.ar\/web\/la-fundacion-por-pilar-organiza-un-nuevo-encuentro-de-dialogo-interreligioso\/","title":{"rendered":"La Fundaci\u00f3n Por Pilar organiza un nuevo encuentro de Di\u00e1logo Interreligioso"},"content":{"rendered":"<p style=\"text-align: left;\" align=\"center\"><span style=\"font-family: Verdana; font-size: small;\">\u00a0El d\u00eda jueves 7 de agosto de 18.30 a 20.30 horas la <\/span><b style=\"font-family: Verdana; font-size: small;\"> Fundaci\u00f3n por Pilar<\/b><span style=\"font-family: Verdana; font-size: small;\"> realizar\u00e1 un nuevo encuentro de <\/span><b style=\"font-family: Verdana; font-size: small;\"> \u201cDi\u00e1logo Interreligioso, cr\u00f3nicas de Tierra Santa y un abrazo por la Paz\u201d.<\/b><span style=\"font-family: Verdana; font-size: small;\"> La entrada es gratuita y se aceptar\u00e1n donaciones voluntarias.<!--more--><\/span><\/p>\n<p align=\"center\"><a href=\"https:\/\/quasarcomunicacion.com.ar\/web\/wp-content\/uploads\/2014\/07\/intereligioso2014.gif\"><img class=\"aligncenter\" alt=\"intereligioso2014\" src=\"https:\/\/quasarcomunicacion.com.ar\/web\/wp-content\/uploads\/2014\/07\/intereligioso2014.gif\" \/><\/a><\/p>\n<p align=\"left\"><span style=\"font-family: Verdana; font-size: small;\">El evento se desarrollar\u00e1 en el hotel Sheraton de Pilar (Panamericana Km. 49,5, Pilar). Para comunicarse con la <b>Fundaci\u00f3n por Pilar <\/b>enviar un e-mail a info@fundacionporpilar.org.ar o llamar al 011 15 4163 0575. <\/span><\/p>\n<p><span style=\"font-family: Verdana; font-size: small;\">Los oradores a cargo ser\u00e1n Pbro. Guillermo Marc\u00f3, Director de la Pastoral Universitaria del Arzobispado de Buenos Aires y Omar Abboud, fundador del Instituto para el Di\u00e1logo Interreligioso. Tambi\u00e9n participar\u00e1n Daniel Goldman, l\u00edder espiritual de la comunidad Bet de Argentina y fundador del Instituto para el Di\u00e1logo Interreligioso y por \u00faltimo, estar\u00e1 presente tambi\u00e9n Sergio Rub\u00edn, periodista especializado y compilador del encuentro.<\/span><br \/>\n<span style=\"font-family: Verdana; font-size: small;\">Para conocer m\u00e1s acerca de la <b>Fundaci\u00f3n por Pilar<\/b> visitar su p\u00e1gina web <a href=\"http:\/\/www.fundacionporpilar.org.ar\/\"> www.fundacionporpilar.org.ar<\/a>\u00a0 <\/span><\/p>\n<p align=\"center\"><b><span style=\"font-family: Verdana; font-size: small;\">Acceso a toda la informaci\u00f3n e im\u00e1genes en alta definici\u00f3n ingresando en<\/span><\/b><br \/>\n<a href=\"http:\/\/www.quasarcomunicacion.com.ar\/working\"> www.quasarcomunicacion.com.ar\/fxp<\/a><\/p>\n<p align=\"right\"><span style=\"font-size: small;\"><b><i><span style=\"font-family: Arial;\">Por otras im\u00e1genes, audios o entrevistas no dude en contactarse<br \/>\n<\/span><\/i><\/b> <\/span> <span style=\"font-size: medium;\"><strong> <span style=\"color: #808080; font-family: Arial; font-size: small;\"> Camila Sarmiento<br \/>\nQu\u00e1sar Comunicaci\u00f3n<br \/>\n<\/span> <\/strong><\/span> <span style=\"font-size: xx-small;\"><span style=\"color: #ff0000;\"> Directo<\/span><b>: <\/b> 0230<\/span><span style=\"font-size: xx-small;\">-4664772<\/span><span style=\"font-size: xx-small;\"><br \/>\n<\/span><span style=\"font-size: xx-small;\"> <span style=\"color: #ff0000;\">M\u00f3vil:<\/span><b> <\/b> 0230-<\/span><span style=\"font-size: xx-small;\">15-4584535<br \/>\n011-15-6096-4656 ID 558*3763<br \/>\n<\/span><span style=\"color: #ff0000; font-size: xx-small;\"> Skype:<\/span><span style=\"font-size: xx-small;\"> quasarcomunicacion<br \/>\n<\/span><span style=\"color: #ff0000; font-size: xx-small;\"> Twitter:<\/span><span style=\"font-size: xx-small;\"> @quasarpilar<br \/>\n<\/span><span style=\"color: #ff0000; font-size: xx-small;\"> Gr<\/span><span style=\"color: #ff0000; font-size: xx-small;\">upo y p\u00e1gina en Facebook: <\/span> <span style=\"color: #808080; font-size: xx-small;\">www.facebook.com\/<\/span><a href=\"mailto:mfipata@gmail.com\"><span style=\"font-size: xx-small;\">Quasar<\/span><\/a><span style=\"font-size: xx-small;\">Comunicacion<br \/>\n<\/span><span style=\"font-size: xx-small;\"> <span style=\"color: #ff0000;\">LinkedIn<\/span><b>: <\/b><\/span> <span style=\"font-size: xx-small;\"> <a href=\"http:\/\/www.linkedin.com\/company\/qu-sar-comunicaci-n?trk=hb_tab_compy_id_2267649\"> http:\/\/www.linkedin.com\/company\/qu-sar-comunicaci-n?trk=hb_tab_compy_id_2267649<\/a><\/span><span style=\"color: #0000ff; font-size: xx-small;\"> \u00a0<\/span><span style=\"font-size: xx-small;\"><br \/>\n<\/span><span style=\"color: #ff0000; font-size: xx-small;\"> Web:<\/span><b><\/b> <a href=\"http:\/\/www.quasarcomunicacion.com.ar\/\"> <span style=\"font-size: xx-small;\">www.quasarcomunicacion.com.ar<\/span><\/a><span style=\"font-size: xx-small;\"><br \/>\n<\/span><span style=\"font-size: xx-small;\"> <span style=\"color: #ff0000;\">Mail<\/span><b>:<\/b><\/span><span style=\"font-size: xx-small;\"> asistente@quasarcomunicacion.com.ar<\/span><\/p>\n","protected":false},"excerpt":{"rendered":"<p>\u00a0El d\u00eda jueves 7 de agosto de 18.30 a 20.30 horas la Fundaci\u00f3n por Pilar realizar\u00e1 un nuevo encuentro de [&hellip;]<\/p>\n","protected":false},"author":2,"featured_media":4808,"comment_status":"open","ping_status":"open","sticky":false,"template":"","format":"standard","meta":[],"categories":[2],"tags":[],"_links":{"self":[{"href":"https:\/\/quasarcomunicacion.com.ar\/web\/wp-json\/wp\/v2\/posts\/4807"}],"collection":[{"href":"https:\/\/quasarcomunicacion.com.ar\/web\/wp-json\/wp\/v2\/posts"}],"about":[{"href":"https:\/\/quasarcomunicacion.com.ar\/web\/wp-json\/wp\/v2\/types\/post"}],"author":[{"embeddable":true,"href":"https:\/\/quasarcomunicacion.com.ar\/web\/wp-json\/wp\/v2\/users\/2"}],"replies":[{"embeddable":true,"href":"https:\/\/quasarcomunicacion.com.ar\/web\/wp-json\/wp\/v2\/comments?post=4807"}],"version-history":[{"count":0,"href":"https:\/\/quasarcomunicacion.com.ar\/web\/wp-json\/wp\/v2\/posts\/4807\/revisions"}],"wp:featuredmedia":[{"embeddable":true,"href":"https:\/\/quasarcomunicacion.com.ar\/web\/wp-json\/wp\/v2\/media\/4808"}],"wp:attachment":[{"href":"https:\/\/quasarcomunicacion.com.ar\/web\/wp-json\/wp\/v2\/media?parent=4807"}],"wp:term":[{"taxonomy":"category","embeddable":true,"href":"https:\/\/quasarcomunicacion.com.ar\/web\/wp-json\/wp\/v2\/categories?post=4807"},{"taxonomy":"post_tag","embeddable":true,"href":"https:\/\/quasarcomunicacion.com.ar\/web\/wp-json\/wp\/v2\/tags?post=4807"}],"curies":[{"name":"wp","href":"https:\/\/api.w.org\/{rel}","templated":true}]}}