{"id":4803,"date":"2014-07-30T13:20:33","date_gmt":"2014-07-30T16:20:33","guid":{"rendered":"https:\/\/quasarcomunicacion.com.ar\/web\/?p=4803"},"modified":"2014-07-30T13:20:33","modified_gmt":"2014-07-30T16:20:33","slug":"este-sabado-se-celebra-la-pachamama-en-la-reserva-natural-del-pilar","status":"publish","type":"post","link":"https:\/\/quasarcomunicacion.com.ar\/web\/este-sabado-se-celebra-la-pachamama-en-la-reserva-natural-del-pilar\/","title":{"rendered":"Este s\u00e1bado se celebra la Pachamama en la Reserva Natural del Pilar"},"content":{"rendered":"<p style=\"text-align: left;\" align=\"center\"><i><a href=\"https:\/\/quasarcomunicacion.com.ar\/web\/wp-content\/uploads\/2014\/07\/pachamama.gif\"><img class=\"alignright\" alt=\"pachamama\" src=\"https:\/\/quasarcomunicacion.com.ar\/web\/wp-content\/uploads\/2014\/07\/pachamama.gif\" \/><\/a>\u00a0<\/i>El pr\u00f3ximo s\u00e1bado 2 de agosto, a las 15 hs se realizar\u00e1 la celebraci\u00f3n en honor al d\u00eda de la pachamama en la <b>Reserva Natural del Pilar<\/b>, que como todos los d\u00edas\u00a0 estar\u00e1 abierta desde las 11 hs con visitas guiadas a cargo de Guardaparques y Voluntarios.<\/p>\n<p align=\"left\">Para comunicarse con la <b>Reserva Natural del Pilar <\/b>y solicitar m\u00e1s informaci\u00f3n acerca de las actividades que proponen, llamar al 011 15 5052 7846 o contactarse v\u00eda e-mail a <a href=\"mailto:info@patrimonionatural.org.ar\">info@patrimonionatural.org.ar<!--more--><\/a><\/p>\n<p><span style=\"font-family: Verdana;\"> Entrada libre y gratuita, actividad\u00a0 abierta a toda la comunidad.<\/span><br \/>\nLa <b>Reserva Natural del Pilar <\/b>se encuentra a menos de 2 km del casco urbano de la ciudad del Pilar y de la Panamericana (Ramal Pilar). Su acceso es muy f\u00e1cil ya que hay asfalto hasta el ingreso a la misma y el colectivo 503 llega hasta all\u00ed, indica a Ex F\u00e1brica Militar y parte del centro de Pilar. La reserva se erige al fondo de la calle Savio que sale de ruta 25 camino a Escobar.<br \/>\nLa tierra es la fuente de sustento de toda la humanidad. En la tierra se realiza y dignifica el trabajo de los hombres y de las mujeres. De la tierra obtenemos los alimentos para vivir.<br \/>\nEs por eso que la nombramos diciendo: \u00abPachamama Santa Tierra\u00bb. Al igual que sus hijos, come, bebe, respira y descansa: es una madre llena de vida, pero para recibir su protecci\u00f3n debemos protegerla y para recibir un buen alimento debemos alimentarla. La tierra es Pachamama en toda la regi\u00f3n andina, y en la mayor\u00eda de los pueblos ind\u00edgenas de Am\u00e9rica es venerada como Madre Naturaleza.<br \/>\nPacha es tierra y mama es madre. Desde muy peque\u00f1os hemos aprendido de nuestros abuelos que la Pachamama es nuestra madre y todos los seres humanos somos sus hijos. A medida que crecemos reafirmamos y transmitimos este sentimiento: como hijos tenemos que cuidar a nuestra madre y como hermanos debemos cuidarnos entre nosotros por el bien de la humanidad entera.<br \/>\nLa Pachamama es nuestra casa y que en este hogar convivimos seres humanos, animales y plantas. Todos los seres vivos estamos \u00edntimamente relacionados con el aire, el agua, el suelo y los vientos, es decir con todas las fuerzas de la naturaleza que componen el ambiente.<br \/>\nDicen los guaran\u00edes: \u00abla tierra es nuestra madre, es nuestra vida y es nuestra libertad\u00bb. Tambi\u00e9n las comunidades collas expresan un sentimiento que se resume en la siguiente frase: \u00aben nuestra mente, en nuestros labios y en nuestro coraz\u00f3n est\u00e1 nuestra Pachamama\u00bb. Pero \u00abla tierra no nos pertenece sino que nosotros pertenecemos a ella porque somos sus hijos\u00bb dec\u00eda un anciano de la tribu Seattle, de Norteam\u00e9rica.<br \/>\n\u00ab\u00bfTiene due\u00f1o la tierra? \u00bfC\u00f3mo as\u00ed? \u00bfC\u00f3mo se ha de vender? \u00bfC\u00f3mo se ha de comprar? Si ella no nos pertenece, pues. Nosotros somos de ella. Sus hijos somos.<br \/>\nAs\u00ed siempre, siempre. Tierra viva. Como cr\u00eda a los gusanos, as\u00ed nos cr\u00eda. Tiene huesos y sangre. Leche tiene, y nos da de mamar. Pelo tiene, pasto, paja, \u00e1rboles. Ella sabe parir papas. Hace nacer casas. Gente hace nacer. Ella nos cuida y nosotros la cuidamos. Ella bebe chicha, acepta nuestro convite. Hijos suyos somos. \u00bfC\u00f3mo se ha de vender? \u00bfC\u00f3mo se ha de comprar?\u00bb, dice E. Galeano<\/p>\n<p align=\"center\"><b><span style=\"font-family: Arial; font-size: small;\">Toda la info de la Reserva ingresando en\u00a0<\/span><\/b><br \/>\n<b><span style=\"font-family: Arial; font-size: medium;\"> <a href=\"http:\/\/www.quasarcomunicacion.com.ar\/reserva\/prensa.htm\"> http:\/\/www.quasarcomunicacion.com.ar\/reserva<\/a><\/span><\/b><\/p>\n<p><span style=\"font-size: small;\"><b><i>\u00a0<span style=\"font-family: Arial;\">Por otras im\u00e1genes, audios o entrevistas no dude en contactarse<\/span><\/i><\/b><\/span><\/p>\n<p align=\"center\"><span style=\"font-size: small;\"><b><i> Contactos de Prensa<\/i><\/b><\/span><\/p>\n<div align=\"left\">\n<table width=\"100%\" border=\"1\" cellpadding=\"2\" align=\"left\">\n<tbody>\n<tr>\n<td width=\"50%\">\n<p align=\"left\"><span style=\"font-size: medium;\"><strong> <span style=\"color: #808080; font-family: Arial; font-size: small;\"> Camila Sarmiento &#8211; Asistente de Cuentas<br \/>\n<\/span> <\/strong><\/span> <span style=\"font-size: xx-small;\"><span style=\"color: #ff0000;\"> Directo<\/span><b>: <\/b> 0230<\/span><span style=\"font-size: xx-small;\">-4664772<br \/>\n<\/span><span style=\"color: #ff0000; font-size: xx-small;\"> Skype:<\/span><span style=\"font-size: xx-small;\"> quasarcomunicacion<br \/>\n<\/span><span style=\"color: #ff0000; font-size: xx-small;\"> Twitter:<\/span><span style=\"font-size: xx-small;\"> @quasarpilar<br \/>\n<\/span><span style=\"color: #ff0000; font-size: xx-small;\"> Gr<\/span><span style=\"color: #ff0000; font-size: xx-small;\">upo y p\u00e1gina en Facebook: <\/span> <span style=\"color: #808080; font-size: xx-small;\">www.facebook.com\/<\/span><a href=\"mailto:mfipata@gmail.com\"><span style=\"font-size: xx-small;\">Quasar<\/span><\/a><span style=\"font-size: xx-small;\">Comunicacion<br \/>\n<\/span><span style=\"color: #ff0000; font-size: xx-small;\"> Web:<\/span><b><\/b> <a href=\"http:\/\/www.quasarcomunicacion.com.ar\/\"> <span style=\"font-size: xx-small;\">www.quasarcomunicacion.com.ar<\/span><\/a><\/p>\n<p align=\"left\"><span style=\"font-size: xx-small;\"> <span style=\"color: #ff0000;\">Mail<\/span><b>:<\/b><\/span><span style=\"font-size: xx-small;\"> <a href=\"mailto:fernanda@quasarcomunicacion.com.ar\"> asistente@quasarcomunicacion.com.ar<\/a><\/span><\/p>\n<\/td>\n<td width=\"50%\">\n<p align=\"right\"><span style=\"font-size: medium;\"><strong> <span style=\"color: #808080; font-family: Arial; font-size: small;\"> Lic. Mar\u00eda Fernanda Ipata &#8211; Directora<br \/>\n<\/span> <\/strong><\/span> <span style=\"font-size: xx-small;\"><span style=\"color: #ff0000;\"><br \/>\nDirecto<\/span><b>: <\/b> 0230<\/span><span style=\"font-size: xx-small;\">-4664772<\/span><span style=\"font-size: xx-small;\"><br \/>\n<\/span><span style=\"font-size: xx-small;\"> <span style=\"color: #ff0000;\">M\u00f3vil:<\/span><b> <\/b> 0230<\/span><span style=\"font-size: xx-small;\">-15-4584535<br \/>\n011-15-6096-4656 ID 558*3763<br \/>\n<\/span><span style=\"color: #ff0000; font-size: xx-small;\"> Skype:<\/span><span style=\"font-size: xx-small;\"> quasarcomunicacion<br \/>\n<\/span><span style=\"color: #ff0000; font-size: xx-small;\"> Twitter:<\/span><span style=\"font-size: xx-small;\"> @quasarpilar<br \/>\n<\/span><span style=\"color: #ff0000; font-size: xx-small;\"> Gr<\/span><span style=\"color: #ff0000; font-size: xx-small;\">upo y p\u00e1gina en Facebook: <\/span> <span style=\"color: #808080; font-size: xx-small;\">www.facebook.com\/<\/span><a href=\"mailto:mfipata@gmail.com\"><span style=\"font-size: xx-small;\">Quasar<\/span><\/a><span style=\"font-size: xx-small;\">Comunicacion<br \/>\n<\/span><span style=\"font-size: xx-small;\"> <span style=\"color: #ff0000;\">LinkedIn<\/span><b>:\u00a0 <\/b><\/span> <span style=\"font-size: xx-small;\"><b> <a href=\"http:\/\/www.linkedin.com\/in\/mfipata\"> http:\/\/www.linkedin.com\/in\/mfipata<\/a><\/b><\/span><span style=\"font-size: xx-small;\"><br \/>\n<\/span><span style=\"color: #ff0000; font-size: xx-small;\"> Web:<\/span><b><\/b> <a href=\"http:\/\/www.quasarcomunicacion.com.ar\/\"> <span style=\"font-size: xx-small;\">www.quasarcomunicacion.com.ar<\/span><\/a><span style=\"font-size: xx-small;\"><br \/>\n<\/span><span style=\"font-size: xx-small;\"> <span style=\"color: #ff0000;\">Mail<\/span><b>:<\/b><\/span><span style=\"font-size: xx-small;\"><a href=\"mailto:fernanda@quasarcomunicacion.com.ar\"> fernanda@quasarcomunicacion.com.ar<\/a><\/span><\/p>\n<\/td>\n<\/tr>\n<\/tbody>\n<\/table>\n<\/div>\n","protected":false},"excerpt":{"rendered":"<p>\u00a0El pr\u00f3ximo s\u00e1bado 2 de agosto, a las 15 hs se realizar\u00e1 la celebraci\u00f3n en honor al d\u00eda de la [&hellip;]<\/p>\n","protected":false},"author":2,"featured_media":4804,"comment_status":"open","ping_status":"open","sticky":false,"template":"","format":"standard","meta":[],"categories":[2],"tags":[],"_links":{"self":[{"href":"https:\/\/quasarcomunicacion.com.ar\/web\/wp-json\/wp\/v2\/posts\/4803"}],"collection":[{"href":"https:\/\/quasarcomunicacion.com.ar\/web\/wp-json\/wp\/v2\/posts"}],"about":[{"href":"https:\/\/quasarcomunicacion.com.ar\/web\/wp-json\/wp\/v2\/types\/post"}],"author":[{"embeddable":true,"href":"https:\/\/quasarcomunicacion.com.ar\/web\/wp-json\/wp\/v2\/users\/2"}],"replies":[{"embeddable":true,"href":"https:\/\/quasarcomunicacion.com.ar\/web\/wp-json\/wp\/v2\/comments?post=4803"}],"version-history":[{"count":0,"href":"https:\/\/quasarcomunicacion.com.ar\/web\/wp-json\/wp\/v2\/posts\/4803\/revisions"}],"wp:featuredmedia":[{"embeddable":true,"href":"https:\/\/quasarcomunicacion.com.ar\/web\/wp-json\/wp\/v2\/media\/4804"}],"wp:attachment":[{"href":"https:\/\/quasarcomunicacion.com.ar\/web\/wp-json\/wp\/v2\/media?parent=4803"}],"wp:term":[{"taxonomy":"category","embeddable":true,"href":"https:\/\/quasarcomunicacion.com.ar\/web\/wp-json\/wp\/v2\/categories?post=4803"},{"taxonomy":"post_tag","embeddable":true,"href":"https:\/\/quasarcomunicacion.com.ar\/web\/wp-json\/wp\/v2\/tags?post=4803"}],"curies":[{"name":"wp","href":"https:\/\/api.w.org\/{rel}","templated":true}]}}