{"id":4785,"date":"2014-07-22T14:08:00","date_gmt":"2014-07-22T17:08:00","guid":{"rendered":"https:\/\/quasarcomunicacion.com.ar\/web\/?p=4785"},"modified":"2014-07-22T14:08:00","modified_gmt":"2014-07-22T17:08:00","slug":"comienza-la-cuenta-regresiva-para-la-conferencia-internacional-de-relaciones-publicas","status":"publish","type":"post","link":"https:\/\/quasarcomunicacion.com.ar\/web\/comienza-la-cuenta-regresiva-para-la-conferencia-internacional-de-relaciones-publicas\/","title":{"rendered":"Comienza la cuenta regresiva para la Conferencia Internacional de Relaciones P\u00fablicas"},"content":{"rendered":"<p>Durante los d\u00edas 25 y 26 de agosto del corriente a\u00f1o se llevar\u00e1 a cabo en la ciudad de Buenos Aires la IVConferencia Internacional de Relaciones P\u00fablicas CIRP, organizada por el Consejo Profesional de Relaciones P\u00fablicas de la Rep\u00fablica Argentina, a realizarse en las instalaciones de la Universidad Argentina de la Empresa (UADE).<!--more--><br \/>\nCon disertantes de la talla de Anne Gregory, Cees Van Riel, Timothy Coombs, Julia Ortega, Tyler Durham y Carlos Scolari, entre otros, esta cuarta edici\u00f3n ser\u00e1 el evento de capacitaci\u00f3n m\u00e1s relevante del sector, debido tambi\u00e9n a la importancia de temas claves para la profesi\u00f3n, como \u201cBig Data\u201d, \u201cNarrativas Transmedia\u201d, \u201cRelaciones entre el Sector P\u00fablico y Privado\u201dy \u201cLa sustentabilidad como atributo de la reputaci\u00f3n\u201d.<br \/>\nBig Data es la captura, gesti\u00f3n y procesamiento de enormes vol\u00famenes de datos que se multiplican en la continua producci\u00f3n y creaci\u00f3n de contenidos, y que minuto a minuto son subidos a la red. Ciudadanos, clientes, consumidores, gobiernos y empresas entre otros son los generadores de esa enorme masa de datos dispersos que necesitas estructurase para ser utilizados eficazmente.<br \/>\nLas narrativas transmedia son historias contadas a trav\u00e9s de m\u00faltiples medios con una red de personajes, sucesos, lugares y tiempos que integra a las audiencias y les permite ser parte de esas historias. De esta manera las marcas y las empresas pueden acercarse de manera efectiva a sus p\u00fablicos y dialogar con ellos construyendo un relato participativo y conjunto.<br \/>\nTanto las empresas como sus marcas han convertido el principio de la responsabilidad social como una herramienta generadora de valor agregado en la relaci\u00f3n con sus p\u00fablicos y de posicionamiento en los mercados. La gesti\u00f3n sustentable impacta de manera contundente en la percepci\u00f3n de los p\u00fablicos y por ende es formadora de reputaci\u00f3n corporativa.<br \/>\nLa necesidad de desarrollar espacios de debate sobre la funci\u00f3n de las Relaciones P\u00fablicas en la interacci\u00f3n del sector p\u00fablico y privado a trav\u00e9s del di\u00e1logo, es crucial en tiempos de fragmentaci\u00f3n social donde el espacio p\u00fablico parece haberse transformado en un lugar ajeno a la construcci\u00f3n de consensos y de relaciones mutuamente beneficiosas entre ambas partes.<br \/>\nEsta IV CIRP convoca a profesionales de las Relaciones P\u00fablicas interesados en integrar los contenidos te\u00f3ricos con la pr\u00e1ctica profesional, debatiendo acerca del presente y el futuro de la actividad a nivel global.<br \/>\nLos aranceles de inscripci\u00f3n son los siguientes:<br \/>\nHasta el 30 de junio de 2014 (inscripci\u00f3n temprana) son de $750 para socios del Consejo Profesional de Relaciones P\u00fablicas, y $1000 para los no socios. En tanto a partir del 1 de julio los aranceles son de $1000 para socios y de $1500 para no socios.<br \/>\nPara mayor informaci\u00f3n dirigirse a <a href=\"http:\/\/www.cirpargentina.com.ar\" target=\"_blank\" rel=\"noopener noreferrer\">http:\/\/www.cirpargentina.com.ar<\/a><br \/>\nCualquier consulta escribinos a <a href=\"mailto:cirp@rrpp.org.ar\">cirp@rrpp.org.ar<\/a><\/p>\n","protected":false},"excerpt":{"rendered":"<p>Durante los d\u00edas 25 y 26 de agosto del corriente a\u00f1o se llevar\u00e1 a cabo en la ciudad de Buenos [&hellip;]<\/p>\n","protected":false},"author":2,"featured_media":0,"comment_status":"open","ping_status":"open","sticky":false,"template":"","format":"standard","meta":[],"categories":[64],"tags":[],"_links":{"self":[{"href":"https:\/\/quasarcomunicacion.com.ar\/web\/wp-json\/wp\/v2\/posts\/4785"}],"collection":[{"href":"https:\/\/quasarcomunicacion.com.ar\/web\/wp-json\/wp\/v2\/posts"}],"about":[{"href":"https:\/\/quasarcomunicacion.com.ar\/web\/wp-json\/wp\/v2\/types\/post"}],"author":[{"embeddable":true,"href":"https:\/\/quasarcomunicacion.com.ar\/web\/wp-json\/wp\/v2\/users\/2"}],"replies":[{"embeddable":true,"href":"https:\/\/quasarcomunicacion.com.ar\/web\/wp-json\/wp\/v2\/comments?post=4785"}],"version-history":[{"count":0,"href":"https:\/\/quasarcomunicacion.com.ar\/web\/wp-json\/wp\/v2\/posts\/4785\/revisions"}],"wp:attachment":[{"href":"https:\/\/quasarcomunicacion.com.ar\/web\/wp-json\/wp\/v2\/media?parent=4785"}],"wp:term":[{"taxonomy":"category","embeddable":true,"href":"https:\/\/quasarcomunicacion.com.ar\/web\/wp-json\/wp\/v2\/categories?post=4785"},{"taxonomy":"post_tag","embeddable":true,"href":"https:\/\/quasarcomunicacion.com.ar\/web\/wp-json\/wp\/v2\/tags?post=4785"}],"curies":[{"name":"wp","href":"https:\/\/api.w.org\/{rel}","templated":true}]}}