{"id":4726,"date":"2014-07-10T14:15:49","date_gmt":"2014-07-10T17:15:49","guid":{"rendered":"https:\/\/quasarcomunicacion.com.ar\/web\/?p=4726"},"modified":"2014-07-10T14:15:49","modified_gmt":"2014-07-10T17:15:49","slug":"charla-gratuita-sobre-responsabilidad-social-empresaria-rse-una-herramienta-para-aumentar-las-ganancias-y-el-prestigio-de-tu-empresa","status":"publish","type":"post","link":"https:\/\/quasarcomunicacion.com.ar\/web\/charla-gratuita-sobre-responsabilidad-social-empresaria-rse-una-herramienta-para-aumentar-las-ganancias-y-el-prestigio-de-tu-empresa\/","title":{"rendered":"Charla gratuita sobre Responsabilidad Social Empresaria \u2013 RSE: una herramienta para aumentar las ganancias y el prestigio de tu empresa"},"content":{"rendered":"<p style=\"text-align: left;\" align=\"center\"><span style=\"color: #ff0000; font-family: Verdana, sans-serif; font-size: large;\"> <span style=\"font-family: Verdana; font-size: small;\">El pr\u00f3ximo mi\u00e9rcoles 16 de julio a las 19.30 hs contin\u00faa el <b>CICLO PARA EL #DESARROLLO EMPRENDEDOR EN PILAR <\/b>(declarado de Inter\u00e9s Municipal por el HCD de Pilar) con\u00a0 la charla <b>\u00abResponsabilidad Social &#8211; RSE: una herramienta para aumentar las ganancias y el prestigio de tu empresa\u00bb <\/b>a<\/span><span style=\"font-family: Verdana; font-size: small;\"> cargo de Mercedes Ghioni, Asesora en Responsabilidad Social Empresaria, Planeamiento, Comunicaciones y Ambiente. La charla se desarrollar\u00e1 en el 1\u00ba piso de la C\u00e1mara de Comercio de Pilar (SCIPA).<!--more--><\/span><\/span><\/p>\n<p><span style=\"font-family: Verdana; font-size: small;\">El ciclo, declarado de Inter\u00e9s Municipal es organizado por <b>Emprender HOY<\/b>. La entrada es LIBRE Y GRATUITA. Solo se requiere completar el siguiente formulario on line <a href=\"http:\/\/bit.ly\/1meffU1\">http:\/\/bit.ly\/1meffU1<\/a>. M\u00e1s informaci\u00f3n y cronograma completo en <\/span> <span style=\"font-family: Verdana; font-size: small;\"> <a href=\"http:\/\/emprenderhoy.com.ar\/desarrolloemprendedor.html\"> http:\/\/emprenderhoy.com.ar\/desarrolloemprendedor.html<\/a> <\/span><br \/>\n<a href=\"https:\/\/quasarcomunicacion.com.ar\/web\/wp-content\/uploads\/2014\/07\/charlajulio600.gif\"><img class=\"aligncenter\" alt=\"charlajulio600\" src=\"https:\/\/quasarcomunicacion.com.ar\/web\/wp-content\/uploads\/2014\/07\/charlajulio600.gif\" \/><\/a><br \/>\n<span style=\"font-family: Verdana; font-size: small;\">La charla se brindar\u00e1 en el 1\u00ba piso de la C\u00e1mara de Comercio de Pilar, Pedro Lagrave 563, Pilar Frente a la terminal de omnibus. Las acreditaciones comienzan 19.15 hs. Rogamos asistir con tarjetas personales o material promocional para hacer m\u00e1s \u00e1gil la inscripci\u00f3n y facilitar el networking. Una vez finalizada la actividad, se entregar\u00e1n certificados de asistencia. <\/span><br \/>\n<span style=\"font-family: Verdana; font-size: small;\">Durante la ponencia, se abordar\u00e1 la RSE como una herramienta de planificaci\u00f3n y gesti\u00f3n de la empresa, es decir, un concepto que nos ayuda a pensar, proyectar y actuar en el funcionamiento diario de nuestro emprendimiento, cualquiera sea su rubro y tama\u00f1o. <\/span><br \/>\n<span style=\"font-family: Verdana; font-size: small;\">Por sus resultados positivos, es utilizada en la mayor\u00eda de las grandes y m\u00e1s poderosas empresas. Pero los conceptos esenciales de la RSE, son aplicables hasta en el m\u00e1s simple microemprendimiento, pudiendo generar de forma inmediata cambios e impactos altamente beneficiosos. <\/span><br \/>\n<span style=\"font-family: Verdana; font-size: small;\">Es por ello que durante la se apuntar\u00e1 a los siguientes objetivos: <\/span><br \/>\n<span style=\"font-family: Verdana; font-size: small;\">\u2022 Conocer la definici\u00f3n de RSE y su significado<br \/>\n\u2022 Saber porqu\u00e9 se habla hoy de RSE, y de la necesidad de una nueva forma de Consumo y Producci\u00f3n, tanto a nivel local como internacional<br \/>\n\u2022 Diferenciar la RSE de otras pr\u00e1cticas similares<br \/>\n\u2022 Conocer qu\u00e9 \u00e1reas de la empresa pueden inclu\u00edr RSE ( compras, marketing, producci\u00f3n, etc.)<br \/>\n\u2022 Conocer pr\u00e1cticas de RSE generales y b\u00e1sicas dentro de un microemprendimiento y\/o PyME, que podemos implementar de manera inmediata y sin la ayuda de ning\u00fan especialista<br \/>\n\u2022 Hacer una puesta en com\u00fan de ideas m\u00e1s complejas que puedan aplicarse para cada uno de los participantes. <\/span><br \/>\n<span style=\"font-family: Verdana; font-size: small;\"><b>Acerca de Mercedes Ghioni<\/b><\/span><br \/>\n<span style=\"font-family: Verdana; font-size: small;\"> Mercedes Ghioni se gradu\u00f3 en Ciencia Pol\u00edtica en la U.B.A, con especializaci\u00f3n en Relaciones Internacionales. Se posgradu\u00f3 en Comercio Exterior en la Fundaci\u00f3n Bank Boston; en Salud Ambiental y Planificaci\u00f3n Estrat\u00e9gica por el Ministerio de Salud del G.C.B.A; en Comunicaci\u00f3n Ejecutiva en la Universidad Austral; y fue elegida y becada por el BID &#8211; Banco Interamericano de Desarrollo &#8211; para formarse como grupo l\u00edder de difusi\u00f3n y capacitaci\u00f3n para Latinoam\u00e9rica, en Responsabilidad Social Empresaria.<\/span><br \/>\n<span style=\"font-family: Verdana; font-size: small;\">Laboralmente, se form\u00f3 inicialmente en la Canciller\u00eda Argentina, desempe\u00f1\u00e1ndose como Coordinadora Nacional y Trinacional de Programas de Desarrollo Sostenible Regionales; fue Representante de Relaciones Internacionales y Comercio Exterior de la Oficina Buenos Aires del Gobierno de la Prov. de Salta; se desempe\u00f1\u00f3 como Asesora en Salud Ambiental para uno de los Ministros de Salud del GCBA; estuvo a cargo de las Relaciones Institucionales y Comunicaciones de la Agencia de Protecci\u00f3n Ambiental del GCBA ; y lider\u00f3 la implementaci\u00f3n del Programa de Capacitaci\u00f3n en RSE del GCBA, junto con el BID y la AMIA, para formar empresarios, l\u00edderes de organizaciones sociales y autoridades p\u00fablicas de distinto nivel.<\/span><br \/>\n<span style=\"font-family: Verdana; font-size: small;\">En el \u00e1mbito privado, capacit\u00f3 y dise\u00f1\u00f3 planes para m\u00e1s de 500 PyMes nacionales y m\u00e1s de 40 grandes empresas, entre ellas multinacionales.<br \/>\nTambi\u00e9n lider\u00f3 y lidera el proceso de difusi\u00f3n de Dise\u00f1o Sustentable en el pa\u00eds, asesorando a las principales ferias y empresarios del rubro. <\/span><br \/>\n<span style=\"font-family: Verdana; font-size: small;\">Trabaj\u00f3 con organismos internacionales como la Uni\u00f3n Europea, Organizaci\u00f3n de Naciones Unidas \u2013 ONU \u2013 la Organizaci\u00f3n de Estados Americanos &#8211; OEA -, el Banco Interamericano de Desarrollo \u2013 BID &#8211; , y con renombradas instituciones cient\u00edficas como el Museo de Ciencias Naturales de New York; la N.A.S.A.; y el Museo de Ciencias Naturales de Ginebra. <\/span><br \/>\n<span style=\"font-family: Verdana; font-size: small;\">Dict\u00f3 variadas charlas en el \u00e1mbito universitario; es autora de distintos art\u00edculos de divulgaci\u00f3n de RSE; y participa y colabora en la organizaci\u00f3n de Congresos y eventos de la tem\u00e1tica en sus variados \u00e1mbitos de aplicaci\u00f3n. <\/span><br \/>\n<span style=\"font-family: Verdana; font-size: small;\">Es miembro activa de la Fundaci\u00f3n EcoMujeres, dedicada a la divulgaci\u00f3n de las Buenas Pr\u00e1cticas Ambientales, el Consumo y la Producci\u00f3n Responsables. <\/span><br \/>\n<span style=\"font-family: Verdana; font-size: small;\"><b> Emprender HOY<\/b> es un espacio para todos los emprendedores que se materializa en diversos eventos como ferias, encuentros, capacitaciones, espacios de networking, entre otros. La raz\u00f3n de ser, la misi\u00f3n, de Emprender HOY es proporcionar al sector Emprendedor herramientas y conocimientos que le permitan desarrollar su propio emprendimiento y que permita incorporar competencias que deriven en su mejora continua.<\/span><br \/>\n<span style=\"font-family: Verdana; font-size: small;\"><b> Emprender Hoy<\/b>, a trav\u00e9s del proyecto <b>#DESARROLLOEMPRENDEDOR 2014<\/b>, desarrolla un ciclo de actividades gratuitas compuesto por charlas y encuentros de networking que comenzaron en febrero de este a\u00f1o y culminar\u00e1 en diciembre con el festejo del D\u00eda del Emprendedor. El mismo se desarrolla en la ciudad de Pilar (Bs. As., Argentina) y cuenta con el apoyo de diferentes instituciones, particulares, medios de comunicaci\u00f3n y consultores independientes que comparten su conocimiento de manera desinteresada.<\/span><br \/>\n<span style=\"font-family: Verdana; font-size: small;\">Luego de la charla, se brindar\u00e1 un espacio de networking, por lo cual se pide asistir con\u00a0tarjetas personales o material promocional.<\/span><br \/>\n<span style=\"font-family: Verdana; font-size: small;\">La charla tendr\u00e1 una duraci\u00f3n de 60 minutos y luego habr\u00e1 espacio para preguntas y networking, fomentando la generaci\u00f3n de nuevos contactos y redes entre los asistentes. <\/span><br \/>\n<span style=\"font-family: Verdana; font-size: small;\">El <b>Ciclo de Charlas<\/b> apunta a la capacitaci\u00f3n de comerciantes, emprendedores, estudiantes, due\u00f1os y empleados de pymes y toda persona interesada en incorporar conocimientos para hacer crecer su producto o servicio<\/span><br \/>\n<span style=\"font-family: Verdana; font-size: small;\"><b>CONSULTAS E INSCRIPCIONES:<\/b> www.emprenderhoy.com.ar o comunic\u00e1ndose al 011-15-6742-7635 \/ <a href=\"http:\/\/www.facebook.com\/emprenderhoyfanpage\"> www.facebook.com\/emprenderhoyfanpage<\/a><\/span><br \/>\n<span style=\"font-family: Verdana; font-size: small;\">El <b>Ciclo de Charlas de Capacitaci\u00f3n Gratuitas para el #DesarrolloEmprendedor<\/b> cuenta con el apoyo de: <\/span><\/p>\n<div><span style=\"font-family: Verdana; font-size: small;\">C\u00e1mara de Comercio de Pilar (SCIPA)<br \/>\nConsultora P&amp;E de Juli\u00e1n Candermo (www.jcandermo.com.ar)<br \/>\nEmprender Hoy (www.emprenderhoy.com.ar)<br \/>\nAV Consultores Pymes (www.avconsultorespymes.com)<br \/>\nEmprender en Femenino (www.emprenderenfemenino.com.ar)<br \/>\nCentro Jur\u00eddico del Pilar<br \/>\nContador P\u00fablico Mauro Sebasti\u00e1n Castro<br \/>\nMain Pensamiento Estrat\u00e9gico + Gesti\u00f3n<br \/>\nCECREDA (Centro Estrat\u00e9gico para el Crecimiento y Desarrollo Argentino)<br \/>\nC\u00e1mara de Comerciantes, Industriales, Profesionales, Propietarios y Afines de Del Viso<br \/>\nC\u00e1mara de Mujeres Empresarias de Z\u00e1rate <\/span><span style=\"font-family: Verdana; font-size: small;\"><b>COMUNICAN<\/b><br \/>\nQu\u00e1sar Comunicaci\u00f3n ( <a href=\"http:\/\/www.quasarcomunicacion.com.ar\/\"> www.quasarcomunicacion.com.ar<\/a> )<br \/>\nEstudio de Dise\u00f1o AM ( <a href=\"http:\/\/www.estudioam.com.ar\/\"> www.estudioam.com.ar<\/a> )\u00a0 <\/span><br \/>\n<span style=\"font-family: Verdana; font-size: small;\"><b>MEDIA PARTNER <\/b><br \/>\nMujeres Pilar (www.mujerespilar.com )<br \/>\nPilar de Todos (www.pilardetodos.com.ar)<br \/>\nRevista de Negocios Madre Emprendedora (www.madreemprendedora.com.ar)<br \/>\nPilar GPS Gu\u00eda de Productos y Servicios Digital<br \/>\nMujeres Atrayendo Riqueza (http:\/\/mujeresatrayendoriqueza.blogspot.com.ar\/)<br \/>\nPilar Hoy (www.pilarhoy.com.ar )<br \/>\nRadio X Pilar (www.radioxpilar.com.ar)<br \/>\nPilar Herald (www.pilarherald.com.ar)<br \/>\nLa Revista de los countries de Tigre<br \/>\nProf. Oscar Orlando Mascare\u00f1o- Producciones Period\u00edsticas para Radio-TV-Eventos<\/span>\n<\/div>\n<p><span style=\"font-family: Verdana; font-size: small;\">Todos los sponsors haciendo click aqu\u00ed <a href=\"http:\/\/emprenderhoy.com.ar\/desarrolloemprendedor\/sponsors.html\"> http:\/\/emprenderhoy.com.ar\/desarrolloemprendedor\/sponsors.html<\/a> <\/span><\/p>\n<p align=\"right\"><span style=\"font-size: small;\"><b><i><span style=\"font-family: Arial;\">Por otras im\u00e1genes, audios o entrevistas no dude en contactarse<\/span><\/i><\/b><\/span><\/p>\n<p align=\"right\"><span style=\"font-size: medium;\"><strong> <span style=\"color: #808080; font-family: Arial; font-size: small;\"> Lic. Mar\u00eda Fernanda Ipata<br \/>\nQu\u00e1sar Comunicaci\u00f3n<br \/>\n<\/span> <\/strong><\/span> <span style=\"font-size: xx-small;\"><span style=\"color: #ff0000;\"> Directo<\/span><b>: <\/b> 0230<\/span><span style=\"font-size: xx-small;\">-4664772<\/span><span style=\"font-size: xx-small;\"><br \/>\n<\/span><span style=\"font-size: xx-small;\"> <span style=\"color: #ff0000;\">M\u00f3vil:<\/span><b> <\/b> 0230<\/span><span style=\"font-size: xx-small;\">-15-4584535<br \/>\n011-15-6096-4656 ID 558*3763<br \/>\n<\/span><span style=\"color: #ff0000; font-size: xx-small;\"> Skype:<\/span><span style=\"font-size: xx-small;\"> quasarcomunicacion<br \/>\n<\/span><span style=\"color: #ff0000; font-size: xx-small;\"> Twitter:<\/span><span style=\"font-size: xx-small;\"> @quasarpilar<br \/>\n<\/span><span style=\"color: #ff0000; font-size: xx-small;\"> Gr<\/span><span style=\"color: #ff0000; font-size: xx-small;\">upo y p\u00e1gina en Facebook: <\/span> <span style=\"color: #808080; font-size: xx-small;\">www.facebook.com\/<\/span><a href=\"mailto:mfipata@gmail.com\"><span style=\"font-size: xx-small;\">Quasar<\/span><\/a><span style=\"font-size: xx-small;\">Comunicacion<br \/>\n<\/span><span style=\"font-size: xx-small;\"> <span style=\"color: #ff0000;\">LinkedIn<\/span><b>: <\/b><\/span> <a title=\"Ver perfil p\u00fablico\" href=\"http:\/\/ar.linkedin.com\/pub\/mar%C3%83%C2%AD-a-fernanda-ipata\/a\/293\/212\"> <span style=\"font-size: xx-small;\"> http:\/\/ar.linkedin.com\/pub\/mar%C3%AD-a-fernanda-ipata\/a\/293\/212<\/span><\/a><span style=\"font-size: xx-small;\"><br \/>\n<\/span><span style=\"color: #ff0000; font-size: xx-small;\"> Web:<\/span><b><\/b> <a href=\"http:\/\/www.quasarcomunicacion.com.ar\/\"> <span style=\"font-size: xx-small;\">www.quasarcomunicacion.com.ar<\/span><\/a><span style=\"font-size: xx-small;\"><br \/>\n<\/span><span style=\"font-size: xx-small;\"> <span style=\"color: #ff0000;\">Mail<\/span><b>:<\/b><\/span><span style=\"font-size: xx-small;\"> fernanda@quasarcomunicacion.com.ar<\/span><\/p>\n","protected":false},"excerpt":{"rendered":"<p>El pr\u00f3ximo mi\u00e9rcoles 16 de julio a las 19.30 hs contin\u00faa el CICLO PARA EL #DESARROLLO EMPRENDEDOR EN PILAR (declarado [&hellip;]<\/p>\n","protected":false},"author":2,"featured_media":4727,"comment_status":"open","ping_status":"open","sticky":false,"template":"","format":"standard","meta":[],"categories":[2],"tags":[],"_links":{"self":[{"href":"https:\/\/quasarcomunicacion.com.ar\/web\/wp-json\/wp\/v2\/posts\/4726"}],"collection":[{"href":"https:\/\/quasarcomunicacion.com.ar\/web\/wp-json\/wp\/v2\/posts"}],"about":[{"href":"https:\/\/quasarcomunicacion.com.ar\/web\/wp-json\/wp\/v2\/types\/post"}],"author":[{"embeddable":true,"href":"https:\/\/quasarcomunicacion.com.ar\/web\/wp-json\/wp\/v2\/users\/2"}],"replies":[{"embeddable":true,"href":"https:\/\/quasarcomunicacion.com.ar\/web\/wp-json\/wp\/v2\/comments?post=4726"}],"version-history":[{"count":0,"href":"https:\/\/quasarcomunicacion.com.ar\/web\/wp-json\/wp\/v2\/posts\/4726\/revisions"}],"wp:featuredmedia":[{"embeddable":true,"href":"https:\/\/quasarcomunicacion.com.ar\/web\/wp-json\/wp\/v2\/media\/4727"}],"wp:attachment":[{"href":"https:\/\/quasarcomunicacion.com.ar\/web\/wp-json\/wp\/v2\/media?parent=4726"}],"wp:term":[{"taxonomy":"category","embeddable":true,"href":"https:\/\/quasarcomunicacion.com.ar\/web\/wp-json\/wp\/v2\/categories?post=4726"},{"taxonomy":"post_tag","embeddable":true,"href":"https:\/\/quasarcomunicacion.com.ar\/web\/wp-json\/wp\/v2\/tags?post=4726"}],"curies":[{"name":"wp","href":"https:\/\/api.w.org\/{rel}","templated":true}]}}