{"id":4712,"date":"2014-07-07T14:15:19","date_gmt":"2014-07-07T17:15:19","guid":{"rendered":"https:\/\/quasarcomunicacion.com.ar\/web\/?p=4712"},"modified":"2014-07-07T14:15:19","modified_gmt":"2014-07-07T17:15:19","slug":"carpe-diem-se-presenta-en-la-fundacion-obra-de-misericordia","status":"publish","type":"post","link":"https:\/\/quasarcomunicacion.com.ar\/web\/carpe-diem-se-presenta-en-la-fundacion-obra-de-misericordia\/","title":{"rendered":"Carpe Diem se presenta en la Fundaci\u00f3n Obra de Misericordia"},"content":{"rendered":"<p style=\"text-align: left;\" align=\"center\">\u00a0<span style=\"font-family: Verdana; font-size: small;\">El pr\u00f3ximo s\u00e1bado 12 de julio del corriente a\u00f1o la <b>Fundaci\u00f3n Obra de Misericordia<\/b> presentar\u00e1 en sus instalaciones un concierto que llevar\u00e1 a cabo la <b>Orquesta de C\u00e1mara de Carpe Diem<\/b> que estar\u00e1 dirigida por Jorge Ra\u00fal Mandredini.<!--more--><\/span><\/p>\n<p align=\"left\"><a href=\"https:\/\/quasarcomunicacion.com.ar\/web\/wp-content\/uploads\/2014\/07\/misericordia.gif\"><img class=\"aligncenter\" alt=\"misericordia\" src=\"https:\/\/quasarcomunicacion.com.ar\/web\/wp-content\/uploads\/2014\/07\/misericordia.gif\" \/><\/a><\/p>\n<p align=\"left\"><span style=\"font-family: Verdana; font-size: small;\">El evento comenzar\u00e1 a las 19 horas y se realizar\u00e1 en Cabo Primero Brasich 735, Manzanares. <\/span><\/p>\n<p align=\"left\"><span style=\"font-family: Verdana; font-size: small;\">La formaci\u00f3n pilarense interpretar\u00e1 obras de Mascagni, Debussy, Massenet, Verdi y Piazzolla.<\/span><\/p>\n<p align=\"left\"><span style=\"font-family: Verdana; font-size: small;\">Las entradas tendr\u00e1n un valor de 100 pesos en puerta el d\u00eda del concierto y 80 si se adquieren con anterioridad. Para adquirirlas enviar un e-mail con el pedido a obra_demisericordia@yahoo.com o bien llamar al (0230)-4491056 \/ (011)-15-6533-7645. <\/span><\/p>\n<p align=\"left\"><span style=\"font-family: Verdana; font-size: small;\">El evento cultural cuenta con el auspicio de Pilar GPS (www.pilargps.com.ar), El Diario de Pilar (www.pilaradiario.com), Tevsa, Pilar Hoy Noticias (www.pilarhoy.com.ar) y Qu\u00e1sar Comunicaci\u00f3n (www.quasarcomunicacion.com.ar)<\/span><\/p>\n<p><span style=\"font-size: small;\"><b><i><span style=\"font-family: Arial;\">Por otras im\u00e1genes, audios o entrevistas no dude en contactarse<\/span><\/i><\/b><\/span><\/p>\n<p align=\"right\"><strong> <span style=\"color: #ff0000; font-family: Arial; font-size: small;\">Camila Sarmiento<br \/>\n<\/span><\/strong> <span style=\"font-size: medium;\"><strong> <span style=\"color: #808080; font-family: Arial; font-size: small;\"> Qu\u00e1sar Comunicaci\u00f3n<br \/>\n<\/span> <\/strong><\/span> <span style=\"font-size: xx-small;\"><span style=\"color: #ff0000;\"> Directo<\/span><b>: <\/b> 0230<\/span><span style=\"font-size: xx-small;\">-4664772<\/span><span style=\"font-size: xx-small;\"><br \/>\n<\/span><span style=\"font-size: xx-small;\"> <span style=\"color: #ff0000;\">M\u00f3vil:<\/span><b> <\/b> 0230<\/span><span style=\"font-size: xx-small;\">-15-4584535<br \/>\n011-15-6096-4656 ID 558*3763<br \/>\n<\/span><span style=\"color: #ff0000; font-size: xx-small;\"> Skype:<\/span><span style=\"font-size: xx-small;\"> quasarcomunicacion<br \/>\n<\/span><span style=\"color: #ff0000; font-size: xx-small;\"> Twitter:<\/span><span style=\"font-size: xx-small;\"> @quasarpilar<br \/>\n<\/span><span style=\"color: #ff0000; font-size: xx-small;\"> Gr<\/span><span style=\"color: #ff0000; font-size: xx-small;\">upo y p\u00e1gina en Facebook: <\/span> <span style=\"color: #808080; font-size: xx-small;\">www.facebook.com\/<\/span><a href=\"mailto:mfipata@gmail.com\"><span style=\"font-size: xx-small;\">Quasar<\/span><\/a><span style=\"font-size: xx-small;\">Comunicacion<br \/>\n<\/span><span style=\"color: #ff0000; font-size: xx-small;\"> Web:<\/span><b><\/b> <a href=\"http:\/\/www.quasarcomunicacion.com.ar\/\"> <span style=\"font-size: xx-small;\">www.quasarcomunicacion.com.ar<\/span><\/a><span style=\"font-size: xx-small;\"><br \/>\n<\/span><span style=\"font-size: xx-small;\"> <span style=\"color: #ff0000;\">Mail<\/span><b>:<\/b><\/span><span style=\"font-size: xx-small;\"> asistente@quasarcomunicacion.com.ar<\/span><\/p>\n","protected":false},"excerpt":{"rendered":"<p>\u00a0El pr\u00f3ximo s\u00e1bado 12 de julio del corriente a\u00f1o la Fundaci\u00f3n Obra de Misericordia presentar\u00e1 en sus instalaciones un concierto [&hellip;]<\/p>\n","protected":false},"author":2,"featured_media":4713,"comment_status":"open","ping_status":"open","sticky":false,"template":"","format":"standard","meta":[],"categories":[2],"tags":[],"_links":{"self":[{"href":"https:\/\/quasarcomunicacion.com.ar\/web\/wp-json\/wp\/v2\/posts\/4712"}],"collection":[{"href":"https:\/\/quasarcomunicacion.com.ar\/web\/wp-json\/wp\/v2\/posts"}],"about":[{"href":"https:\/\/quasarcomunicacion.com.ar\/web\/wp-json\/wp\/v2\/types\/post"}],"author":[{"embeddable":true,"href":"https:\/\/quasarcomunicacion.com.ar\/web\/wp-json\/wp\/v2\/users\/2"}],"replies":[{"embeddable":true,"href":"https:\/\/quasarcomunicacion.com.ar\/web\/wp-json\/wp\/v2\/comments?post=4712"}],"version-history":[{"count":0,"href":"https:\/\/quasarcomunicacion.com.ar\/web\/wp-json\/wp\/v2\/posts\/4712\/revisions"}],"wp:featuredmedia":[{"embeddable":true,"href":"https:\/\/quasarcomunicacion.com.ar\/web\/wp-json\/wp\/v2\/media\/4713"}],"wp:attachment":[{"href":"https:\/\/quasarcomunicacion.com.ar\/web\/wp-json\/wp\/v2\/media?parent=4712"}],"wp:term":[{"taxonomy":"category","embeddable":true,"href":"https:\/\/quasarcomunicacion.com.ar\/web\/wp-json\/wp\/v2\/categories?post=4712"},{"taxonomy":"post_tag","embeddable":true,"href":"https:\/\/quasarcomunicacion.com.ar\/web\/wp-json\/wp\/v2\/tags?post=4712"}],"curies":[{"name":"wp","href":"https:\/\/api.w.org\/{rel}","templated":true}]}}