{"id":4694,"date":"2014-07-04T12:34:45","date_gmt":"2014-07-04T15:34:45","guid":{"rendered":"https:\/\/quasarcomunicacion.com.ar\/web\/?p=4694"},"modified":"2014-07-04T12:34:45","modified_gmt":"2014-07-04T15:34:45","slug":"los-trastornos-de-ansiedad-se-intensifican-durante-las-instancias-finales-del-mundial","status":"publish","type":"post","link":"https:\/\/quasarcomunicacion.com.ar\/web\/los-trastornos-de-ansiedad-se-intensifican-durante-las-instancias-finales-del-mundial\/","title":{"rendered":"Los trastornos de ansiedad se intensifican durante las instancias finales del Mundial"},"content":{"rendered":"<p style=\"text-align: left;\" align=\"center\"><span style=\"font-family: Verdana; font-size: small;\">El equipo de f\u00fatbol de Argentina avanza en Brasil 2014, pero los nervios de los fan\u00e1ticos se van por las nubes debido a las instancias finales y al sufrimiento que afrontan frente a cada partido. Esta situaci\u00f3n se intensifica a medida que se avanzan en las instancias finales y los rivales son m\u00e1s duros y los partidos para importantes.<!--more--><\/span><\/p>\n<p>\u00a0<span style=\"font-family: Verdana; font-size: small;\">Por este motivo, profesionales del <b>Centro de Estudios Especializados en Trastornos de Ansiedad (CEETA) <\/b>explican por qu\u00e9 la tensi\u00f3n que viven los simpatizantes del f\u00fatbol en un mundial puede derivar en padecer distintos trastornos de ansiedad o agudizar los existentes.<\/span><br \/>\n<span style=\"font-family: Verdana; font-size: small;\">El mundial de f\u00fatbol es un evento que provoca, sobretodo en nuestro pa\u00eds, grandes euforias y fanatismos que llevan a alcanzar importantes\u00a0niveles de adrenalina y nerviosismo en los simpatizantes.<\/span><br \/>\n<span style=\"font-family: Verdana; font-size: small;\">Por otra parte, la adrenalina que genera tanta expectativa e incertidumbre ante los resultados de los partidos hace que aumenten los niveles de tensi\u00f3n y junto a \u00e9stos, aumentan los niveles de ansiedad. M\u00e1xime en los partidos que se est\u00e1n desarrollando, en los cuales el que no gana, queda afuera.<\/span><br \/>\n<span style=\"font-family: Verdana; font-size: small;\">Seg\u00fan la Licenciada Gabriela Mart\u00ednez Castro, directora del <b>CEETA<\/b>, esta ansiedad que viven algunas personas al ver un deporte como el f\u00fatbol \u201cpuede provocar trastornos de p\u00e1nico, trastornos por ansiedad generalizada o puede generar preocupaci\u00f3n excesiva con s\u00edntomas f\u00edsicos concomitantes\u201d.<\/span><br \/>\n<span style=\"font-family: Verdana; font-size: small;\">Adem\u00e1s, en muchos otros casos se puede dar otro cuadro como la ansiedad social o fobia social que es el temor a no ser aceptado, a ser ridiculizado o burlados por otras personas.<\/span><br \/>\n<span style=\"font-family: Verdana; font-size: small;\">\u201cEl mundial generalmente provoca que las personas se re\u00fanan a ver los partidos y esto hace que individuos con tendencia a la timidez pueden tener temor a hacer un papel\u00f3n en p\u00fablico como, por ejemplo, gritar excesivamente un gol o maldecir ante una situaci\u00f3n desfavorable del partido\u201d, explica la especialista.<\/span><br \/>\n<span style=\"font-family: Verdana; font-size: small;\">A partir de una situaci\u00f3n de este estilo el trastorno sale a la luz y puede perjudicar\u00a0otras a\u00e9reas de la vida, como miedo hablar en p\u00fablico, concurrir a eventos sociales,\u00a0 presentaciones ante muchas personas, rendir examen, etc.<\/span><br \/>\n<span style=\"font-family: Verdana; font-size: small;\">\u201cLos s\u00edntomas m\u00e1s frecuentes con la ruborizaci\u00f3n, temblores, sudoraci\u00f3n, taquicardia, agitaci\u00f3n respiratoria, deseos intensos de escapar de la situaci\u00f3n social, y hasta, en los casos m\u00e1s graves, ataques de p\u00e1nico. Si todos estos s\u00edntomas o sensaciones se presentan, significa que estamos ante la presencia de un cuadro de ansiedad social\u201d, explica la Lic. Mart\u00ednez Castro.\u00a0<\/span><br \/>\n<span style=\"font-family: Verdana; font-size: small;\"><b>Propensi\u00f3n a la Ansiedad Social<\/b><\/span><br \/>\n<span style=\"font-family: Verdana; font-size: small;\">Hay muchas personas que tienen una predisposici\u00f3n a padecer trastornos de ansiedad, pero no lo saben. Esta predisposici\u00f3n puede darse por la simple gen\u00e9tica o puede ser configurada en la infancia por tener padres ansiosos, nerviosos, sobreprotectores o temerosos.<\/span><br \/>\n<span style=\"font-family: Verdana; font-size: small;\">Adem\u00e1s, \u201chay, situaciones desencadenantes donde se vive una alta tensi\u00f3n como por ejemplo quedar afuera de un mundial, un gol a ultimo minuto, ganar la copa del mundo, que pueden \u201cdespertar\u201d esta tendencia y provocar trastornos de p\u00e1nico, trastornos por ansiedad generalizada o preocupaci\u00f3n excesiva\u201d, agrega.<\/span><\/p>\n<div align=\"center\"><center><\/p>\n<table width=\"90%\" border=\"0\" cellspacing=\"4\" cellpadding=\"4\">\n<tbody>\n<tr>\n<td bgcolor=\"#ECFFF9\" width=\"100%\"><i> <span style=\"font-family: Verdana; font-size: xx-small;\">El equipo de profesionales del <b>CEETA<\/b><\/span><\/i><span style=\"font-family: Verdana; font-size: xx-small;\"><i> est\u00e1 disponible para consultas o entrevistas sobre el tema. Comunicarse al 0230-4664772 \u00f3 011-15-6096-4656 para concretarlas o enviar un mail a <a href=\"mailto:gabriela@quasarcomunicacion.com.ar\"> fernanda@quasarcomunicacion.com.ar <\/a>\u00a0<\/i><\/span><\/td>\n<\/tr>\n<\/tbody>\n<\/table>\n<p><\/center><\/div>\n<p><span style=\"font-family: Verdana; font-size: small;\">Estas situaciones desencadenante pueden estimular los distintos tipos de trastornos en el momento en que se vive la tensi\u00f3n o no. Es decir que la persona con predisposici\u00f3n, que vive una situaci\u00f3n de tensi\u00f3n, puede padecer los s\u00edntomas desde ese primer momento o entre los seis meses o hasta un a\u00f1o despu\u00e9s del factor desencadenante.\u00a0\u00a0\u00a0\u00a0\u00a0\u00a0\u00a0\u00a0 <\/span><br \/>\n<span style=\"font-family: Verdana; font-size: small;\"><b>Hombres y mujeres en el mismo nivel<\/b><\/span><br \/>\n<span style=\"font-family: Verdana; font-size: small;\">Si bien la predisposici\u00f3n gen\u00e9tica marca que, en general, las mujeres son m\u00e1s propensas a padecer trastornos e ansiedad, en el caso del mundial de f\u00fatbol los hombres son los que m\u00e1s sufren.<\/span><br \/>\n<span style=\"font-family: Verdana; font-size: small;\">\u201cEl hombre tiene menor predisposici\u00f3n a sufrir trastornos de ansiedad por una cuesti\u00f3n b\u00e1sicamente hormonal, pero al tratarse de un evento como lo es el mundial generan y viven un nivel de tensi\u00f3n mucho mayor que el de las mujeres\u201d, explica la licenciada Mart\u00ednez Castro, titular del <b>CEETA<\/b> que tiene su consultorio principal en Pilar.<\/span><br \/>\n<span style=\"font-family: Verdana; font-size: small;\">Si bien las mujeres tambi\u00e9n viven el f\u00fatbol con gran fanatismo, este es un deporte preferentemente masculino, por lo que ambos sexos estar\u00edan en un mismo nivel de predisposici\u00f3n a la ansiedad.\u00a0\u00a0\u00a0\u00a0 <\/span><br \/>\n<span style=\"font-family: Verdana; font-size: small;\"><b>El tratamiento<\/b><br \/>\nSeg\u00fan su experiencia, la Licenciada Mart\u00ednez Castro propone realizar terapias cognitivas conductuales que se caracterizan fundamentalmente porque son breves: de 6 meses a 1 a\u00f1o con una alta participaci\u00f3n del paciente, con tareas para el hogar y acompa\u00f1amiento del enfermo en la situaci\u00f3n de dificultad. <\/span><br \/>\n<span style=\"font-family: Verdana; font-size: small;\">Mart\u00ednez Castro trabaja sobre los patrones de conducta que est\u00e1n distorsionados y que por lo tanto no son acordes a una vida saludable, como as\u00ed tambi\u00e9n sobre el aspecto cognitivo, es decir, sobre las formas que adquiere el pensamiento de la persona, que en caso de ser enferma est\u00e1 alterado al realizar conclusiones err\u00f3neas. Dicha terapia se realiza en conjunto psic\u00f3logo-paciente, con la participaci\u00f3n eventual de un acompa\u00f1ante terap\u00e9utico o co-terapeuta, por lo general alguien del c\u00edrculo familiar. Tambi\u00e9n se rescata que durante las sesiones la psic\u00f3loga, seg\u00fan el avance que presente el paciente, lo acompa\u00f1a a la situaci\u00f3n concreta que le produce ansiedad. <\/span><br \/>\n<span style=\"font-family: Verdana; font-size: small;\">Lo importante es que es necesario tratarlos ya que \u201ccon un trastorno de ansiedad es imposible vivir. Ninguno permite el curso normal de la vida, y la persona no puede solucionarlo sola, debe recurrir a ayuda profesional\u201d, explica la Psic\u00f3loga. Y en este tipo de tratamientos se provee las herramientas necesarias para que quien lo padezca se sienta recuperado y pueda continuar una vida saludable. <\/span><\/p>\n<div align=\"center\"><center><\/p>\n<table width=\"90%\" border=\"0\" cellspacing=\"4\" cellpadding=\"4\">\n<tbody>\n<tr>\n<td bgcolor=\"#ECFFF9\" width=\"100%\"><i> <span style=\"font-family: Verdana; font-size: xx-small;\">El equipo de profesionales del <b>CEETA<\/b><\/span><\/i><span style=\"font-family: Verdana; font-size: xx-small;\"><i> est\u00e1 disponible para consultas o entrevistas sobre el tema. Comunicarse al 0230-4664772 \u00f3 011-15-6096-4656 para concretarlas o enviar un mail a <a href=\"mailto:gabriela@quasarcomunicacion.com.ar\"> fernanda@quasarcomunicacion.com.ar <\/a>\u00a0<\/i><\/span><\/td>\n<\/tr>\n<\/tbody>\n<\/table>\n<p><\/center><\/div>\n<p><span style=\"font-family: Verdana; font-size: small;\">El <b>Centro de Estudios Especializados en Trastornos de Ansiedad (CEETA)<\/b> tiene su sede central en el Edificio Concord-Sector Los Almendros-piso segundo Oficina 202. Km 50 de la ruta Panamericana ramal Pilar. Tel\u00e9fono: 0230-4667175 \u00f3 al Celular 15-4416-1578 <a href=\"http:\/\/www.ceeta.org\/\">www.ceeta.org<\/a>\u00a0 Tambi\u00e9n tiene sedes en\u00a0 Parque Patricios, Barrio Norte, Belgrano, San Isidro, Mor\u00f3n y tambi\u00e9n en Madrid (Espa\u00f1a)<\/span><\/p>\n<p align=\"center\"><span style=\"font-family: Verdana; font-size: small;\">Acceso a toda la informaci\u00f3n ingresando en <a href=\"https:\/\/quasarcomunicacion.com.ar\/web\/ceeta\/\"> https:\/\/quasarcomunicacion.com.ar\/web\/ceeta\/<\/a> <\/span><\/p>\n<p><span style=\"font-size: small;\"><b><i>\u00a0<span style=\"font-family: Arial;\">Por otras im\u00e1genes, audios o entrevistas no dude en contactarse<\/span><\/i><\/b><\/span><\/p>\n<p align=\"center\"><span style=\"font-size: small;\"><b><i> Contactos de Prensa<\/i><\/b><\/span><\/p>\n<div align=\"left\">\n<table width=\"100%\" border=\"1\" cellpadding=\"2\" align=\"left\">\n<tbody>\n<tr>\n<td width=\"50%\">\n<p align=\"left\"><span style=\"font-size: medium;\"><strong> <span style=\"color: #808080; font-family: Arial; font-size: small;\"> Camila Sarmiento &#8211; Asistente de Cuentas<br \/>\n<\/span> <\/strong><\/span> <span style=\"font-size: xx-small;\"><span style=\"color: #ff0000;\"> Directo<\/span><b>: <\/b> 0230<\/span><span style=\"font-size: xx-small;\">-4664772<br \/>\n<\/span><span style=\"color: #ff0000; font-size: xx-small;\"> Skype:<\/span><span style=\"font-size: xx-small;\"> quasarcomunicacion<br \/>\n<\/span><span style=\"color: #ff0000; font-size: xx-small;\"> Twitter:<\/span><span style=\"font-size: xx-small;\"> @quasarpilar<br \/>\n<\/span><span style=\"color: #ff0000; font-size: xx-small;\"> Gr<\/span><span style=\"color: #ff0000; font-size: xx-small;\">upo y p\u00e1gina en Facebook: <\/span> <span style=\"color: #808080; font-size: xx-small;\">www.facebook.com\/<\/span><a href=\"mailto:mfipata@gmail.com\"><span style=\"font-size: xx-small;\">Quasar<\/span><\/a><span style=\"font-size: xx-small;\">Comunicacion<br \/>\n<\/span><span style=\"color: #ff0000; font-size: xx-small;\"> Web:<\/span><b><\/b> <a href=\"http:\/\/www.quasarcomunicacion.com.ar\/\"> <span style=\"font-size: xx-small;\">www.quasarcomunicacion.com.ar<\/span><\/a><\/p>\n<p align=\"left\"><span style=\"font-size: xx-small;\"> <span style=\"color: #ff0000;\">Mail<\/span><b>:<\/b><\/span><span style=\"font-size: xx-small;\"> <a href=\"mailto:fernanda@quasarcomunicacion.com.ar\"> asistente@quasarcomunicacion.com.ar<\/a><\/span><\/p>\n<\/td>\n<td width=\"50%\">\n<p align=\"right\"><span style=\"font-size: medium;\"><strong> <span style=\"color: #808080; font-family: Arial; font-size: small;\"> Lic. Mar\u00eda Fernanda Ipata &#8211; Directora<br \/>\n<\/span> <\/strong><\/span> <span style=\"font-size: xx-small;\"><span style=\"color: #ff0000;\"><br \/>\nDirecto<\/span><b>: <\/b> 0230<\/span><span style=\"font-size: xx-small;\">-4664772<\/span><span style=\"font-size: xx-small;\"><br \/>\n<\/span><span style=\"font-size: xx-small;\"> <span style=\"color: #ff0000;\">M\u00f3vil:<\/span><b> <\/b> 0230<\/span><span style=\"font-size: xx-small;\">-15-4584535<br \/>\n011-15-6096-4656 ID 558*3763<br \/>\n<\/span><span style=\"color: #ff0000; font-size: xx-small;\"> Skype:<\/span><span style=\"font-size: xx-small;\"> quasarcomunicacion<br \/>\n<\/span><span style=\"color: #ff0000; font-size: xx-small;\"> Twitter:<\/span><span style=\"font-size: xx-small;\"> @quasarpilar<br \/>\n<\/span><span style=\"color: #ff0000; font-size: xx-small;\"> Gr<\/span><span style=\"color: #ff0000; font-size: xx-small;\">upo y p\u00e1gina en Facebook: <\/span> <span style=\"color: #808080; font-size: xx-small;\">www.facebook.com\/<\/span><a href=\"mailto:mfipata@gmail.com\"><span style=\"font-size: xx-small;\">Quasar<\/span><\/a><span style=\"font-size: xx-small;\">Comunicacion<br \/>\n<\/span><span style=\"font-size: xx-small;\"> <span style=\"color: #ff0000;\">LinkedIn<\/span><b>:\u00a0 <\/b><\/span> <span style=\"font-size: xx-small;\"><b> <a href=\"http:\/\/www.linkedin.com\/in\/mfipata\"> http:\/\/www.linkedin.com\/in\/mfipata<\/a><\/b><\/span><span style=\"font-size: xx-small;\"><br \/>\n<\/span><span style=\"color: #ff0000; font-size: xx-small;\"> Web:<\/span><b><\/b> <a href=\"http:\/\/www.quasarcomunicacion.com.ar\/\"> <span style=\"font-size: xx-small;\">www.quasarcomunicacion.com.ar<\/span><\/a><span style=\"font-size: xx-small;\"><br \/>\n<\/span><span style=\"font-size: xx-small;\"> <span style=\"color: #ff0000;\">Mail<\/span><b>:<\/b><\/span><span style=\"font-size: xx-small;\"><a href=\"mailto:fernanda@quasarcomunicacion.com.ar\"> fernanda@quasarcomunicacion.com.ar<\/a><\/span><\/p>\n<\/td>\n<\/tr>\n<\/tbody>\n<\/table>\n<\/div>\n<hr \/>\n<p align=\"left\">\u00a0<b><span style=\"font-family: Verdana; font-size: xx-small;\">A<\/span><\/b><span style=\"font-family: Verdana; font-size: xx-small;\"><b>cerca de la Lic. Gabriela Mart\u00ednez Castro<\/b><\/span><\/p>\n<p align=\"left\"><i><span style=\"font-family: Verdana; font-size: xx-small;\">Gabriela Mart\u00ednez Castro es Licenciada en Psicolog\u00eda egresada de la Universidad de Belgrano en 1991. M\u00e1ster en Psicolog\u00eda Cl\u00ednica en M\u00e9xico. <\/span><\/i><\/p>\n<p><center><\/p>\n<p align=\"left\"><i><span style=\"font-family: Verdana; font-size: xx-small;\">Post-grado en Trastornos de Ansiedad de la Asociaci\u00f3n Argentina de Trastornos de Ansiedad. Psicoterapeuta Cognitiva-Conductual, orientada al trabajo con Trastornos de Ansiedad y Trastornos de la Personalidad.<br \/>\nEx coordinadora docente de la c\u00e1tedra de Psicolog\u00eda General en la Universidad de Belgrano. Ex coordinadora del Departamento de Psicodiagn\u00f3stico del Hospital Franc\u00e9s, \u00e1rea de Consultorios Externos. <\/span><\/i><\/p>\n<p><center><\/p>\n<p align=\"left\"><i><span style=\"font-family: Verdana; font-size: xx-small;\">Miembro de la Asociaci\u00f3n Argentina de Trastornos de Ansiedad. <\/span><\/i><\/p>\n<p><center><\/p>\n<p align=\"left\"><i><span style=\"font-family: Verdana; font-size: xx-small;\">Directora de CEETA (Centro de Estudios Especializados en Trastornos de Ansiedad) <\/span><\/i><\/p>\n<p align=\"left\"><i><span style=\"font-family: Verdana; font-size: xx-small;\">Es de destacar que el CEETA, dirigido por la Lic. Gabriela Mart\u00ednez Castro, tiene su sede central en Pilar y sucursales en Parque Patricios, Belgrano, Barrio Norte y San Isidro. En 2012 abri\u00f3 una sede en Madrid (Espa\u00f1a)<\/span><\/i><\/p>\n<p><center><\/p>\n<p align=\"left\"><span style=\"font-family: Verdana; font-size: xx-small;\"><i><b>Centro de Estudios Especializados en Trastornos de Ansiedad <\/b>(CEETA) &#8211; Edificio Concord-Sector los Almendros-piso segundo Oficina 202. Km 50 de la ruta Panamericana ramal Pilar. Tel\u00e9fono: 0230-4667175 \u00f3 al Celular 15-4416-1578 <a href=\"http:\/\/www.ceeta.org\/\">www.ceeta.org<\/a>\u00a0 \u00a0 \u00a0 \u00a0 \u00a0 \u00a0 \u00a0 \u00a0 \u00a0 \u00a0 \u00a0 \u00a0 \u00a0\u00a0<\/i><\/span><\/p>\n<p><\/center><\/center><\/center><\/center><\/p>\n","protected":false},"excerpt":{"rendered":"<p>El equipo de f\u00fatbol de Argentina avanza en Brasil 2014, pero los nervios de los fan\u00e1ticos se van por las [&hellip;]<\/p>\n","protected":false},"author":2,"featured_media":0,"comment_status":"open","ping_status":"open","sticky":false,"template":"","format":"standard","meta":[],"categories":[2],"tags":[],"_links":{"self":[{"href":"https:\/\/quasarcomunicacion.com.ar\/web\/wp-json\/wp\/v2\/posts\/4694"}],"collection":[{"href":"https:\/\/quasarcomunicacion.com.ar\/web\/wp-json\/wp\/v2\/posts"}],"about":[{"href":"https:\/\/quasarcomunicacion.com.ar\/web\/wp-json\/wp\/v2\/types\/post"}],"author":[{"embeddable":true,"href":"https:\/\/quasarcomunicacion.com.ar\/web\/wp-json\/wp\/v2\/users\/2"}],"replies":[{"embeddable":true,"href":"https:\/\/quasarcomunicacion.com.ar\/web\/wp-json\/wp\/v2\/comments?post=4694"}],"version-history":[{"count":0,"href":"https:\/\/quasarcomunicacion.com.ar\/web\/wp-json\/wp\/v2\/posts\/4694\/revisions"}],"wp:attachment":[{"href":"https:\/\/quasarcomunicacion.com.ar\/web\/wp-json\/wp\/v2\/media?parent=4694"}],"wp:term":[{"taxonomy":"category","embeddable":true,"href":"https:\/\/quasarcomunicacion.com.ar\/web\/wp-json\/wp\/v2\/categories?post=4694"},{"taxonomy":"post_tag","embeddable":true,"href":"https:\/\/quasarcomunicacion.com.ar\/web\/wp-json\/wp\/v2\/tags?post=4694"}],"curies":[{"name":"wp","href":"https:\/\/api.w.org\/{rel}","templated":true}]}}