{"id":4625,"date":"2014-06-16T12:41:47","date_gmt":"2014-06-16T15:41:47","guid":{"rendered":"https:\/\/quasarcomunicacion.com.ar\/web\/?p=4625"},"modified":"2014-06-16T12:41:47","modified_gmt":"2014-06-16T15:41:47","slug":"festejo-por-el-ano-nuevo-del-hemisferio-sur-en-la-reserva-natural-del-pilar","status":"publish","type":"post","link":"https:\/\/quasarcomunicacion.com.ar\/web\/festejo-por-el-ano-nuevo-del-hemisferio-sur-en-la-reserva-natural-del-pilar\/","title":{"rendered":"Festejo por el A\u00f1o Nuevo del Hemisferio Sur en la Reserva Natural del Pilar"},"content":{"rendered":"<p style=\"text-align: left;\" align=\"center\"><span style=\"font-family: Verdana; font-size: small;\">El s\u00e1bado 21 de junio a partir de las 15:30 horas la <\/span><b style=\"font-family: Verdana; font-size: small;\">Reserva Natural del Pilar<\/b><span style=\"font-family: Verdana; font-size: small;\"> celebrar\u00e1 el <\/span><b style=\"font-family: Verdana; font-size: small;\">A\u00f1o Nuevo del Hemisferio Sur <\/b><span style=\"font-family: Verdana; font-size: small;\">con distintas actividades. Desde el COA Del Pilar har\u00e1n una \u201cObservaci\u00f3n de A\u00f1o Nuevo\u201d a la tarde y luego se realizar\u00e1 el festejo por la noche.<\/span><\/p>\n<p><span style=\"font-family: Verdana; font-size: small;\">Para comunicarse con la <b>Reserva Natural del Pilar<\/b> y solicitar m\u00e1s informaci\u00f3n acerca de las actividades que proponen, llamar al 011 15 5052 7846 o contactarse v\u00eda e-mail a <a href=\"mailto:info@patrimonionatural.org.ar\"> info@patrimonionatural.org.ar<\/a> \/\u00a0 <a href=\"mailto:patrimonionatural@gmail.com\"> patrimonionatural@gmail.com<\/a>\u00a0<\/span><br \/>\n<span style=\"font-family: Verdana; font-size: small;\"><a href=\"https:\/\/quasarcomunicacion.com.ar\/web\/wp-content\/uploads\/2014\/06\/caminata2.gif\"><img class=\"aligncenter\" alt=\"caminata2\" src=\"https:\/\/quasarcomunicacion.com.ar\/web\/wp-content\/uploads\/2014\/06\/caminata2.gif\" \/><\/a><!--more--><\/span><br \/>\n<span style=\"font-family: Verdana; font-size: small;\">La <b>Reserva Natural del Pilar<\/b> se encuentra a menos de 2 km del casco urbano de la ciudad del Pilar y de la Panamericana (Ramal Pilar). Su acceso es muy f\u00e1cil ya que hay asfalto hasta el ingreso a la misma y el colectivo 503 llega hasta all\u00ed, indica a Ex F\u00e1brica Militar y parte del centro de Pilar.<\/span><br \/>\n<span style=\"font-family: Verdana; font-size: small;\">La Observaci\u00f3n comenzar\u00e1 a partir de las 15:30 horas en la <b>Reserva Natural Del Pilar<\/b>. Si el camino de tierra se encuentra en buen estado, empezar\u00e1n en la entrada de la Reserva.<br \/>\nPor otro lado, si resulta imposible hacerlo en veh\u00edculo, se comenzar\u00e1 donde termina el asfalto, enfrente de la f\u00e1brica abandonada de anilinas. Quienes concurran deber\u00e1n llevar repelente, agua, botas o calzado embarrable y cerrado y libreta. <\/span><br \/>\n<span style=\"font-family: Verdana; font-size: small;\">Para aquellos que quieran quedarse hasta la noche, el festejo empezar\u00e1 cerca de las 19 o 20 horas y deber\u00e1n llevar algo para comer y compartir y abrigo. Habr\u00e1 fogones y aquellos que deseen podr\u00e1n llevar sus instrumentos para musicalizar la jornada. <\/span><br \/>\n<span style=\"font-family: Verdana; font-size: small;\">\u201cInvitamos a todos a participar, traer ropa c\u00f3moda, abrigo y vianda para la cena en torno a los fogones! Haremos una breve visita guiada nocturna, y luego festejaremos en torno al fuego, vivenciando la importancia de hacer una pausa, para reiniciar el ciclo anual como parte de la Naturaleza\u201d indican desde la Reserva. <\/span><br \/>\n<span style=\"font-family: Verdana; font-size: small;\">Para contactarse con la Reserva Natural del Pilar, enviar un e-mail a <a href=\"mailto:patrimonionatural@gmail.com\"> patrimonionatural@gmail.com<\/a>\u00a0 o a <a href=\"mailto:info@patrimonionatural.org.ar\">info@patrimonionatural.org.ar<\/a>\u00a0 <\/span><\/p>\n<p align=\"center\"><b><span style=\"font-family: Arial; font-size: small;\">Toda la info de la Reserva ingresando en\u00a0<\/span><\/b><br \/>\n<b><span style=\"font-family: Arial; font-size: medium;\"> <a href=\"http:\/\/www.quasarcomunicacion.com.ar\/reserva\/prensa.htm\"> http:\/\/www.quasarcomunicacion.com.ar\/reserva<\/a><\/span><\/b><\/p>\n<p><span style=\"font-size: small;\"><b><i>\u00a0<span style=\"font-family: Arial;\">Por otras im\u00e1genes, audios o entrevistas no dude en contactarse<\/span><\/i><\/b><\/span><\/p>\n<p align=\"center\"><span style=\"font-size: small;\"><b><i> Contactos de Prensa<\/i><\/b><\/span><\/p>\n<div align=\"left\">\n<table width=\"100%\" border=\"1\" cellpadding=\"2\" align=\"left\">\n<tbody>\n<tr>\n<td width=\"50%\">\n<p align=\"left\"><span style=\"font-size: medium;\"><strong> <span style=\"color: #808080; font-family: Arial; font-size: small;\"> Camila Sarmiento &#8211; Asistente de Cuentas<br \/>\n<\/span> <\/strong><\/span> <span style=\"font-size: xx-small;\"><span style=\"color: #ff0000;\"> Directo<\/span><b>: <\/b> 0230<\/span><span style=\"font-size: xx-small;\">-4664772<br \/>\n<\/span><span style=\"color: #ff0000; font-size: xx-small;\"> Skype:<\/span><span style=\"font-size: xx-small;\"> quasarcomunicacion<br \/>\n<\/span><span style=\"color: #ff0000; font-size: xx-small;\"> Twitter:<\/span><span style=\"font-size: xx-small;\"> @quasarpilar<br \/>\n<\/span><span style=\"color: #ff0000; font-size: xx-small;\"> Gr<\/span><span style=\"color: #ff0000; font-size: xx-small;\">upo y p\u00e1gina en Facebook: <\/span> <span style=\"color: #808080; font-size: xx-small;\">www.facebook.com\/<\/span><a href=\"mailto:mfipata@gmail.com\"><span style=\"font-size: xx-small;\">Quasar<\/span><\/a><span style=\"font-size: xx-small;\">Comunicacion<br \/>\n<\/span><span style=\"color: #ff0000; font-size: xx-small;\"> Web:<\/span><b><\/b> <a href=\"http:\/\/www.quasarcomunicacion.com.ar\/\"> <span style=\"font-size: xx-small;\">www.quasarcomunicacion.com.ar<\/span><\/a><\/p>\n<p align=\"left\"><span style=\"font-size: xx-small;\"> <span style=\"color: #ff0000;\">Mail<\/span><b>:<\/b><\/span><span style=\"font-size: xx-small;\"> <a href=\"mailto:fernanda@quasarcomunicacion.com.ar\"> asistente@quasarcomunicacion.com.ar<\/a><\/span><\/p>\n<\/td>\n<td width=\"50%\">\n<p align=\"right\"><span style=\"font-size: medium;\"><strong> <span style=\"color: #808080; font-family: Arial; font-size: small;\"> Lic. Mar\u00eda Fernanda Ipata &#8211; Directora<br \/>\n<\/span> <\/strong><\/span> <span style=\"font-size: xx-small;\"><span style=\"color: #ff0000;\"><br \/>\nDirecto<\/span><b>: <\/b> 0230<\/span><span style=\"font-size: xx-small;\">-4664772<\/span><span style=\"font-size: xx-small;\"><br \/>\n<\/span><span style=\"font-size: xx-small;\"> <span style=\"color: #ff0000;\">M\u00f3vil:<\/span><b> <\/b> 0230<\/span><span style=\"font-size: xx-small;\">-15-4584535<br \/>\n011-15-6096-4656 ID 558*3763<br \/>\n<\/span><span style=\"color: #ff0000; font-size: xx-small;\"> Skype:<\/span><span style=\"font-size: xx-small;\"> quasarcomunicacion<br \/>\n<\/span><span style=\"color: #ff0000; font-size: xx-small;\"> Twitter:<\/span><span style=\"font-size: xx-small;\"> @quasarpilar<br \/>\n<\/span><span style=\"color: #ff0000; font-size: xx-small;\"> Gr<\/span><span style=\"color: #ff0000; font-size: xx-small;\">upo y p\u00e1gina en Facebook: <\/span> <span style=\"color: #808080; font-size: xx-small;\">www.facebook.com\/<\/span><a href=\"mailto:mfipata@gmail.com\"><span style=\"font-size: xx-small;\">Quasar<\/span><\/a><span style=\"font-size: xx-small;\">Comunicacion<br \/>\n<\/span><span style=\"font-size: xx-small;\"> <span style=\"color: #ff0000;\">LinkedIn<\/span><b>:\u00a0 <\/b><\/span> <span style=\"font-size: xx-small;\"><b> <a href=\"http:\/\/www.linkedin.com\/in\/mfipata\"> http:\/\/www.linkedin.com\/in\/mfipata<\/a><\/b><\/span><span style=\"font-size: xx-small;\"><br \/>\n<\/span><span style=\"color: #ff0000; font-size: xx-small;\"> Web:<\/span><b><\/b> <a href=\"http:\/\/www.quasarcomunicacion.com.ar\/\"> <span style=\"font-size: xx-small;\">www.quasarcomunicacion.com.ar<\/span><\/a><span style=\"font-size: xx-small;\"><br \/>\n<\/span><span style=\"font-size: xx-small;\"> <span style=\"color: #ff0000;\">Mail<\/span><b>:<\/b><\/span><span style=\"font-size: xx-small;\"><a href=\"mailto:fernanda@quasarcomunicacion.com.ar\"> fernanda@quasarcomunicacion.com.ar<\/a><\/span><\/p>\n<\/td>\n<\/tr>\n<\/tbody>\n<\/table>\n<\/div>\n","protected":false},"excerpt":{"rendered":"<p>El s\u00e1bado 21 de junio a partir de las 15:30 horas la Reserva Natural del Pilar celebrar\u00e1 el A\u00f1o Nuevo [&hellip;]<\/p>\n","protected":false},"author":2,"featured_media":4626,"comment_status":"open","ping_status":"open","sticky":false,"template":"","format":"standard","meta":[],"categories":[2],"tags":[],"_links":{"self":[{"href":"https:\/\/quasarcomunicacion.com.ar\/web\/wp-json\/wp\/v2\/posts\/4625"}],"collection":[{"href":"https:\/\/quasarcomunicacion.com.ar\/web\/wp-json\/wp\/v2\/posts"}],"about":[{"href":"https:\/\/quasarcomunicacion.com.ar\/web\/wp-json\/wp\/v2\/types\/post"}],"author":[{"embeddable":true,"href":"https:\/\/quasarcomunicacion.com.ar\/web\/wp-json\/wp\/v2\/users\/2"}],"replies":[{"embeddable":true,"href":"https:\/\/quasarcomunicacion.com.ar\/web\/wp-json\/wp\/v2\/comments?post=4625"}],"version-history":[{"count":0,"href":"https:\/\/quasarcomunicacion.com.ar\/web\/wp-json\/wp\/v2\/posts\/4625\/revisions"}],"wp:featuredmedia":[{"embeddable":true,"href":"https:\/\/quasarcomunicacion.com.ar\/web\/wp-json\/wp\/v2\/media\/4626"}],"wp:attachment":[{"href":"https:\/\/quasarcomunicacion.com.ar\/web\/wp-json\/wp\/v2\/media?parent=4625"}],"wp:term":[{"taxonomy":"category","embeddable":true,"href":"https:\/\/quasarcomunicacion.com.ar\/web\/wp-json\/wp\/v2\/categories?post=4625"},{"taxonomy":"post_tag","embeddable":true,"href":"https:\/\/quasarcomunicacion.com.ar\/web\/wp-json\/wp\/v2\/tags?post=4625"}],"curies":[{"name":"wp","href":"https:\/\/api.w.org\/{rel}","templated":true}]}}