{"id":4520,"date":"2014-06-04T10:41:46","date_gmt":"2014-06-04T13:41:46","guid":{"rendered":"https:\/\/quasarcomunicacion.com.ar\/web\/?p=4520"},"modified":"2014-06-04T10:41:46","modified_gmt":"2014-06-04T13:41:46","slug":"charla-gratuita-sobre-imagen-corporativa-5-pasos-para-construir-un-personal-branding-efectivo","status":"publish","type":"post","link":"https:\/\/quasarcomunicacion.com.ar\/web\/charla-gratuita-sobre-imagen-corporativa-5-pasos-para-construir-un-personal-branding-efectivo\/","title":{"rendered":"Charla gratuita sobre &quot;IMAGEN CORPORATIVA: 5 pasos para construir un personal branding efectivo&quot;"},"content":{"rendered":"<p style=\"text-align: left;\" align=\"center\"><span style=\"color: #ff0000; font-family: Verdana, sans-serif; font-size: large;\"><span style=\"font-family: Verdana; font-size: small;\">El <b>CICLO PARA EL #DESARROLLO EMPRENDEDOR EN PILAR <\/b>(declarado de Inter\u00e9s Municipal por el HCD de Pilar) contin\u00faa el pr\u00f3ximo <\/span><span style=\"font-family: Verdana; font-size: small;\">11 de junio con la charla <b> \u00abIMAGEN CORPORATIVA: 5 pasos para construir un personal branding efectivo\u00bb<\/b> a cargo de la dise\u00f1adora gr\u00e1fica Ana Clara Ojeda, titular del Estudio AM. El ciclo, declarado de Inter\u00e9s Municipal es organizado por <b>Emprender HOY<\/b>. La entrada es LIBRE Y GRATUITA. Solo se requiere completar el siguiente formulario on line <a href=\"http:\/\/bit.ly\/1meffU1\">http:\/\/bit.ly\/1meffU1<\/a>. M\u00e1s informaci\u00f3n y cronograma completo en <\/span><span style=\"font-family: Verdana; font-size: small;\"> <a href=\"http:\/\/emprenderhoy.com.ar\/desarrolloemprendedor.html\"> http:\/\/emprenderhoy.com.ar\/desarrolloemprendedor.html<!--more--><\/a><\/span><\/span><\/p>\n<p><span style=\"font-family: Verdana; font-size: small;\">La charla se brindar\u00e1 en el 1\u00ba piso de la C\u00e1mara de Comercio de Pilar, Pedro Lagrave 563, Pilar Frente a la terminal de omnibus. Las acreditaciones comienzan 19.15 hs. Rogamos asistir con tarjetas personales o material promocional para hacer m\u00e1s \u00e1gil la inscripci\u00f3n y facilitar el networking. Una vez finalizada la actividad, se entregar\u00e1n certificados de asistencia.<\/span><br \/>\n<img loading=\"lazy\" alt=\"\" src=\"http:\/\/www.quasarcomunicacion.com.ar\/emprendedores\/charlajunio600.gif\" width=\"562\" height=\"862\" border=\"0\" \/><br \/>\n<span style=\"font-family: Verdana; font-size: small;\"><b>Durante la charla se abordar\u00e1n los siguientes temas:<\/b><\/span><br \/>\n<span style=\"font-family: Verdana; font-size: small;\"> <img loading=\"lazy\" alt=\"\" src=\"http:\/\/www.quasarcomunicacion.com.ar\/emprendedores\/ojeda.gif\" width=\"147\" height=\"227\" align=\"left\" border=\"0\" hspace=\"6\" vspace=\"6\" \/>*Aprender c\u00f3mo diferenciarse de otros profesionales haciendo de mi nombre una marca.<\/span><br \/>\n<span style=\"font-family: Verdana; font-size: small;\">*Conocer las distintas piezas publicitarias que existen para comunicar y promocionar un producto, servicio, negocio o emprendimiento.<\/span><br \/>\n<span style=\"font-family: Verdana; font-size: small;\">*Definir cu\u00e1les son las que sirven para cada uno.<\/span><br \/>\n<span style=\"font-family: Verdana; font-size: small;\">*Crear un plan comunicacional sobre la base de cada necesidad y presupuesto.<\/span><br \/>\n<span style=\"font-family: Verdana; font-size: small;\">Ana Clara Ojeda es titular del Estudio AM, se ha especializado en dise\u00f1o editorial, corporativo e imagen comercial, ha trabajado para algunas de las m\u00e1s importantes empresas del pa\u00eds como Manzi publisher, Publirevistas La Naci\u00f3n y APTRA, entre otros. Y empresas multinacionales, como Editorial Televisa.<\/span><br \/>\n<span style=\"font-family: Verdana; font-size: small;\"><b> Emprender HOY<\/b> es un espacio para todos los emprendedores que se materializa en diversos eventos como ferias, encuentros, capacitaciones, espacios de networking, entre otros. La raz\u00f3n de ser, la misi\u00f3n, de <strong>Emprender HOY<\/strong> es proporcionar al sector Emprendedor herramientas y conocimientos que le permitan desarrollar su propio emprendimiento y que permita incorporar competencias que deriven en su mejora continua.<\/span><br \/>\n<span style=\"font-family: Verdana; font-size: small;\"><b> <img loading=\"lazy\" alt=\"\" src=\"http:\/\/www.quasarcomunicacion.com.ar\/emprendedores\/logoeh.gif\" width=\"300\" height=\"75\" align=\"right\" border=\"0\" hspace=\"6\" vspace=\"6\" \/>Emprender Hoy<\/b>, a trav\u00e9s del proyecto <b>#DESARROLLOEMPRENDEDOR 2014<\/b>, desarrolla un ciclo de actividades gratuitas compuesto por charlas y encuentros de networking que comenzaron en febrero de este a\u00f1o y culminar\u00e1 en diciembre con el festejo del D\u00eda del Emprendedor. El mismo se desarrolla en la ciudad de Pilar (Bs. As., Argentina) y cuenta con el apoyo de diferentes instituciones, particulares, medios de comunicaci\u00f3n y consultores independientes que comparten su conocimiento de manera desinteresada.<\/span><br \/>\n<span style=\"font-family: Verdana; font-size: small;\">Luego de la charla, se brindar\u00e1 un espacio de networking, por lo cual se pide asistir con\u00a0tarjetas personales o material promocional.<\/span><br \/>\n<span style=\"font-family: Verdana; font-size: small;\">La charla tendr\u00e1 una duraci\u00f3n de 60 minutos y luego habr\u00e1 espacio para preguntas y networking, fomentando la generaci\u00f3n de nuevos contactos y redes entre los asistentes. <\/span><br \/>\n<span style=\"font-family: Verdana; font-size: small;\">El <b>Ciclo de Charlas<\/b> apunta a la capacitaci\u00f3n de comerciantes, emprendedores, estudiantes, due\u00f1os y empleados de pymes y toda persona interesada en incorporar conocimientos para hacer crecer su producto o servicio<\/span><br \/>\n<span style=\"font-family: Verdana; font-size: small;\"><b>CONSULTAS E INSCRIPCIONES:<\/b> www.emprenderhoy.com.ar o comunic\u00e1ndose al 011-15-6742-7635 \/ <a href=\"http:\/\/www.facebook.com\/emprenderhoyfanpage\"> www.facebook.com\/emprenderhoyfanpage<\/a><\/span><br \/>\n<span style=\"font-family: Verdana; font-size: small;\">El <b>Ciclo de Charlas de Capacitaci\u00f3n Gratuitas para el #DesarrolloEmprendedor<\/b> cuenta con el apoyo de: <\/span><\/p>\n<div><span style=\"font-family: Verdana; font-size: small;\">C\u00e1mara de Comercio de Pilar (SCIPA)<br \/>\nConsultora P&amp;E de Juli\u00e1n Candermo (www.jcandermo.com.ar)<br \/>\nEmprender Hoy (www.emprenderhoy.com.ar)<br \/>\nAV Consultores Pymes (www.avconsultorespymes.com)<br \/>\nEmprender en Femenino (www.emprenderenfemenino.com.ar)<br \/>\nCentro Jur\u00eddico del Pilar<br \/>\nContador P\u00fablico Mauro Sebasti\u00e1n Castro<br \/>\nMain Pensamiento Estrat\u00e9gico + Gesti\u00f3n<br \/>\nCECREDA (Centro Estrat\u00e9gico para el Crecimiento y Desarrollo Argentino)<br \/>\nC\u00e1mara de Comerciantes, Industriales, Profesionales, Propietarios y Afines de Del Viso<br \/>\nC\u00e1mara de Mujeres Empresarias de Z\u00e1rate <\/span><span style=\"font-family: Verdana; font-size: small;\"><b>COMUNICAN<\/b><br \/>\nQu\u00e1sar Comunicaci\u00f3n ( <a href=\"http:\/\/www.quasarcomunicacion.com.ar\/\"> www.quasarcomunicacion.com.ar<\/a> )<br \/>\nEstudio de Dise\u00f1o AM ( <a href=\"http:\/\/www.estudioam.com.ar\/\"> www.estudioam.com.ar<\/a> )\u00a0 <\/span><\/div>\n<p><span style=\"font-family: Verdana; font-size: small;\"><b>MEDIA PARTNER <\/b><br \/>\nMujeres Pilar (www.mujerespilar.com )<br \/>\nPilar de Todos (www.pilardetodos.com.ar)<br \/>\nRevista de Negocios Madre Emprendedora (www.madreemprendedora.com.ar)<br \/>\nPilar GPS Gu\u00eda de Productos y Servicios Digital<br \/>\nMujeres Atrayendo Riqueza (http:\/\/mujeresatrayendoriqueza.blogspot.com.ar\/)<br \/>\nPilar Hoy (www.pilarhoy.com.ar )<br \/>\nRadio X Pilar (www.radioxpilar.com.ar)<br \/>\nPilar Herald (www.pilarherald.com.ar)<br \/>\nLa Revista de los countries de Tigre<br \/>\nProf. Oscar Orlando Mascare\u00f1o- Producciones Period\u00edsticas para Radio-TV-Eventos<\/span><br \/>\n<span style=\"font-family: Verdana; font-size: small;\">Todos los sponsors haciendo click aqu\u00ed <a href=\"http:\/\/emprenderhoy.com.ar\/desarrolloemprendedor\/sponsors.html\"> http:\/\/emprenderhoy.com.ar\/desarrolloemprendedor\/sponsors.html<\/a> <\/span><\/p>\n<p style=\"text-align: left;\" align=\"center\"><span style=\"color: #ff0000; font-family: Verdana, sans-serif; font-size: large;\"><span style=\"font-family: Verdana; font-size: small;\">\u00a0<\/span><\/span><\/p>\n","protected":false},"excerpt":{"rendered":"<p>El CICLO PARA EL #DESARROLLO EMPRENDEDOR EN PILAR (declarado de Inter\u00e9s Municipal por el HCD de Pilar) contin\u00faa el pr\u00f3ximo [&hellip;]<\/p>\n","protected":false},"author":2,"featured_media":0,"comment_status":"open","ping_status":"open","sticky":false,"template":"","format":"standard","meta":[],"categories":[2],"tags":[],"_links":{"self":[{"href":"https:\/\/quasarcomunicacion.com.ar\/web\/wp-json\/wp\/v2\/posts\/4520"}],"collection":[{"href":"https:\/\/quasarcomunicacion.com.ar\/web\/wp-json\/wp\/v2\/posts"}],"about":[{"href":"https:\/\/quasarcomunicacion.com.ar\/web\/wp-json\/wp\/v2\/types\/post"}],"author":[{"embeddable":true,"href":"https:\/\/quasarcomunicacion.com.ar\/web\/wp-json\/wp\/v2\/users\/2"}],"replies":[{"embeddable":true,"href":"https:\/\/quasarcomunicacion.com.ar\/web\/wp-json\/wp\/v2\/comments?post=4520"}],"version-history":[{"count":0,"href":"https:\/\/quasarcomunicacion.com.ar\/web\/wp-json\/wp\/v2\/posts\/4520\/revisions"}],"wp:attachment":[{"href":"https:\/\/quasarcomunicacion.com.ar\/web\/wp-json\/wp\/v2\/media?parent=4520"}],"wp:term":[{"taxonomy":"category","embeddable":true,"href":"https:\/\/quasarcomunicacion.com.ar\/web\/wp-json\/wp\/v2\/categories?post=4520"},{"taxonomy":"post_tag","embeddable":true,"href":"https:\/\/quasarcomunicacion.com.ar\/web\/wp-json\/wp\/v2\/tags?post=4520"}],"curies":[{"name":"wp","href":"https:\/\/api.w.org\/{rel}","templated":true}]}}