{"id":4503,"date":"2014-05-30T17:02:36","date_gmt":"2014-05-30T20:02:36","guid":{"rendered":"https:\/\/quasarcomunicacion.com.ar\/web\/?p=4503"},"modified":"2014-05-30T17:02:36","modified_gmt":"2014-05-30T20:02:36","slug":"entrecielosmarantal","status":"publish","type":"post","link":"https:\/\/quasarcomunicacion.com.ar\/web\/entrecielosmarantal\/","title":{"rendered":"El Gran Marantal Malbec de Entre Cielos seleccionado entre los mejores de Argentina"},"content":{"rendered":"<p style=\"text-align: left;\" align=\"center\">\u00a0El <b>Hotel Boutique Entre Cielos<\/b>, ubicado en Mendoza al pie de los Andes, produce su propia y exclusiva l\u00ednea de vinos llamada \u201cMarantal\u201d que en esta oportunidad fueron distinguidos con altas calificaciones por el prestigioso medio <b>The Wine Advocate<\/b>. Tres vinos producidos de los vi\u00f1edos de<b> Entre Cielos<\/b> fueron los galardonados: el Gran Marantal Malbec 2010 con 91 Puntos; el Gran Marantal Pinot Noir 2010 con 89 Puntos y el Marantal Malbec 2010 con 88 Puntos.<\/p>\n<p><!--more--><br \/>\n<a href=\"https:\/\/quasarcomunicacion.com.ar\/web\/wp-content\/uploads\/2014\/05\/marantal.gif\"><img class=\"aligncenter\" alt=\"marantal\" src=\"https:\/\/quasarcomunicacion.com.ar\/web\/wp-content\/uploads\/2014\/05\/marantal.gif\" \/><\/a><br \/>\nSobre un terreno de vi\u00f1edos de m\u00e1s de ochenta a\u00f1os de edad, en la regi\u00f3n de Luj\u00e1n de Cuyo, Mendoza, se extienden 3,2 hect\u00e1reas de plantas, y all\u00ed es donde se producen estos vinos sobresalientes. La producci\u00f3n est\u00e1 a cargo del en\u00f3logo Hubert Weber junto a los propietarios de <b>Entre Cielos<\/b>.<br \/>\n<span style=\"font-family: Verdana; font-size: small;\">\u201cMarantal es el nombre de una estrella en la constelaci\u00f3n de Ori\u00f3n. Cuando vimos por primera vez esta hermosa propiedad, el cielo de azul intenso y la Cordillera de los Andes, todos miramos hacia arriba, y all\u00ed estaba estaba Ori\u00f3n, clara y brillante. Experimentamos entonces la emoci\u00f3n compartida de afirmar que este iba a ser el lugar para realizar nuestro sue\u00f1o. Y as\u00ed, la estrella Marantal lleg\u00f3 a simbolizar la confirmaci\u00f3n interior que todos sentimos en ese momento incre\u00edble\u201d, <\/span> se\u00f1alan desde <b>Entre Cielos<\/b>.<br \/>\n<span style=\"font-family: Verdana; font-size: small;\">Desde <b>The Wine Advocate<\/b> calificaron al Gran Marantal 2010 como \u201cun Malbec de Vistalba puro, producido a 950 metros de altitud y proveniente de un joven vi\u00f1edo de tres hect\u00e1reas. Con notas de madera americana (vainilla y coco) e intercalado con fruta madura, se trata de un vino joven esperando a integrarse aun mejor en la botella. Se percibe el sabor de taninos dulces, con buena acidez y frescura. Tomarlo en el 2015-2020\u201d <\/span><br \/>\n<span style=\"font-family: Verdana; font-size: small;\">Respecto al Marantal 2010, un vino producido por el en\u00f3logo Hubert Weber -a igual que los anteriores- <b>The Wine Advocate<\/b> lo calific\u00f3 como \u201cel vino de la casa para la comida que se sirve en su restaurant. Tambi\u00e9n se trata de un Malbec Vistalba proveniente de un joven vi\u00f1edo de tres hect\u00e1reas a 950 metros de altitud. Solo un 5% del vino se cr\u00eda en madera. Contiene aromas de frutos negros y especias con un poco de regaliz y un tenue car\u00e1cter animal. En boca es de cuerpo medio, con alta acidez y frescura\u201d. <\/span><br \/>\n<span style=\"font-family: Verdana; font-size: small;\">Para conocer m\u00e1s acerca del <b>Hotel Boutique Entre Cielos<\/b>, visitar su p\u00e1gina web <a href=\"http:\/\/www.entrecielos.com\/\">www.entrecielos.com<\/a>\u00a0 <\/span><br \/>\n<span style=\"font-family: Verdana; font-size: small;\"><b>Acerca de Entre Cielos<\/b><\/span><br \/>\n<b><span style=\"font-size: xx-small;\">Entre Cielos<\/span><span style=\"font-size: xx-small;\">\u00a0<\/span><\/b><span style=\"font-size: xx-small;\">es un lujoso hotel boutique de 16 suites y habitaciones de lujo que incluye un exclusivo Hamam y Spa y una oferta gastron\u00f3mica gourmet todo en un entorno de <\/span> <span style=\"font-size: xx-small;\">vi\u00f1edos inigualable, <\/span> <span style=\"font-size: xx-small;\"> ubicado en la localidad de Vistalba, a pocos minutos de la ciudad de Mendoz<\/span><span style=\"font-size: xx-small;\">a.<\/span><br \/>\n<span style=\"font-size: xx-small;\">Cada habitaci\u00f3n ha sido pensada con un dise\u00f1o de sutil lujo y gran comodidad. La amplitud, la luminosidad y el contacto con la naturaleza son la esencia de las 16 habitaciones. La experiencia en Entre Cielos ser\u00e1\u00a0inolvidable. Seis categor\u00edas de habitaciones pensadas para disfrutar sin l\u00edmites.<\/span><br \/>\n<span style=\"font-size: xx-small;\">Este proyecto es el resultado del trabajo de un grupo de suizos entusiastas\u00a0que en 2009 descubrieron por primera vez las maravillas de esa provincia. Inmediatamente comenzaron a desarrollar su visi\u00f3n del dise\u00f1o, la hospitalidad y el servicio que buscaban ofrecer para transmitirle sus valores alpinos a los pies de los Andes.<\/span><br \/>\n<b> <span style=\"font-size: xx-small;\">Entre Cielos<\/span><span style=\"font-size: xx-small;\">\u00a0<\/span><\/b><span style=\"font-size: xx-small;\">une los grandes placeres de la vida, reflejados en cuatro\u00a0componentes: el hotel, el hamam+spa, dos restaurantes y el vino.<\/span><br \/>\n<span style=\"font-size: xx-small;\"> Entre sus actividades incluye: Wine tours y degustaciones privadas, excursiones en bicicleta, nataci\u00f3n, fitness, deportes al aire libre (Bicicletas, monta\u00f1ismo, pesca, hiking, golf, paseos a caballo, kayaking, rafting, wind-surfing) y excursiones organizadas.<\/span><br \/>\n<span style=\"font-size: xx-small;\"><br \/>\n<\/span> <span style=\"font-family: Verdana; font-size: xx-small;\"> <b>Informaci\u00f3n y contacto:<\/b> hotel@entrecielos.com<br \/>\nTel\u00e9fono de contacto: 0261-498 33 77<br \/>\n<a href=\"http:\/\/www.entrecielos.com\/\">www.entrecielos.com<\/a><\/span><\/p>\n<p align=\"center\"><b><i> Por otras im\u00e1genes, audios o entrevistas no dude en contactarse<\/i><\/b><\/p>\n<p align=\"center\">Acceso a toda la informaci\u00f3n ingresando en \u00a0<b><i><br \/>\n<a href=\"http:\/\/www.quasarcomunicacion.com.ar\/entrecielos\"> www.quasarcomunicacion.com.ar\/entrecielos<\/a>\u00a0 <\/i><\/b><\/p>\n<p align=\"center\"><span style=\"font-size: small;\"><b><i> Contactos de Prensa<\/i><\/b><\/span><\/p>\n<div align=\"left\">\n<table width=\"100%\" border=\"1\" cellpadding=\"2\" align=\"left\">\n<tbody>\n<tr>\n<td width=\"50%\">\n<p align=\"left\"><span style=\"font-size: medium;\"><strong> <span style=\"color: #808080; font-family: Arial; font-size: small;\"> Camila Sarmiento &#8211; Asistente de Cuentas<\/span><\/strong><\/span><\/p>\n<p><span style=\"font-size: xx-small;\"><span style=\"color: #ff0000;\"> Directo<\/span><b>: <\/b> 0230<\/span><span style=\"font-size: xx-small;\">-4664772<br \/>\n<\/span><span style=\"color: #ff0000; font-size: xx-small;\"> Skype:<\/span><span style=\"font-size: xx-small;\"> quasarcomunicacion<br \/>\n<\/span><span style=\"color: #ff0000; font-size: xx-small;\"> Twitter:<\/span><span style=\"font-size: xx-small;\"> @quasarpilar<br \/>\n<\/span><span style=\"color: #ff0000; font-size: xx-small;\"> Gr<\/span><span style=\"color: #ff0000; font-size: xx-small;\">upo y p\u00e1gina en Facebook: <\/span> <span style=\"color: #808080; font-size: xx-small;\">www.facebook.com\/<\/span><a href=\"mailto:mfipata@gmail.com\"><span style=\"font-size: xx-small;\">Quasar<\/span><\/a><span style=\"font-size: xx-small;\">Comunicacion<br \/>\n<\/span><span style=\"color: #ff0000; font-size: xx-small;\"> Web:<\/span><b><\/b> <a href=\"http:\/\/www.quasarcomunicacion.com.ar\/\"> <span style=\"font-size: xx-small;\">www.quasarcomunicacion.com.ar<\/span><\/a><\/p>\n<p align=\"left\"><span style=\"font-size: xx-small;\"> <span style=\"color: #ff0000;\">Mail<\/span><b>:<\/b><\/span><span style=\"font-size: xx-small;\"> <a href=\"mailto:fernanda@quasarcomunicacion.com.ar\"> asistente@quasarcomunicacion.com.ar<\/a><\/span><\/p>\n<\/td>\n<td width=\"50%\">\n<p align=\"right\"><span style=\"font-size: medium;\"><strong> <span style=\"color: #808080; font-family: Arial; font-size: small;\"> Lic. Mar\u00eda Fernanda Ipata &#8211; Directora<br \/>\n<\/span> <\/strong><\/span> <span style=\"font-size: xx-small;\"><span style=\"color: #ff0000;\"><br \/>\nDirecto<\/span><b>: <\/b> 0230<\/span><span style=\"font-size: xx-small;\">-4664772<\/span><span style=\"font-size: xx-small;\"><br \/>\n<\/span><span style=\"font-size: xx-small;\"> <span style=\"color: #ff0000;\">M\u00f3vil:<\/span><b> <\/b> 0230<\/span><span style=\"font-size: xx-small;\">-15-4584535<br \/>\n011-15-6096-4656 ID 558*3763<br \/>\n<\/span><span style=\"color: #ff0000; font-size: xx-small;\"> Skype:<\/span><span style=\"font-size: xx-small;\"> quasarcomunicacion<br \/>\n<\/span><span style=\"color: #ff0000; font-size: xx-small;\"> Twitter:<\/span><span style=\"font-size: xx-small;\"> @quasarpilar<br \/>\n<\/span><span style=\"color: #ff0000; font-size: xx-small;\"> Gr<\/span><span style=\"color: #ff0000; font-size: xx-small;\">upo y p\u00e1gina en Facebook: <\/span> <span style=\"color: #808080; font-size: xx-small;\">www.facebook.com\/<\/span><a href=\"mailto:mfipata@gmail.com\"><span style=\"font-size: xx-small;\">Quasar<\/span><\/a><span style=\"font-size: xx-small;\">Comunicacion<br \/>\n<\/span><span style=\"font-size: xx-small;\"> <span style=\"color: #ff0000;\">LinkedIn<\/span><b>:\u00a0 <\/b><\/span> <span style=\"font-size: xx-small;\"><b> <a href=\"http:\/\/www.linkedin.com\/in\/mfipata\"> http:\/\/www.linkedin.com\/in\/mfipata<\/a><\/b><\/span><span style=\"font-size: xx-small;\"><br \/>\n<\/span><span style=\"color: #ff0000; font-size: xx-small;\"> Web:<\/span><b><\/b> <a href=\"http:\/\/www.quasarcomunicacion.com.ar\/\"> <span style=\"font-size: xx-small;\">www.quasarcomunicacion.com.ar<\/span><\/a><span style=\"font-size: xx-small;\"><br \/>\n<\/span><span style=\"font-size: xx-small;\"> <span style=\"color: #ff0000;\">Mail<\/span><b>:<\/b><\/span><span style=\"font-size: xx-small;\"><a href=\"mailto:fernanda@quasarcomunicacion.com.ar\"> fernanda@quasarcomunicacion.com.ar<\/a><\/span><\/p>\n<\/td>\n<\/tr>\n<\/tbody>\n<\/table>\n<\/div>\n","protected":false},"excerpt":{"rendered":"<p>\u00a0El Hotel Boutique Entre Cielos, ubicado en Mendoza al pie de los Andes, produce su propia y exclusiva l\u00ednea de [&hellip;]<\/p>\n","protected":false},"author":2,"featured_media":4504,"comment_status":"open","ping_status":"open","sticky":false,"template":"","format":"standard","meta":[],"categories":[2],"tags":[],"_links":{"self":[{"href":"https:\/\/quasarcomunicacion.com.ar\/web\/wp-json\/wp\/v2\/posts\/4503"}],"collection":[{"href":"https:\/\/quasarcomunicacion.com.ar\/web\/wp-json\/wp\/v2\/posts"}],"about":[{"href":"https:\/\/quasarcomunicacion.com.ar\/web\/wp-json\/wp\/v2\/types\/post"}],"author":[{"embeddable":true,"href":"https:\/\/quasarcomunicacion.com.ar\/web\/wp-json\/wp\/v2\/users\/2"}],"replies":[{"embeddable":true,"href":"https:\/\/quasarcomunicacion.com.ar\/web\/wp-json\/wp\/v2\/comments?post=4503"}],"version-history":[{"count":0,"href":"https:\/\/quasarcomunicacion.com.ar\/web\/wp-json\/wp\/v2\/posts\/4503\/revisions"}],"wp:featuredmedia":[{"embeddable":true,"href":"https:\/\/quasarcomunicacion.com.ar\/web\/wp-json\/wp\/v2\/media\/4504"}],"wp:attachment":[{"href":"https:\/\/quasarcomunicacion.com.ar\/web\/wp-json\/wp\/v2\/media?parent=4503"}],"wp:term":[{"taxonomy":"category","embeddable":true,"href":"https:\/\/quasarcomunicacion.com.ar\/web\/wp-json\/wp\/v2\/categories?post=4503"},{"taxonomy":"post_tag","embeddable":true,"href":"https:\/\/quasarcomunicacion.com.ar\/web\/wp-json\/wp\/v2\/tags?post=4503"}],"curies":[{"name":"wp","href":"https:\/\/api.w.org\/{rel}","templated":true}]}}