{"id":4473,"date":"2014-05-26T11:41:51","date_gmt":"2014-05-26T14:41:51","guid":{"rendered":"https:\/\/quasarcomunicacion.com.ar\/web\/?p=4473"},"modified":"2014-05-26T11:41:51","modified_gmt":"2014-05-26T14:41:51","slug":"vacaciones-de-invierno-en-feirs-park-hotel-rooftop","status":"publish","type":"post","link":"https:\/\/quasarcomunicacion.com.ar\/web\/vacaciones-de-invierno-en-feirs-park-hotel-rooftop\/","title":{"rendered":"Vacaciones de invierno  en Feir\u2019s Park Hotel &amp; Rooftop"},"content":{"rendered":"<p style=\"text-align: left;\" align=\"center\"><b style=\"font-family: Verdana; font-size: small;\">Feir\u2019s Park Hotel &amp; Rooftop <\/b><span style=\"font-family: Verdana; font-size: small;\">(ubicado en el barrio de Retiro\/Recoleta, cercano a Puerto Madero) lanza una nueva promoci\u00f3n para\u00a0 disfrutar de las pr\u00f3ximas vacaciones de invierno.<!--more--><\/span><\/p>\n<p align=\"left\"><a href=\"https:\/\/quasarcomunicacion.com.ar\/web\/wp-content\/uploads\/2014\/05\/feir1.gif\"><img class=\"aligncenter\" alt=\"feir1\" src=\"https:\/\/quasarcomunicacion.com.ar\/web\/wp-content\/uploads\/2014\/05\/feir1.gif\" \/><\/a><\/p>\n<p align=\"left\"><span style=\"font-family: Verdana; font-size: small;\">De esta manera, durante todo el mes de julio, se implementar\u00e1 un 4&#215;5, pagan 4 noches y se quedan 5 noches en categor\u00edas superiores, incluye: Desayuno, uso de las instalaciones del hotel, late check out (16hs) y Parking.<\/span><\/p>\n<p align=\"left\"><span style=\"font-family: Verdana; font-size: small;\">Adem\u00e1s, un voucher con un 10% de descuento para un almuerzo para dos personas en nuestro nuevo y renovado <b>Esmeralda Lounge.<\/b><\/span><\/p>\n<p align=\"left\"><span style=\"font-family: Verdana; font-size: small;\">Para reservar, hacerlo mediante correo electr\u00f3nico a reservas@feirspark.com.ar o telef\u00f3nicamente al 54-11-4131-1900.<\/span><\/p>\n<p><b><span style=\"font-family: Verdana; font-size: small;\">Acerca de Feir\u00b4s Park Hotel &amp; Rooftop<\/span><\/b><\/p>\n<p align=\"left\"><span style=\"font-family: Verdana; font-size: small;\">El perfil de hoteler\u00eda del<b> Feir\u00b4s Park Hotel &amp; Rooftop<\/b> es originariamente Business, con todas las exigencias que demanda este mercado, como as\u00ed tambi\u00e9n es ampliamente reconocido en el mercado del viajero frecuente y del turismo.<\/span><\/p>\n<p align=\"left\"><span style=\"font-family: Verdana; font-size: small;\">El hotel cuenta con 112 habitaciones distribuidas en 13 pisos y en seis categor\u00edas diferentes, cuyas superficies exceden el est\u00e1ndar de la ciudad, en metros cuadrados por habitaci\u00f3n, brindando amplios ambientes y gran confort.<\/span><\/p>\n<p align=\"left\"><span style=\"font-family: Verdana; font-size: small;\">En todo los espacios comunes del hotel y en las habitaciones, se ofrece el servicio de WiFi con acceso gratuito.<\/span><\/p>\n<p align=\"left\"><span style=\"font-family: Verdana; font-size: small;\">Ubicado en el barrio de Retiro\/Recoleta y cercano a Puerto Madero, en un \u00e1rea privilegiada, residencial y la m\u00e1s elegante de la Ciudad de Buenos Aires. Rodeado de 22 galer\u00edas de arte, a 2 cuadras de Plaza San Mart\u00edn, 2 cuadras de la Av. 9 de Julio, 2 cuadras de la autopista, 4 y 8 cuadras de los shoppings Patio Bullrich y Galer\u00edas Pacifico respectivamente.<\/span><\/p>\n<p align=\"left\"><span style=\"font-family: Verdana; font-size: small;\">Destaca al hotel el servicio de atenci\u00f3n personalizado, con personal multiling\u00fce en distintas \u00e1reas, brindando al hu\u00e9sped una atenci\u00f3n individual, logrando as\u00ed un servicio de excelencia.<\/span><\/p>\n<p align=\"left\"><span style=\"font-family: Verdana; font-size: small;\">En el edificio tambi\u00e9n se erige el Esmeralda Lounge, un espacio ideal para relajarse luego de una intensa jornada, donde podr\u00e1 disfrutar de unos deliciosos tragos sentado en su acogedora barra o en su confortable living.<\/span><\/p>\n<p align=\"left\"><span style=\"font-family: Verdana; font-size: small;\">El Business Center est\u00e1 equipado con siete computadoras con acceso ilimitado a Internet, tel\u00e9fono, fax, scanner e impresora.<\/span><\/p>\n<p align=\"left\"><span style=\"font-family: Verdana; font-size: small;\">Para los hu\u00e9spedes, el uso del mismo es sin cargo y est\u00e1 abierto las 24 horas.<br \/>\nEl hotel ofrece un nuevo concepto de servicio: Office Express. Consiste en el alquiler temporario de oficinas en forma inmediata, una soluci\u00f3n para reuniones de trabajo o entrevistas que demanden privacidad.<\/span><\/p>\n<p align=\"left\"><span style=\"font-family: Verdana; font-size: small;\">Por otro lado, cuenta con 4 salones para eventos sociales y corporativos con excelentes prestaciones.<\/span><\/p>\n<p align=\"left\"><span style=\"font-family: Verdana; font-size: small;\">Adem\u00e1s, el hotel ofrece una exclusiva piscina en el Rooftop con una vista panor\u00e1mica de la ciudad, solarium, fitness y sauna<\/span><\/p>\n<p align=\"left\"><span style=\"font-family: Verdana; font-size: small;\"><b>Contacto: <\/b> <a href=\"http:\/\/www.feirspark.com.ar\/\">www.feirspark.com.ar<\/a> \/\/ feirspark@feirspark.com.ar \/\/\u00a0 5411-4131-1900<\/span><\/p>\n<p><span style=\"font-size: small;\"><b><i>\u00a0<span style=\"font-family: Arial;\">Por otras im\u00e1genes, audios o entrevistas no dude en contactarse<\/span><\/i><\/b><\/span><\/p>\n<p align=\"center\"><span style=\"font-size: small;\"><b><i> Contactos de Prensa<\/i><\/b><\/span><\/p>\n<div align=\"left\">\n<table width=\"100%\" border=\"1\" cellpadding=\"2\" align=\"left\">\n<tbody>\n<tr>\n<td width=\"50%\">\n<p align=\"left\"><span style=\"font-size: medium;\"><strong> <span style=\"color: #808080; font-family: Arial; font-size: small;\"> Camila Sarmiento &#8211; Asistente de Cuentas<br \/>\n<\/span> <\/strong><\/span> <span style=\"font-size: xx-small;\"><span style=\"color: #ff0000;\"> Directo<\/span><b>: <\/b> 0230<\/span><span style=\"font-size: xx-small;\">-4664772<br \/>\n<\/span><span style=\"color: #ff0000; font-size: xx-small;\"> Skype:<\/span><span style=\"font-size: xx-small;\"> quasarcomunicacion<br \/>\n<\/span><span style=\"color: #ff0000; font-size: xx-small;\"> Twitter:<\/span><span style=\"font-size: xx-small;\"> @quasarpilar<br \/>\n<\/span><span style=\"color: #ff0000; font-size: xx-small;\"> Gr<\/span><span style=\"color: #ff0000; font-size: xx-small;\">upo y p\u00e1gina en Facebook: <\/span> <span style=\"color: #808080; font-size: xx-small;\">www.facebook.com\/<\/span><a href=\"mailto:mfipata@gmail.com\"><span style=\"font-size: xx-small;\">Quasar<\/span><\/a><span style=\"font-size: xx-small;\">Comunicacion<br \/>\n<\/span><span style=\"color: #ff0000; font-size: xx-small;\"> Web:<\/span><b><\/b> <a href=\"http:\/\/www.quasarcomunicacion.com.ar\/\"> <span style=\"font-size: xx-small;\">www.quasarcomunicacion.com.ar<\/span><\/a><\/p>\n<p align=\"left\"><span style=\"font-size: xx-small;\"> <span style=\"color: #ff0000;\">Mail<\/span><b>:<\/b><\/span><span style=\"font-size: xx-small;\"> <a href=\"mailto:fernanda@quasarcomunicacion.com.ar\"> asistente@quasarcomunicacion.com.ar<\/a><\/span><\/p>\n<\/td>\n<td width=\"50%\">\n<p align=\"right\"><span style=\"font-size: medium;\"><strong> <span style=\"color: #808080; font-family: Arial; font-size: small;\"> Lic. Mar\u00eda Fernanda Ipata &#8211; Directora<br \/>\n<\/span> <\/strong><\/span> <span style=\"font-size: xx-small;\"><span style=\"color: #ff0000;\"><br \/>\nDirecto<\/span><b>: <\/b> 0230<\/span><span style=\"font-size: xx-small;\">-4664772<\/span><span style=\"font-size: xx-small;\"><br \/>\n<\/span><span style=\"font-size: xx-small;\"> <span style=\"color: #ff0000;\">M\u00f3vil:<\/span><b> <\/b> 0230<\/span><span style=\"font-size: xx-small;\">-15-4584535<br \/>\n011-15-6096-4656 ID 558*3763<br \/>\n<\/span><span style=\"color: #ff0000; font-size: xx-small;\"> Skype:<\/span><span style=\"font-size: xx-small;\"> quasarcomunicacion<br \/>\n<\/span><span style=\"color: #ff0000; font-size: xx-small;\"> Twitter:<\/span><span style=\"font-size: xx-small;\"> @quasarpilar<br \/>\n<\/span><span style=\"color: #ff0000; font-size: xx-small;\"> Gr<\/span><span style=\"color: #ff0000; font-size: xx-small;\">upo y p\u00e1gina en Facebook: <\/span> <span style=\"color: #808080; font-size: xx-small;\">www.facebook.com\/<\/span><a href=\"mailto:mfipata@gmail.com\"><span style=\"font-size: xx-small;\">Quasar<\/span><\/a><span style=\"font-size: xx-small;\">Comunicacion<br \/>\n<\/span><span style=\"font-size: xx-small;\"> <span style=\"color: #ff0000;\">LinkedIn<\/span><b>:\u00a0 <\/b><\/span> <span style=\"font-size: xx-small;\"><b> <a href=\"http:\/\/www.linkedin.com\/in\/mfipata\"> http:\/\/www.linkedin.com\/in\/mfipata<\/a><\/b><\/span><span style=\"font-size: xx-small;\"><br \/>\n<\/span><span style=\"color: #ff0000; font-size: xx-small;\"> Web:<\/span><b><\/b> <a href=\"http:\/\/www.quasarcomunicacion.com.ar\/\"> <span style=\"font-size: xx-small;\">www.quasarcomunicacion.com.ar<\/span><\/a><span style=\"font-size: xx-small;\"><br \/>\n<\/span><span style=\"font-size: xx-small;\"> <span style=\"color: #ff0000;\">Mail<\/span><b>:<\/b><\/span><span style=\"font-size: xx-small;\"><a href=\"mailto:fernanda@quasarcomunicacion.com.ar\"> fernanda@quasarcomunicacion.com.ar<\/a><\/span><\/p>\n<\/td>\n<\/tr>\n<\/tbody>\n<\/table>\n<\/div>\n","protected":false},"excerpt":{"rendered":"<p>Feir\u2019s Park Hotel &amp; Rooftop (ubicado en el barrio de Retiro\/Recoleta, cercano a Puerto Madero) lanza una nueva promoci\u00f3n para\u00a0 [&hellip;]<\/p>\n","protected":false},"author":2,"featured_media":4474,"comment_status":"open","ping_status":"open","sticky":false,"template":"","format":"standard","meta":[],"categories":[2],"tags":[],"_links":{"self":[{"href":"https:\/\/quasarcomunicacion.com.ar\/web\/wp-json\/wp\/v2\/posts\/4473"}],"collection":[{"href":"https:\/\/quasarcomunicacion.com.ar\/web\/wp-json\/wp\/v2\/posts"}],"about":[{"href":"https:\/\/quasarcomunicacion.com.ar\/web\/wp-json\/wp\/v2\/types\/post"}],"author":[{"embeddable":true,"href":"https:\/\/quasarcomunicacion.com.ar\/web\/wp-json\/wp\/v2\/users\/2"}],"replies":[{"embeddable":true,"href":"https:\/\/quasarcomunicacion.com.ar\/web\/wp-json\/wp\/v2\/comments?post=4473"}],"version-history":[{"count":0,"href":"https:\/\/quasarcomunicacion.com.ar\/web\/wp-json\/wp\/v2\/posts\/4473\/revisions"}],"wp:featuredmedia":[{"embeddable":true,"href":"https:\/\/quasarcomunicacion.com.ar\/web\/wp-json\/wp\/v2\/media\/4474"}],"wp:attachment":[{"href":"https:\/\/quasarcomunicacion.com.ar\/web\/wp-json\/wp\/v2\/media?parent=4473"}],"wp:term":[{"taxonomy":"category","embeddable":true,"href":"https:\/\/quasarcomunicacion.com.ar\/web\/wp-json\/wp\/v2\/categories?post=4473"},{"taxonomy":"post_tag","embeddable":true,"href":"https:\/\/quasarcomunicacion.com.ar\/web\/wp-json\/wp\/v2\/tags?post=4473"}],"curies":[{"name":"wp","href":"https:\/\/api.w.org\/{rel}","templated":true}]}}