{"id":4470,"date":"2014-05-23T17:21:26","date_gmt":"2014-05-23T20:21:26","guid":{"rendered":"https:\/\/quasarcomunicacion.com.ar\/web\/?p=4470"},"modified":"2014-05-23T17:21:26","modified_gmt":"2014-05-23T20:21:26","slug":"el-ciclo-de-charlas-gratuitas-para-el-desarrolloemprendedor-fue-declarado-de-interes-municipal","status":"publish","type":"post","link":"https:\/\/quasarcomunicacion.com.ar\/web\/el-ciclo-de-charlas-gratuitas-para-el-desarrolloemprendedor-fue-declarado-de-interes-municipal\/","title":{"rendered":"El Ciclo de Charlas Gratuitas para el #DesarrolloEmprendedor fue declarado de Inter\u00e9s Municipal"},"content":{"rendered":"<p style=\"text-align: left;\" align=\"center\"><span style=\"font-family: Verdana; font-size: small;\">En la sesi\u00f3n ordinaria del jueves 22 de mayo, el Honorable Concejo Deliberante de Pilar sancion\u00f3 por unanimidad la Declaraci\u00f3n de Inter\u00e9s Municipal del <\/span><b style=\"font-family: Verdana; font-size: small;\">CICLO DE CHARLAS GRATITAS PARA EL #DESARROLLO EMPRENDEDOR EN PILAR.<!--more--><\/b><\/p>\n<p style=\"text-align: center;\"><a style=\"font-family: Verdana; font-size: small;\" href=\"https:\/\/quasarcomunicacion.com.ar\/web\/wp-content\/uploads\/2014\/05\/Emprender-HOY-HORIZONTAL.jpg\"><img loading=\"lazy\" class=\"aligncenter\" alt=\"Emprender HOY\" src=\"https:\/\/quasarcomunicacion.com.ar\/web\/wp-content\/uploads\/2014\/05\/Emprender-HOY-HORIZONTAL.jpg\" width=\"960\" height=\"241\" \/><\/a><\/p>\n<p><span style=\"font-family: Verdana; font-size: small;\">El proyecto fue presentado por el concejal Ricardo Male y luego de su aprobaci\u00f3n en la Comisi\u00f3n de Producci\u00f3n, Innovaci\u00f3n y Tecnolog\u00eda lleg\u00f3 al recinto para ser aprobado con el visto bueno de todos los concejales.<\/span><br \/>\n<span style=\"font-family: Verdana; font-size: small;\">De esta manera, e<i>l Expediente N\u00ba 193\/14 \u00abDeclarar de Inter\u00e9s Municipal charlas gratuitas de \u201cDesarrollo Emprendedor\u00bb<\/i> fue aprobado como Ordenanza 92\/14 con algunos considerando para destacar como:<\/span><br \/>\n<span style=\"font-family: Verdana; font-size: small;\">QUE todo emprendimiento que articule las distintas actividades del territorio permite generar puentes entre el sector p\u00fablico y privado agregando valor a dichas actividades como tambi\u00e9n a los ciudadanos que articulen estas.<\/span><br \/>\n<span style=\"font-family: Verdana; font-size: small;\">QUE la iniciativa #Desarrolloemprendedor cuyo objetivo es capacitar al sector que m\u00e1s ayuda puede necesitar quien inicia una nueva actividad, quien arriesga, quien innova en definitiva quien emprende.<\/span><br \/>\n<span style=\"font-family: Verdana; font-size: small;\">QUE el Ciclo Educativo por las actividades que representa est\u00e1 destinado al sector que se pretende promover y que brindan herramientas que permiten la generaci\u00f3n de autoempleo, con reinserci\u00f3n laboral y desarrollo local.<\/span><br \/>\n<span style=\"font-family: Verdana; font-size: small;\">QUE el Ciclo de estas Charlas que conduce la Lic. Mar\u00eda Fernanda Ipata no tienen costo para los beneficiarios<\/span><br \/>\n<span style=\"font-family: Verdana; font-size: small;\">Es de resaltar que <b> Emprender HOY<\/b> es un espacio para todos los emprendedores que se materializa en diversos eventos como ferias, encuentros, capacitaciones, espacios de networking, entre otros. La raz\u00f3n de ser, la misi\u00f3n, de <b>Emprender HOY <\/b>es proporcionar al sector Emprendedor herramientas y conocimientos que le permitan desarrollar su propio emprendimiento y que permita incorporar competencias que deriven en su mejora continua.<\/span><br \/>\n<span style=\"font-family: Verdana; font-size: small;\"><b>Emprender Hoy<\/b>, a trav\u00e9s del proyecto <b>#DESARROLLOEMPRENDEDOR 2014<\/b>, desarrolla un ciclo de actividades gratuitas compuesto por charlas y encuentros de networking que comenzaron en febrero de este a\u00f1o y culminar\u00e1 en diciembre con el festejo del D\u00eda del Emprendedor. El mismo se desarrolla en la ciudad de Pilar (Bs. As., Argentina) y cuenta con el apoyo de diferentes instituciones, particulares, medios de comunicaci\u00f3n y consultores independientes que comparten su conocimiento de manera desinteresada.<\/span><br \/>\n<span style=\"font-family: Verdana; font-size: small;\">El <b>Ciclo de Charlas<\/b> apunta a la capacitaci\u00f3n de comerciantes, emprendedores, estudiantes, due\u00f1os y empleados de pymes y toda persona interesada en incorporar conocimientos para hacer crecer su producto o servicio<\/span><br \/>\n<span style=\"font-family: Verdana; font-size: small;\"><b>CONSULTAS E INSCRIPCIONES:<\/b> www.emprenderhoy.com.ar o comunic\u00e1ndose al 011-15-6742-7635 \/ <a href=\"http:\/\/www.facebook.com\/emprenderhoyfanpage\"> www.facebook.com\/emprenderhoyfanpage<\/a><\/span><br \/>\n<span style=\"font-family: Verdana; font-size: small;\">El <b>Ciclo de Charlas de Capacitaci\u00f3n Gratuitas para el #DesarrolloEmprendedor<\/b> cuenta con el apoyo de: <\/span><\/p>\n<div><span style=\"font-family: Verdana; font-size: small;\">C\u00e1mara de Comercio de Pilar (SCIPA)<br \/>\nConsultora P&amp;E de Juli\u00e1n Candermo (www.jcandermo.com.ar)<br \/>\nEmprender Hoy (www.emprenderhoy.com.ar)<br \/>\nAV Consultores Pymes (www.avconsultorespymes.com)<br \/>\nEmprender en Femenino (www.emprenderenfemenino.com.ar)<br \/>\nCentro Jur\u00eddico del Pilar<br \/>\nContador P\u00fablico Mauro Sebasti\u00e1n Castro<br \/>\nMain Pensamiento Estrat\u00e9gico + Gesti\u00f3n<br \/>\nCECREDA (Centro Estrat\u00e9gico para el Crecimiento y Desarrollo Argentino)<br \/>\nC\u00e1mara de Comerciantes, Industriales, Profesionales, Propietarios y Afines de Del Viso<br \/>\nC\u00e1mara de Mujeres Empresarias de Z\u00e1rate <\/span><span style=\"font-family: Verdana; font-size: small;\"><b>COMUNICAN<\/b><br \/>\nQu\u00e1sar Comunicaci\u00f3n ( <a href=\"http:\/\/www.quasarcomunicacion.com.ar\/\"> www.quasarcomunicacion.com.ar<\/a> )<br \/>\nEstudio de Dise\u00f1o AM ( <a href=\"http:\/\/www.estudioam.com.ar\/\"> www.estudioam.com.ar<\/a> )\u00a0 <\/span><span style=\"font-family: Verdana; font-size: small;\"><b>MEDIA PARTNER <\/b><br \/>\nMujeres Pilar (www.mujerespilar.com )<br \/>\nPilar de Todos (www.pilardetodos.com.ar)<br \/>\nRevista de Negocios Madre Emprendedora (www.madreemprendedora.com.ar)<br \/>\nPilar GPS Gu\u00eda de Productos y Servicios Digital<br \/>\nMujeres Atrayendo Riqueza (http:\/\/mujeresatrayendoriqueza.blogspot.com.ar\/)<br \/>\nPilar Hoy (www.pilarhoy.com.ar )<br \/>\nRadio X Pilar (www.radioxpilar.com.ar)<br \/>\nPilar Herald (www.pilarherald.com.ar)<br \/>\nLa Revista de los countries de Tigre<br \/>\nProf. Oscar Orlando Mascare\u00f1o- Producciones Period\u00edsticas para Radio-TV-Eventos<\/span><\/div>\n<p><span style=\"font-family: Verdana; font-size: small;\">Todos los sponsors haciendo click aqu\u00ed <a href=\"http:\/\/emprenderhoy.com.ar\/desarrolloemprendedor\/sponsors.html\"> http:\/\/emprenderhoy.com.ar\/desarrolloemprendedor\/sponsors.html<\/a> <\/span><br \/>\n<span style=\"font-size: small;\"><b><i><span style=\"font-family: Arial;\">Por otras im\u00e1genes, audios o entrevistas no dude en contactarse<\/span><\/i><\/b><\/span><\/p>\n<p align=\"center\"><span style=\"font-size: small;\"><b><i> Contactos de Prensa<\/i><\/b><\/span><\/p>\n<div align=\"left\">\n<table width=\"100%\" border=\"1\" cellpadding=\"2\" align=\"left\">\n<tbody>\n<tr>\n<td width=\"50%\">\n<p align=\"left\"><span style=\"font-size: medium;\"><strong> <span style=\"color: #808080; font-family: Arial; font-size: small;\"> Camila Sarmiento &#8211; Asistente de Cuentas<\/span><\/strong><\/span><\/p>\n<p><span style=\"font-size: xx-small;\"><span style=\"color: #ff0000;\"> Directo<\/span><b>: <\/b> 0230<\/span><span style=\"font-size: xx-small;\">-4664772<br \/>\n<\/span><span style=\"color: #ff0000; font-size: xx-small;\"> Skype:<\/span><span style=\"font-size: xx-small;\"> quasarcomunicacion<br \/>\n<\/span><span style=\"color: #ff0000; font-size: xx-small;\"> Twitter:<\/span><span style=\"font-size: xx-small;\"> @quasarpilar<br \/>\n<\/span><span style=\"color: #ff0000; font-size: xx-small;\"> Gr<\/span><span style=\"color: #ff0000; font-size: xx-small;\">upo y p\u00e1gina en Facebook: <\/span> <span style=\"color: #808080; font-size: xx-small;\">www.facebook.com\/<\/span><a href=\"mailto:mfipata@gmail.com\"><span style=\"font-size: xx-small;\">Quasar<\/span><\/a><span style=\"font-size: xx-small;\">Comunicacion<br \/>\n<\/span><span style=\"color: #ff0000; font-size: xx-small;\"> Web:<\/span><b><\/b> <a href=\"http:\/\/www.quasarcomunicacion.com.ar\/\"> <span style=\"font-size: xx-small;\">www.quasarcomunicacion.com.ar<\/span><\/a><\/p>\n<p align=\"left\"><span style=\"font-size: xx-small;\"> <span style=\"color: #ff0000;\">Mail<\/span><b>:<\/b><\/span><span style=\"font-size: xx-small;\"> <a href=\"mailto:fernanda@quasarcomunicacion.com.ar\"> asistente@quasarcomunicacion.com.ar<\/a><\/span><\/p>\n<\/td>\n<td width=\"50%\">\n<p align=\"right\"><span style=\"font-size: medium;\"><strong> <span style=\"color: #808080; font-family: Arial; font-size: small;\"> Lic. Mar\u00eda Fernanda Ipata &#8211; Directora<br \/>\n<\/span> <\/strong><\/span> <span style=\"font-size: xx-small;\"><span style=\"color: #ff0000;\"><br \/>\nDirecto<\/span><b>: <\/b> 0230<\/span><span style=\"font-size: xx-small;\">-4664772<\/span><span style=\"font-size: xx-small;\"><br \/>\n<\/span><span style=\"font-size: xx-small;\"> <span style=\"color: #ff0000;\">M\u00f3vil:<\/span><b> <\/b> 0230<\/span><span style=\"font-size: xx-small;\">-15-4584535<br \/>\n011-15-6096-4656 ID 558*3763<br \/>\n<\/span><span style=\"color: #ff0000; font-size: xx-small;\"> Skype:<\/span><span style=\"font-size: xx-small;\"> quasarcomunicacion<br \/>\n<\/span><span style=\"color: #ff0000; font-size: xx-small;\"> Twitter:<\/span><span style=\"font-size: xx-small;\"> @quasarpilar<br \/>\n<\/span><span style=\"color: #ff0000; font-size: xx-small;\"> Gr<\/span><span style=\"color: #ff0000; font-size: xx-small;\">upo y p\u00e1gina en Facebook: <\/span> <span style=\"color: #808080; font-size: xx-small;\">www.facebook.com\/<\/span><a href=\"mailto:mfipata@gmail.com\"><span style=\"font-size: xx-small;\">Quasar<\/span><\/a><span style=\"font-size: xx-small;\">Comunicacion<br \/>\n<\/span><span style=\"font-size: xx-small;\"> <span style=\"color: #ff0000;\">LinkedIn<\/span><b>:\u00a0 <\/b><\/span> <span style=\"font-size: xx-small;\"><b> <a href=\"http:\/\/www.linkedin.com\/in\/mfipata\"> http:\/\/www.linkedin.com\/in\/mfipata<\/a><\/b><\/span><span style=\"font-size: xx-small;\"><br \/>\n<\/span><span style=\"color: #ff0000; font-size: xx-small;\"> Web:<\/span><b><\/b> <a href=\"http:\/\/www.quasarcomunicacion.com.ar\/\"> <span style=\"font-size: xx-small;\">www.quasarcomunicacion.com.ar<\/span><\/a><span style=\"font-size: xx-small;\"><br \/>\n<\/span><span style=\"font-size: xx-small;\"> <span style=\"color: #ff0000;\">Mail<\/span><b>:<\/b><\/span><span style=\"font-size: xx-small;\"><a href=\"mailto:fernanda@quasarcomunicacion.com.ar\"> fernanda@quasarcomunicacion.com.ar<\/a><\/span><\/p>\n<\/td>\n<\/tr>\n<\/tbody>\n<\/table>\n<\/div>\n","protected":false},"excerpt":{"rendered":"<p>En la sesi\u00f3n ordinaria del jueves 22 de mayo, el Honorable Concejo Deliberante de Pilar sancion\u00f3 por unanimidad la Declaraci\u00f3n [&hellip;]<\/p>\n","protected":false},"author":2,"featured_media":4439,"comment_status":"open","ping_status":"open","sticky":false,"template":"","format":"standard","meta":[],"categories":[64],"tags":[],"_links":{"self":[{"href":"https:\/\/quasarcomunicacion.com.ar\/web\/wp-json\/wp\/v2\/posts\/4470"}],"collection":[{"href":"https:\/\/quasarcomunicacion.com.ar\/web\/wp-json\/wp\/v2\/posts"}],"about":[{"href":"https:\/\/quasarcomunicacion.com.ar\/web\/wp-json\/wp\/v2\/types\/post"}],"author":[{"embeddable":true,"href":"https:\/\/quasarcomunicacion.com.ar\/web\/wp-json\/wp\/v2\/users\/2"}],"replies":[{"embeddable":true,"href":"https:\/\/quasarcomunicacion.com.ar\/web\/wp-json\/wp\/v2\/comments?post=4470"}],"version-history":[{"count":0,"href":"https:\/\/quasarcomunicacion.com.ar\/web\/wp-json\/wp\/v2\/posts\/4470\/revisions"}],"wp:featuredmedia":[{"embeddable":true,"href":"https:\/\/quasarcomunicacion.com.ar\/web\/wp-json\/wp\/v2\/media\/4439"}],"wp:attachment":[{"href":"https:\/\/quasarcomunicacion.com.ar\/web\/wp-json\/wp\/v2\/media?parent=4470"}],"wp:term":[{"taxonomy":"category","embeddable":true,"href":"https:\/\/quasarcomunicacion.com.ar\/web\/wp-json\/wp\/v2\/categories?post=4470"},{"taxonomy":"post_tag","embeddable":true,"href":"https:\/\/quasarcomunicacion.com.ar\/web\/wp-json\/wp\/v2\/tags?post=4470"}],"curies":[{"name":"wp","href":"https:\/\/api.w.org\/{rel}","templated":true}]}}