{"id":44,"date":"2012-03-07T12:32:17","date_gmt":"2012-03-07T12:32:17","guid":{"rendered":"http:\/\/quasarcomunicacion.wordpress.com\/?p=44"},"modified":"2012-03-07T12:32:17","modified_gmt":"2012-03-07T12:32:17","slug":"noche-romantica-con-cesar-banana-pueyrredon-en-pilar-point","status":"publish","type":"post","link":"https:\/\/quasarcomunicacion.com.ar\/web\/noche-romantica-con-cesar-banana-pueyrredon-en-pilar-point\/","title":{"rendered":"Noche rom\u00e1ntica con C\u00e9sar &quot;Banana&quot; Pueyrred\u00f3n en Pilar Point"},"content":{"rendered":"<p><img loading=\"lazy\" src=\"http:\/\/www.quasarcomunicacion.com.ar\/pilarpoint\/2012\/banana1.gif\" alt=\"\" width=\"300\" height=\"400\" align=\"right\" hspace=\"6\" vspace=\"6\" \/><span style=\"font-family:Verdana;\">El pr\u00f3ximo s\u00e1bado 17 de marzo a las 20 hs se presentar\u00e1 en <strong>Pilar Point<\/strong>, el sh<\/span><span style=\"font-family:Verdana;\">opping del centro para todos, C\u00e9sar \u00abBanana\u00bb Pueyrred\u00f3n con su ciclo de conciertos \u00abNoche Rom\u00e1ntica\u00bb. El espect\u00e1culo es con entrada libre y gratuita<\/span><br \/>\n<span style=\"font-family:Verdana;font-size:small;\">El show se brindar\u00e1 en el Patio de <strong>Pilar Point<\/strong>, en Esta<\/span><span style=\"font-family:Verdana;font-size:small;\">nislao L\u00f3pez (ex ruta 8) esquina Ituzaing\u00f3. Para acceder la gente tendr\u00e1 que comprar en los locales de Pilar Point o en La ECO, y canjear el ticket de compra por la entrada.<\/span><br \/>\n<span style=\"font-family:Verdana;font-size:small;\">De esta forma, con la compra $200 en los locales adheridos de Pilar Point se llevan una entrada y con la compra de $300 se llevan dos entradas<br \/>\nPor otro lado, con la compra de $300 en La ECO se llevan 1 entrada y con la compra de $500 se llevan 2 entradas<!--more--><\/span><br \/>\n<span style=\"font-family:Verdana;font-size:small;\">En caso de lluvia se reprogramar\u00e1 la fecha. <\/span><br \/>\n<span style=\"font-family:Verdana;font-size:small;\">Toda la info en la fan page <a href=\"http:\/\/www.facebook.com\/pilarpoint\">www.facebook.com\/pilarpoint<\/a> <\/span><br \/>\n<img loading=\"lazy\" src=\"http:\/\/www.quasarcomunicacion.com.ar\/pilarpoint\/2012\/banana.gif\" alt=\"\" width=\"500\" height=\"271\" \/><br \/>\n<strong><span style=\"font-family:Verdana;font-size:small;\">Noche Rom\u00e1ntica<\/span><\/strong><br \/>\n<span style=\"font-family:Verdana;font-size:small;\">Con toda la fuerza y el sentimiento de su voz y sus mejores canciones, C\u00e9sar \u201cBanana\u201d Pueyrred\u00f3n presenta este nuevo ciclo de conciertos que comenz\u00f3 en el Auditorio de Belgrano de Capital, sigui\u00f3 por distintos teatros de Buenos Aires, del conurbano y del interior, destac\u00e1ndose el concierto en el Auditorio Bustelo de Mendoza en abril de 2009 para casi 2000 personas.<\/span><br \/>\n<span style=\"font-family:Verdana;font-size:small;\">Uno de los m\u00e1ximos exponentes de la balada pop, creador de \u00e9xitos como \u201cConoci\u00e9ndote\u201d, \u201cToda una noche contigo\u201d, \u201cCuando amas a alguien\u201d, ha marcado indudablemente la vida de mucha gente.<\/span><br \/>\n<span style=\"font-family:Verdana;font-size:small;\">Lejos de lo meloso, de lo fr\u00edvolo, sus letras hablan del amor, de los sue\u00f1os, de la esperanza.<\/span><br \/>\n<span style=\"font-family:Verdana;font-size:small;\">Su estilo baladista y su devoci\u00f3n por la melod\u00eda se dieron la mano con la energ\u00eda del rock y los sonidos instrumentales del pop.<\/span><br \/>\n<span style=\"font-family:Verdana;font-size:small;\">Ganador de varios premios nacionales, en especial el Gran Premio SADAIC 1993. Particip\u00f3 como artista invitado en la presentaci\u00f3n de Sting en el Estadio Centenario de la ciudad de Montevideo, Uruguay en 1990.<\/span><br \/>\n<span style=\"font-family:Verdana;font-size:small;\">Cumple uno de su sue\u00f1os al grabar un tema suyo a d\u00fao con Armando Manzanero, \u201cPor una mujer\u201d del \u00e1lbum \u201cSouvenir del Para\u00edso\u201d (1999). Su \u00faltima producci\u00f3n es: \u201cRom\u00e1ntico + nuevo\u201d (del 2004) \u2013 una recopilaci\u00f3n de sus grandes \u00e9xitos con el agregado de una canci\u00f3n nueva: \u201cEn tus ojos\u201d.<\/span><br \/>\n<span style=\"font-family:Verdana;font-size:small;\">En mayo de 2010 C\u00e9sar hizo dos conciertos acompa\u00f1ado por la Orquesta Filarm\u00f3nica de Costa Rica, en San Jos\u00e9, Costa Rica.<\/span><span style=\"font-family:Verdana;font-size:small;\"> Grab\u00f3 un \u00e1lbum con sus mejores temas rom\u00e1nticos acompa\u00f1ado de la Orquesta, que fue lanzado en Costa Rica y todo Centroam\u00e9rica, y pr\u00f3ximamente en nuestro pa\u00eds. El \u00e1lbum fue presentado en 2 conciertos (con la Orquesta) en Febrero 2011 en San Jos\u00e9 con una gran repercusi\u00f3n. En noviembre de 2011 se present\u00f3 en el Teatro SHA de Capital con localidades agotadas.<\/span><\/p>\n","protected":false},"excerpt":{"rendered":"<p>El pr\u00f3ximo s\u00e1bado 17 de marzo a las 20 hs se presentar\u00e1 en Pilar Point, el shopping del centro para [&hellip;]<\/p>\n","protected":false},"author":2,"featured_media":0,"comment_status":"open","ping_status":"open","sticky":false,"template":"","format":"standard","meta":[],"categories":[2],"tags":[],"_links":{"self":[{"href":"https:\/\/quasarcomunicacion.com.ar\/web\/wp-json\/wp\/v2\/posts\/44"}],"collection":[{"href":"https:\/\/quasarcomunicacion.com.ar\/web\/wp-json\/wp\/v2\/posts"}],"about":[{"href":"https:\/\/quasarcomunicacion.com.ar\/web\/wp-json\/wp\/v2\/types\/post"}],"author":[{"embeddable":true,"href":"https:\/\/quasarcomunicacion.com.ar\/web\/wp-json\/wp\/v2\/users\/2"}],"replies":[{"embeddable":true,"href":"https:\/\/quasarcomunicacion.com.ar\/web\/wp-json\/wp\/v2\/comments?post=44"}],"version-history":[{"count":0,"href":"https:\/\/quasarcomunicacion.com.ar\/web\/wp-json\/wp\/v2\/posts\/44\/revisions"}],"wp:attachment":[{"href":"https:\/\/quasarcomunicacion.com.ar\/web\/wp-json\/wp\/v2\/media?parent=44"}],"wp:term":[{"taxonomy":"category","embeddable":true,"href":"https:\/\/quasarcomunicacion.com.ar\/web\/wp-json\/wp\/v2\/categories?post=44"},{"taxonomy":"post_tag","embeddable":true,"href":"https:\/\/quasarcomunicacion.com.ar\/web\/wp-json\/wp\/v2\/tags?post=44"}],"curies":[{"name":"wp","href":"https:\/\/api.w.org\/{rel}","templated":true}]}}