{"id":4324,"date":"2014-04-24T13:32:14","date_gmt":"2014-04-24T16:32:14","guid":{"rendered":"https:\/\/quasarcomunicacion.com.ar\/web\/?p=4324"},"modified":"2014-04-24T13:32:14","modified_gmt":"2014-04-24T16:32:14","slug":"continua-abierta-la-inscripcion-para-el-seminario-introductorio-de-observacion-de-lactantes","status":"publish","type":"post","link":"https:\/\/quasarcomunicacion.com.ar\/web\/continua-abierta-la-inscripcion-para-el-seminario-introductorio-de-observacion-de-lactantes\/","title":{"rendered":"Contin\u00faa abierta la inscripci\u00f3n para el Seminario Introductorio de Observaci\u00f3n de Lactantes"},"content":{"rendered":"<p style=\"text-align: left;\" align=\"center\"><b style=\"font-family: Verdana; font-size: small;\">Momento Cero<\/b><span style=\"font-family: Verdana; font-size: small;\">, instituci\u00f3n destinada a trabajar en la prevenci\u00f3n primaria de la salud f\u00edsica y mental de los individuos, contin\u00faa inscribiendo para el <\/span><b style=\"font-family: Verdana; font-size: small;\"> Seminario Introductorio de Observaci\u00f3n de Lactantes<\/b><span style=\"font-family: Verdana; font-size: small;\"> con el m\u00e9todo Esther Bick que brinda los d\u00edas primeros y terceros martes de cada mes en La Lucila. La capacitaci\u00f3n est\u00e1 a cargo de las licenciadas Emilia Canzutti y Adriana L\u00f3pez, fundadoras de <\/span><b style=\"font-family: Verdana; font-size: small;\"> Momento Cero<!--more--><\/b><b> <\/b><\/p>\n<p><a href=\"https:\/\/quasarcomunicacion.com.ar\/web\/wp-content\/uploads\/2014\/02\/seminario1.gif\"><img class=\"aligncenter\" alt=\"seminario1\" src=\"https:\/\/quasarcomunicacion.com.ar\/web\/wp-content\/uploads\/2014\/02\/seminario1.gif\" \/><\/a><br \/>\n<span style=\"font-family: Verdana; font-size: small;\">La capacitaci\u00f3n est\u00e1 dirigida a profesionales de la salud y la educaci\u00f3n, y\u00a0 se desarrollar\u00e1 hasta el mes de noviembre del corriente a\u00f1o. Se\u00a0 en La Lucila, donde se dictar\u00e1n 2,30 horas cada quince d\u00edas (1\u00ba y 3\u00ba martes de cada mes). El arancel es de 400 pesos.<\/span><br \/>\n<span style=\"font-family: Verdana; font-size: small;\">Para contactarse con las profesionales de <b>Momento Cero<\/b> enviar un e-mail a <a href=\"mailto:contacto@momentocero.com.ar\"> contacto@momentocero.com.ar<\/a> o llamar al 011 15 5143 0015 o bien al 011 15 6041 3217.<\/span><br \/>\n<span style=\"font-family: Verdana; font-size: small;\">El m\u00e9todo de observaci\u00f3n de lactantes representa un aporte fundamental para la formaci\u00f3n de todos los profesionales que intentan aproximarse a los momentos y niveles primitivos del pensamiento y del desarrollo del individuo.<\/span><br \/>\n<span style=\"font-family: Verdana; font-size: small;\">El objetivo de este seminario radica en poder lograr un entrenamiento en el rol del observador, permitiendo agudizar la percepci\u00f3n de los detalles. Esto induce a ampliar y profundizar el conocimiento de las etapas del individuo.<\/span><br \/>\n<span style=\"font-family: Verdana; font-size: small;\">El foco estar\u00e1 puesto en comprender los recursos psicof\u00edsicos con que cuenta el beb\u00e9 y las vicisitudes de la vida emocional entre \u00e9l y su entorno. <\/span><br \/>\n<span style=\"font-family: Verdana; font-size: small;\">El m\u00e9todo de observaci\u00f3n de lactantes, seg\u00fan Esther Bick, permite aprender a observar y a sentir antes de teorizar. El observador se torna cada vez m\u00e1s sensible a la comunicaci\u00f3n pre-verbal a causa de su implicancia emocional en la familia y a su elaboraci\u00f3n que le ofrece el seminario de supervisi\u00f3n semanal. La comunicaci\u00f3n pre-verbal es el fondo de toda comunicaci\u00f3n humana y tiene un lugar predominante en todos los cuadros psicopatol\u00f3gicos.<\/span><br \/>\n<span style=\"font-family: Verdana; font-size: small;\">Este entrenamiento permite la comprensi\u00f3n profunda del desarrollo psicol\u00f3gico del beb\u00e9 y la detecci\u00f3n precoz de los trastornos del mismo, tan importante para la prevenci\u00f3n primaria de la salud de los ni\u00f1os <\/span><br \/>\n<span style=\"font-family: Verdana; font-size: small;\"><b>MODALIDAD<\/b><br \/>\nLos profesionales deber\u00e1n realizar durante el a\u00f1o al menos seis observaciones directas de beb\u00e9s en consulta pedi\u00e1trica. En las reuniones semanales o quincenales se trabaja sobre el material te\u00f3rico que da cuenta de la t\u00e9cnica de observaci\u00f3n y sobre el desarrollo emocional del ni\u00f1o en sus primeros a\u00f1os . El material observado se reflexiona en el grupo permitiendo desplegar lo te\u00f3rico en lo observado en el beb\u00e9.<br \/>\nPara conocer m\u00e1s acerca de <b>Momento Cero<\/b> visitar su p\u00e1gina web <a href=\"http:\/\/momentocero.com.ar\/\"> http:\/\/momentocero.com.ar<\/a> o bien fanpage en Facebook: <a href=\"https:\/\/www.facebook.com\/momentocerofanpage\"> https:\/\/www.facebook.com\/momentocerofanpage<\/a> <\/span><\/p>\n<p align=\"center\"><b><span style=\"font-family: Arial; font-size: small;\">Toda la info sobre Momento Cero en\u00a0<\/span><\/b><br \/>\n<a href=\"http:\/\/www.quasarcomunicacion.com.ar\/web\/momentocero\"> http:\/\/www.quasarcomunicacion.com.ar\/web\/momentocero<\/a><\/p>\n<p align=\"right\"><strong> <span style=\"color: #ff0000; font-family: Arial; font-size: small;\">Camila Sarmiento<br \/>\n<\/span><\/strong> <span style=\"font-size: medium;\"><strong> <span style=\"color: #808080; font-family: Arial; font-size: small;\"> Qu\u00e1sar Comunicaci\u00f3n<br \/>\n<\/span> <\/strong><\/span> <span style=\"font-size: xx-small;\"><span style=\"color: #ff0000;\"> Directo<\/span><b>: <\/b> 0230<\/span><span style=\"font-size: xx-small;\">-4664772<\/span><span style=\"font-size: xx-small;\"><br \/>\n<\/span><span style=\"font-size: xx-small;\"> <span style=\"color: #ff0000;\">M\u00f3vil:<\/span><b> <\/b> 0230-<\/span><span style=\"font-size: xx-small;\">15-4584535<br \/>\n011-15-6096-4656 ID 558*3763<br \/>\n<\/span><span style=\"color: #ff0000; font-size: xx-small;\"> Skype:<\/span><span style=\"font-size: xx-small;\"> quasarcomunicacion<br \/>\n<\/span><span style=\"color: #ff0000; font-size: xx-small;\"> Twitter:<\/span><span style=\"font-size: xx-small;\"> @quasarpilar<br \/>\n<\/span><span style=\"color: #ff0000; font-size: xx-small;\"> Gr<\/span><span style=\"color: #ff0000; font-size: xx-small;\">upo y p\u00e1gina en Facebook: <\/span> <span style=\"color: #808080; font-size: xx-small;\">www.facebook.com\/<\/span><a href=\"mailto:mfipata@gmail.com\"><span style=\"font-size: xx-small;\">Quasar<\/span><\/a><span style=\"font-size: xx-small;\">Comunicacion<br \/>\n<\/span><span style=\"font-size: xx-small;\"> <span style=\"color: #ff0000;\">LinkedIn<\/span><b>: <\/b><\/span> <a title=\"Ver perfil p\u00fablico\" href=\"http:\/\/ar.linkedin.com\/pub\/mar%C3%83%C2%AD-a-fernanda-ipata\/a\/293\/212\"> <span style=\"font-size: xx-small;\"> http:\/\/ar.linkedin.com\/pub\/mar%C3%AD-a-fernanda-ipata\/a\/293\/212<\/span><\/a><span style=\"font-size: xx-small;\"><br \/>\n<\/span><span style=\"color: #ff0000; font-size: xx-small;\"> Web:<\/span><b><\/b> <a href=\"http:\/\/www.quasarcomunicacion.com.ar\/\"> <span style=\"font-size: xx-small;\">www.quasarcomunicacion.com.ar<\/span><\/a><span style=\"font-size: xx-small;\"><br \/>\n<\/span><span style=\"font-size: xx-small;\"> <span style=\"color: #ff0000;\">Mail<\/span><b>:<\/b><\/span><span style=\"font-size: xx-small;\"> asistente@quasarcomunicacion.com.ar<\/span><\/p>\n","protected":false},"excerpt":{"rendered":"<p>Momento Cero, instituci\u00f3n destinada a trabajar en la prevenci\u00f3n primaria de la salud f\u00edsica y mental de los individuos, contin\u00faa [&hellip;]<\/p>\n","protected":false},"author":2,"featured_media":4038,"comment_status":"open","ping_status":"open","sticky":false,"template":"","format":"standard","meta":[],"categories":[2],"tags":[],"_links":{"self":[{"href":"https:\/\/quasarcomunicacion.com.ar\/web\/wp-json\/wp\/v2\/posts\/4324"}],"collection":[{"href":"https:\/\/quasarcomunicacion.com.ar\/web\/wp-json\/wp\/v2\/posts"}],"about":[{"href":"https:\/\/quasarcomunicacion.com.ar\/web\/wp-json\/wp\/v2\/types\/post"}],"author":[{"embeddable":true,"href":"https:\/\/quasarcomunicacion.com.ar\/web\/wp-json\/wp\/v2\/users\/2"}],"replies":[{"embeddable":true,"href":"https:\/\/quasarcomunicacion.com.ar\/web\/wp-json\/wp\/v2\/comments?post=4324"}],"version-history":[{"count":0,"href":"https:\/\/quasarcomunicacion.com.ar\/web\/wp-json\/wp\/v2\/posts\/4324\/revisions"}],"wp:featuredmedia":[{"embeddable":true,"href":"https:\/\/quasarcomunicacion.com.ar\/web\/wp-json\/wp\/v2\/media\/4038"}],"wp:attachment":[{"href":"https:\/\/quasarcomunicacion.com.ar\/web\/wp-json\/wp\/v2\/media?parent=4324"}],"wp:term":[{"taxonomy":"category","embeddable":true,"href":"https:\/\/quasarcomunicacion.com.ar\/web\/wp-json\/wp\/v2\/categories?post=4324"},{"taxonomy":"post_tag","embeddable":true,"href":"https:\/\/quasarcomunicacion.com.ar\/web\/wp-json\/wp\/v2\/tags?post=4324"}],"curies":[{"name":"wp","href":"https:\/\/api.w.org\/{rel}","templated":true}]}}