{"id":4265,"date":"2014-04-09T17:19:49","date_gmt":"2014-04-09T20:19:49","guid":{"rendered":"https:\/\/quasarcomunicacion.com.ar\/web\/?p=4265"},"modified":"2014-04-09T17:19:49","modified_gmt":"2014-04-09T20:19:49","slug":"lanzan-el-libro-sistema-de-gestion-de-la-calidad-para-emprendedores-y-pymes","status":"publish","type":"post","link":"https:\/\/quasarcomunicacion.com.ar\/web\/lanzan-el-libro-sistema-de-gestion-de-la-calidad-para-emprendedores-y-pymes\/","title":{"rendered":"Lanzan el libro \u201cSistema de Gesti\u00f3n de la Calidad\u201d para emprendedores y Pymes"},"content":{"rendered":"<p style=\"text-align: left;\" align=\"center\"><span style=\"font-family: Verdana; font-size: small;\"><i>\u00a0<\/i><\/span><img class=\"alignright\" alt=\"librocandermo\" src=\"https:\/\/quasarcomunicacion.com.ar\/web\/wp-content\/uploads\/2014\/04\/librocandermo-212x300.gif\" \/><span style=\"font-family: Verdana; font-size: small;\">Desde el mes de abril podr\u00e1 encontrarse en las librer\u00edas el primer libro de Juli\u00e1n Candermo,\u00a0<\/span><b style=\"font-family: Verdana; font-size: small;\">\u201cSistema de Gesti\u00f3n de la Calidad para el Emprendedor y los Peque\u00f1os y Medianos Empresarios\u201d.<\/b><span style=\"font-family: Verdana; font-size: small;\"> Candermo es Lic. en Administraci\u00f3n, Profesor e Investigador en la Universidad del Salvador y Consultor, Capacitador y Auditor en Sistema de Gesti\u00f3n de la Calidad basados en la Norma ISO 9001 focalizados en el Emprendedor, la MicroEmpresa y el Empresario PyMe.<\/span><\/p>\n<p style=\"text-align: left;\" align=\"center\"><span style=\"font-family: Verdana; font-size: small;\"><!--more--><\/span><b> <\/b><\/p>\n<p><span style=\"font-family: Verdana; font-size: small;\">De la editorial EDICON (Fondo Editorial del Consejo Profesional de Ciencias Econ\u00f3micas de CABA), el libro est\u00e1 destinado a Emprendedores y Peque\u00f1os y Medianos Empresarios.<\/span><br \/>\n<span style=\"font-family: Verdana; font-size: small;\">El primer libro de Candermo, aborda el an\u00e1lisis, desarrollo e implementaci\u00f3n de Sistemas de Gesti\u00f3n de la Calidad basados en la Norma ISO 9001 como columna vertebral y disparador para la mejora continua, y adecuaci\u00f3n a est\u00e1ndares reconocidos internacionalmente. <\/span><br \/>\n<span style=\"font-family: Verdana; font-size: small;\">En su libro, Juli\u00e1n Candermo propone acercar esta herramienta al sector del Emprendedor, la MicroEmpresa y el Empresario PyMe, los cuales se encuentran en desventajas competitivas respectos a las grandes compa\u00f1\u00edas en una econom\u00eda globalizada, la cual demanda de una mejora continua en los bienes y servicios que se ofrecen a un mercado en constante cambio, en donde sus principales jugadores incrementan sus est\u00e1ndares de aceptaci\u00f3n. <\/span><br \/>\n<span style=\"font-family: Verdana; font-size: small;\">Para no perder competitividad, se hace necesario el compromiso hacia la Calidad, enfoc\u00e1ndonos en el Cliente, lo cual permita mejorar nuestro desempe\u00f1o dando respuesta a un mercado mundial que incrementa sus exigencias d\u00eda tras d\u00eda. Esta situaci\u00f3n de intercambio de bienes y servicios a nivel internacional es aprovechada, de mejor manera, por las grandes compa\u00f1\u00edas obteniendo significativas ventajas competitivas respecto a los empresarios PyMEs y Emprendedores Nacionales, que se ven avasallados por el avance de estos grupos econ\u00f3micos. <\/span><br \/>\n<span style=\"font-family: Verdana; font-size: small;\">Este trabajo presenta una amigable terminolog\u00eda con una fuerte actividad pr\u00e1ctica que genera valor a la organizaci\u00f3n y a su cliente. Ofrece modelos de procedimientos que permiten cumplir con los requisitos de la Norma Internacional de Calidad ISO 9001:2008. Propone un Sistema de Gesti\u00f3n de la Calidad como herramienta para el desarrollo, fortalecimiento e internacionalizaci\u00f3n de estos sectores. <\/span><br \/>\n<span style=\"font-family: Verdana; font-size: small;\">Para aquellos interesados, ser\u00e1 posible adquirir el libro v\u00eda online en <a href=\"http:\/\/edicon.mercadoshops.com.ar\/\"> http:\/\/edicon.mercadoshops.com.ar\/<\/a>, donde realizan env\u00edo a domicilio. Los puntos de venta del libro en la Ciudad Aut\u00f3noma de Buenos Aires ser\u00e1n los siguientes: <\/span><br \/>\n<span style=\"font-family: Verdana; font-size: small;\">\uf02d Angel Antonio Rumulo: Paseo Col\u00f3n 533 1\u00ba Piso, Tel\u00e9fono: 5169-3000 Int. 3407 (UCA Salta)<br \/>\n\uf02d Artana, Bidart &amp; Asociados: Paran\u00e1 489 10\u00ba \u00ab60\u00bb, Tel\u00e9fono: 3056-0262<br \/>\n\uf02d Buenos Aires Book: Viamonte 2051, Tel\u00e9fono: 4381-7440 \/ 4373-2840<br \/>\n\uf02d Buyatti Osmar: Viamonte 1509, Tel\u00e9fono: 4371-2512<br \/>\n\uf02d Castellano Libros: Lavalle 1567 7\u00ba P, Oficina 714, Tel\u00e9fono: 4373-6169<br \/>\n\uf02d Copy Jet: Av. C\u00f3rdoba 2074, Tel\u00e9fono: 4373-3780<br \/>\n\uf02d Ediciones D &amp; D: Tucum\u00e1n 1516 3\u00ba B, Tel\u00e9fono: 4374-6030<br \/>\n\uf02d Ediciones H\u00e9ctor A. Macchi: C\u00f3rdoba 2084\/86, Tel\u00e9fono: 4371-0790<br \/>\n\uf02d Ediciones Nueva T\u00e9cnica: Viamonte 2096, Tel\u00e9fono: 4374-4245\/6185<br \/>\n\uf02d Ediciones T\u00e9cnicas Empresarias SRL: Jun\u00edn 731, Tel\u00e9fono : 4375-0607\/08<br \/>\n\uf02d El Rinc\u00f3n del Anticuario: Junin 1270, Tel\u00e9fono: 5411-4827\/1666<br \/>\n\uf02d Goymil \u2013 Libros: Av. Sant\u00e1 F\u00e9 4427 9\u00ba D, Tel\u00e9fono: 4776-0131<br \/>\n\uf02d Interamericana Sistemas S.A.: Chile 1441 2\u00ba Piso 2\u00ba Cuerpo, Tel\u00e9fono: 4381-5740 Int.: 120<br \/>\n\uf02d La Red del Libro: Carlos Mar\u00eda Ram\u00edrez 1124 , Tel\u00e9fono: 4918-0000<br \/>\n\uf02d Librer\u00eda LGC: Pasaje Gallegos 3570, Tel\u00e9fono: 4924-1140 Int. 109<br \/>\n\uf02d Mart\u00edn Gordon Ediciones Social Paran\u00e1 439 2\u00ba Of. 11<br \/>\n\uf02d Omelchuk Margarita: Diagonal Sur (JA Roca 605)<br \/>\n\uf02d Temas Grupo Editorial: Lima 767 Hall Central, Tel\u00e9fono: 4381-9482\/4307-4531 UBA Centro de estudiantes: C\u00f3rdoba 2122 <\/span><br \/>\n<span style=\"font-family: Verdana; font-size: small;\">Para consultar los puntos de venta en Buenos Aires y otras provincias de la Rep\u00fablica Argentina, dirigirse al siguiente<br \/>\nlink: <a href=\"http:\/\/www.consejo.org.ar\/edicon\/distribuidores.html\"> http:\/\/www.consejo.org.ar\/edicon\/distribuidores.html<\/a> <\/span><\/p>\n<p align=\"center\"><span style=\"font-size: small;\"><b><i> Contactos de Prensa<\/i><\/b><\/span><\/p>\n<div align=\"left\">\n<table width=\"100%\" border=\"1\" cellpadding=\"2\" align=\"left\">\n<tbody>\n<tr>\n<td width=\"50%\">\n<p align=\"left\"><span style=\"font-size: medium;\"><strong> <span style=\"color: #808080; font-family: Arial; font-size: small;\"> Camila Sarmiento &#8211; Asistente de Cuentas<br \/>\n<\/span> <\/strong><\/span> <span style=\"font-size: xx-small;\"><span style=\"color: #ff0000;\"> Directo<\/span><b>: <\/b> 0230<\/span><span style=\"font-size: xx-small;\">-4664772<br \/>\n<\/span><span style=\"color: #ff0000; font-size: xx-small;\"> Skype:<\/span><span style=\"font-size: xx-small;\"> quasarcomunicacion<br \/>\n<\/span><span style=\"color: #ff0000; font-size: xx-small;\"> Twitter:<\/span><span style=\"font-size: xx-small;\"> @quasarpilar<br \/>\n<\/span><span style=\"color: #ff0000; font-size: xx-small;\"> Gr<\/span><span style=\"color: #ff0000; font-size: xx-small;\">upo y p\u00e1gina en Facebook: <\/span> <span style=\"color: #808080; font-size: xx-small;\">www.facebook.com\/<\/span><a href=\"mailto:mfipata@gmail.com\"><span style=\"font-size: xx-small;\">Quasar<\/span><\/a><span style=\"font-size: xx-small;\">Comunicacion<br \/>\n<\/span><span style=\"color: #ff0000; font-size: xx-small;\"> Web:<\/span><b><\/b> <a href=\"http:\/\/www.quasarcomunicacion.com.ar\/\"> <span style=\"font-size: xx-small;\">www.quasarcomunicacion.com.ar<\/span><\/a><\/p>\n<p align=\"left\"><span style=\"font-size: xx-small;\"> <span style=\"color: #ff0000;\">Mail<\/span><b>:<\/b><\/span><span style=\"font-size: xx-small;\"> <a href=\"mailto:fernanda@quasarcomunicacion.com.ar\"> asistente@quasarcomunicacion.com.ar<\/a><\/span><\/p>\n<\/td>\n<td width=\"50%\">\n<p align=\"right\"><span style=\"font-size: medium;\"><strong> <span style=\"color: #808080; font-family: Arial; font-size: small;\"> Lic. Mar\u00eda Fernanda Ipata &#8211; Directora<br \/>\n<\/span> <\/strong><\/span> <span style=\"font-size: xx-small;\"><span style=\"color: #ff0000;\"><br \/>\nDirecto<\/span><b>: <\/b> 0230<\/span><span style=\"font-size: xx-small;\">-4664772<\/span><span style=\"font-size: xx-small;\"><br \/>\n<\/span><span style=\"font-size: xx-small;\"> <span style=\"color: #ff0000;\">M\u00f3vil:<\/span><b> <\/b> 0230<\/span><span style=\"font-size: xx-small;\">-15-4584535<br \/>\n011-15-6096-4656 ID 558*3763<br \/>\n<\/span><span style=\"color: #ff0000; font-size: xx-small;\"> Skype:<\/span><span style=\"font-size: xx-small;\"> quasarcomunicacion<br \/>\n<\/span><span style=\"color: #ff0000; font-size: xx-small;\"> Twitter:<\/span><span style=\"font-size: xx-small;\"> @quasarpilar<br \/>\n<\/span><span style=\"color: #ff0000; font-size: xx-small;\"> Gr<\/span><span style=\"color: #ff0000; font-size: xx-small;\">upo y p\u00e1gina en Facebook: <\/span> <span style=\"color: #808080; font-size: xx-small;\">www.facebook.com\/<\/span><a href=\"mailto:mfipata@gmail.com\"><span style=\"font-size: xx-small;\">Quasar<\/span><\/a><span style=\"font-size: xx-small;\">Comunicacion<br \/>\n<\/span><span style=\"font-size: xx-small;\"> <span style=\"color: #ff0000;\">LinkedIn<\/span><b>:\u00a0 <\/b><\/span> <span style=\"font-size: xx-small;\"><b> <a href=\"http:\/\/www.linkedin.com\/in\/mfipata\"> http:\/\/www.linkedin.com\/in\/mfipata<\/a><\/b><\/span><span style=\"font-size: xx-small;\"><br \/>\n<\/span><span style=\"color: #ff0000; font-size: xx-small;\"> Web:<\/span><b><\/b> <a href=\"http:\/\/www.quasarcomunicacion.com.ar\/\"> <span style=\"font-size: xx-small;\">www.quasarcomunicacion.com.ar<\/span><\/a><span style=\"font-size: xx-small;\"><br \/>\n<\/span><span style=\"font-size: xx-small;\"> <span style=\"color: #ff0000;\">Mail<\/span><b>:<\/b><\/span><span style=\"font-size: xx-small;\"><a href=\"mailto:fernanda@quasarcomunicacion.com.ar\"> fernanda@quasarcomunicacion.com.ar<\/a><\/span><\/p>\n<\/td>\n<\/tr>\n<\/tbody>\n<\/table>\n<\/div>\n","protected":false},"excerpt":{"rendered":"<p>\u00a0Desde el mes de abril podr\u00e1 encontrarse en las librer\u00edas el primer libro de Juli\u00e1n Candermo,\u00a0\u201cSistema de Gesti\u00f3n de la [&hellip;]<\/p>\n","protected":false},"author":2,"featured_media":4266,"comment_status":"open","ping_status":"open","sticky":false,"template":"","format":"standard","meta":[],"categories":[2],"tags":[],"_links":{"self":[{"href":"https:\/\/quasarcomunicacion.com.ar\/web\/wp-json\/wp\/v2\/posts\/4265"}],"collection":[{"href":"https:\/\/quasarcomunicacion.com.ar\/web\/wp-json\/wp\/v2\/posts"}],"about":[{"href":"https:\/\/quasarcomunicacion.com.ar\/web\/wp-json\/wp\/v2\/types\/post"}],"author":[{"embeddable":true,"href":"https:\/\/quasarcomunicacion.com.ar\/web\/wp-json\/wp\/v2\/users\/2"}],"replies":[{"embeddable":true,"href":"https:\/\/quasarcomunicacion.com.ar\/web\/wp-json\/wp\/v2\/comments?post=4265"}],"version-history":[{"count":0,"href":"https:\/\/quasarcomunicacion.com.ar\/web\/wp-json\/wp\/v2\/posts\/4265\/revisions"}],"wp:featuredmedia":[{"embeddable":true,"href":"https:\/\/quasarcomunicacion.com.ar\/web\/wp-json\/wp\/v2\/media\/4266"}],"wp:attachment":[{"href":"https:\/\/quasarcomunicacion.com.ar\/web\/wp-json\/wp\/v2\/media?parent=4265"}],"wp:term":[{"taxonomy":"category","embeddable":true,"href":"https:\/\/quasarcomunicacion.com.ar\/web\/wp-json\/wp\/v2\/categories?post=4265"},{"taxonomy":"post_tag","embeddable":true,"href":"https:\/\/quasarcomunicacion.com.ar\/web\/wp-json\/wp\/v2\/tags?post=4265"}],"curies":[{"name":"wp","href":"https:\/\/api.w.org\/{rel}","templated":true}]}}