{"id":426,"date":"2012-06-01T16:42:59","date_gmt":"2012-06-01T16:42:59","guid":{"rendered":"http:\/\/quasarcomunicacion.wordpress.com\/?p=426"},"modified":"2012-06-01T16:42:59","modified_gmt":"2012-06-01T16:42:59","slug":"concierto-de-violin-y-guitarra-en-la-biblioteca-bartolome-mitre","status":"publish","type":"post","link":"https:\/\/quasarcomunicacion.com.ar\/web\/concierto-de-violin-y-guitarra-en-la-biblioteca-bartolome-mitre\/","title":{"rendered":"Concierto de Viol\u00edn y Guitarra en la Biblioteca Bartolom\u00e9 Mitre"},"content":{"rendered":"<p style=\"text-align:left;\" align=\"center\"><span style=\"font-family:Verdana;font-size:small;\">El pr\u00f3ximo s\u00e1bado 16 de junio a las 20 h sen la Biblioteca Popular Bartolom\u00e9 Mitre se desarrollar\u00e1 un\u00a0<\/span><strong>Concierto de Alumnos de Viol\u00edn y Guitarra\u00a0<\/strong><span style=\"font-family:Verdana;font-size:small;\">del profesor Diego Humberto Mantuani<!--more--><\/span><\/p>\n<p><span style=\"font-family:Verdana;font-size:small;\">La Biblioteca est\u00e1 ubicada en Belgrano 553, Pilar y la entrada anticipada tiene un valor de 25 pesos y pueden adquirirse escribiendo a<a href=\"mailto:diegomantuani@gmail.com\">diegomantuani@gmail.com<\/a>\u00a0El d\u00eda del Concierto tendr\u00e1n un costo de 30 pesos<\/span><br \/>\n<img loading=\"lazy\" src=\"http:\/\/www.quasarcomunicacion.com.ar\/varios\/auspicios\/mantuani1.gif\" alt=\"\" width=\"500\" height=\"311\" \/><br \/>\n<span style=\"font-family:Verdana;font-size:small;\">Apoyan la iniciativa El Diario Regional de Pilar, Qu\u00e1sar Comunicaci\u00f3n, Gianelli Seguros Generales, Pilar GPS la Gu\u00eda de Productos, N\u00e9lida Micelli Catering para Eventos, M\u00fasica Pilar, Matute Libros y Servicios y Pilar Hoy Noticias<\/span><br \/>\n<span style=\"font-family:Verdana;font-size:small;\">En esta oportunidad actuar\u00e1n los alumnos de Viol\u00edn: Leticia Ruffo, Mar\u00eda Ana Loubes, Claudio Silvestre, Naiara Giordano, Carlos Scardillo, Ver\u00f3nica Austin, Mat\u00edas Gonz\u00e1lez, Gustavo Lundberg, Juli\u00e1n Toro, Andrea Vargas y Julieta Lezcano.<\/span><br \/>\n<span style=\"font-family:Verdana;font-size:small;\">En guitarra estar\u00e1n los alumnos Juan Cruz Schewarek, Ignacio Tapia, Uriel Aguilera, El\u00edas Leonov y Azul Pe\u00f1ales.<\/span><br \/>\n<span style=\"font-family:Verdana;font-size:small;\">Los alumnos del estudio privado del profesor Mantuani tienen un tiempo de estudio que va de 3 meses a dos a\u00f1os. La alumna m\u00e1s peque\u00f1a tiene tan solo 7 a\u00f1os y el mayor, 80.<\/span><br \/>\n<img loading=\"lazy\" src=\"http:\/\/www.quasarcomunicacion.com.ar\/varios\/auspicios\/mantuani2.gif\" alt=\"\" width=\"500\" height=\"375\" \/><br \/>\n<span style=\"font-family:Verdana;font-size:small;\">Seg\u00fan el propio Mantuani, \u00abel viol\u00edn es un instrumento muy complejo, por lo cual el tiempo de aprendizaje depende de las condiciones naturales, el empe\u00f1o y el tiempo de estudio que le dedique cada alumno. A\u00fan podr\u00eda decirse que en un par de meses ya se pueden tocar algunas melod\u00edas sencillas\u00bb.<\/span><br \/>\n<span style=\"font-family:Verdana;font-size:small;\">En el evento del 16 de junio, se apreciar\u00e1 un repertorio que va a estar integrado por piezas folcl\u00f3ricas, populares, y obras del barroco (Bach, Vivaldi) y del clasicismo (Mozart).<\/span><br \/>\n<strong><span style=\"font-family:Verdana;font-size:small;\">Acerca de Diego Humberto Mantuani<\/span><\/strong><br \/>\n<img loading=\"lazy\" src=\"http:\/\/www.quasarcomunicacion.com.ar\/varios\/auspicios\/mantuani.gif\" alt=\"\" width=\"271\" height=\"197\" align=\"right\" hspace=\"6\" vspace=\"6\" \/><span style=\"font-family:Verdana;font-size:small;\">Naci\u00f3 en Buenos Aires en el a\u00f1o 1981. A la edad de 12 a\u00f1os inicio sus estudios de guitarra cl\u00e1sica con el maestro Arnaldo Balocco, iniciando luego sus estudios de viol\u00edn con el maestro Alejandro Beraldi &#8211; integrante de la Orquesta Estable del Teatro Col\u00f3n- en el Conservatorio Nacional L\u00f3pez Buchardo.<\/span><br \/>\n<span style=\"font-family:Verdana;font-size:small;\">Al mismo tiempo ha tomado clases de armon\u00eda y composici\u00f3n con el maestro Roque De Pedro y continuado su perfeccionamiento violin\u00edstico con el maestro Abraham Bucchalter &#8211; Ex integrante de la Orquesta Sinf\u00f3nica Nacional- . Ha asistido tambi\u00e9n ha instrucciones grupales dictadas en el Teatro Col\u00f3n por los maestros Daniel Robuschi- integrante de la Orquesta Sinf\u00f3nica Nacional y de la Camerata Bariloche- y David Bellisomi- integrante de la Orquesta Estable del Teatro Col\u00f3n y de la Camerata Bariloche-.<\/span><br \/>\n<span style=\"font-family:Verdana;font-size:small;\">Actualmente contin\u00faa sus estudios de perfeccionamiento t\u00e9cnico e interpretativo bajo la tutela del maestro Julio Zoppi (Orquesta Estable del Teatro Colon, Orquesta Sinf\u00f3nica Nacional, Camerata Bariloche, Becario del Cleveland Institute of Music).<\/span><br \/>\n<span style=\"font-family:Verdana;font-size:small;\">Desde el a\u00f1o 2000 al 2003 form\u00f3 parte de la Orquesta de C\u00e1mara Juvenil de Buenos Aires, dirigida por el maestro Alejandro Beraldi, realizando presentaciones en diversos escenarios de todo el pa\u00eds, destac\u00e1ndose entre ellos: Auditorio de Radio Nacional, Sal\u00f3n Dorado de la Casa de la Cultura de la Ciudad de Buenos Aires, Teatro Avenida &#8211; en el marco del ciclo \u201cGuitarras del Mundo\u201d-, Conservatorio Nacional L\u00f3pez Buchardo, Embajada de Chile entre otros, acompa\u00f1ando a interpretes de jerarqu\u00eda internacional como los maestros Michael Kirby &#8211; clarinete, solista de la Orquesta Sinf\u00f3nica de Tenerife, Espa\u00f1a-, V\u00edctor Villadangos -guitarra- y Eugenia Marchioni -piano-.<\/span><br \/>\n<span style=\"font-family:Verdana;font-size:small;\">Durante el a\u00f1o 2004 integr\u00f3 el conjunto de tango \u201cLa Ganz\u00faa\u201d, bajo la direcci\u00f3n de Hector Bacci.<\/span><br \/>\n<span style=\"font-family:Verdana;font-size:small;\">En el a\u00f1o 2007 ingresa por concurso de oposici\u00f3n a la Orquesta Acad\u00e9mica del Teatro Colon, dirigida por el maestro Carlos Calleja, habiendo estado tambi\u00e9n bajo la batuta de los maestros Manuel Quintana y Lucia Zicos en car\u00e1cter de directores invitados. Junto a esta Orquesta se ha presentado en diversos escenarios de todo el pa\u00eds: Sal\u00f3n de Actos de la Facultad de Derecho, Estadio Luna Park -en el marco del Encuentro Internacional de Orquestas Juveniles-, Auditorio Belgrano, Teatro Espa\u00f1ol de Azul, Teatro Municipal de Lomas de Zamora, entre otros, junto a solistas de jerarqu\u00eda internacional como Xavier Inchausti (viol\u00edn) y Tom\u00e1s Alegre (piano) por solo citar algunos.<\/span><br \/>\n<span style=\"font-family:Verdana;font-size:small;\">En los a\u00f1os 2009 y 2010 integr\u00f3 junto al maestro Juan Carlos Nos (piano) el d\u00fao de c\u00e1mara \u201cIn Excelsis\u201d, realizando presentaciones en el \u00e1mbito privado, p\u00fablico y educativo.<\/span><br \/>\n<span style=\"font-family:Verdana;font-size:small;\">A principios del a\u00f1o 2011 ingresa por concurso de oposici\u00f3n a la Orquesta de la Universidad del Salvador y a la Orquesta Acad\u00e9mica de Buenos Aires.<\/span><br \/>\n<span style=\"font-family:Verdana;font-size:small;\">Desde ese mismo a\u00f1o vuelve a integrar el sexteto t\u00edpico de tango \u201cLa Ganz\u00faa\u201d, dirigido por Hector Bacci.<\/span><br \/>\n<span style=\"font-family:Verdana;font-size:small;\">En Julio de 2011 fue seleccionado entre violinistas de Argentina y de pa\u00edses lim\u00edtrofes para participar como alumno activo en el primer Curso Internacional de M\u00fasica de C\u00e1mara llevado a cabo en la ciudad de Formosa, el cual fue dictado por los maestros Peter Thomas (Viol\u00edn-Director), Alan Kovacs (Viola) y Eduardo Vasallo (Violoncello).<\/span><br \/>\n<span style=\"font-family:Verdana;font-size:small;\">A principios de 2012 forma un d\u00fao de c\u00e1mara junto al pianista Walter Marcelo Ogloblin, junto a quien se encuentra brindando conciertos en la actualidad. En este mismo a\u00f1o ingresa por concurso de oposici\u00f3n a la Orquesta de la Facultad de Medicina.<\/span><br \/>\n<span style=\"font-family:Verdana;font-size:small;\">Asimismo, colabora como columnista con la revista ABC Cooltural desde el a\u00f1o 2010.<\/span><br \/>\n<span style=\"font-family:Verdana;font-size:small;\">Con gran pasi\u00f3n por la docencia, se desempe\u00f1a como profesor de viol\u00edn, guitarra, teor\u00eda y solfeo en el \u00e1mbito privado y particular, desde el a\u00f1o 1999 a la actualidad.<\/span><\/p>\n","protected":false},"excerpt":{"rendered":"<p>El pr\u00f3ximo s\u00e1bado 16 de junio a las 20 h sen la Biblioteca Popular Bartolom\u00e9 Mitre se desarrollar\u00e1 un\u00a0Concierto de [&hellip;]<\/p>\n","protected":false},"author":2,"featured_media":0,"comment_status":"open","ping_status":"open","sticky":false,"template":"","format":"standard","meta":[],"categories":[2],"tags":[],"_links":{"self":[{"href":"https:\/\/quasarcomunicacion.com.ar\/web\/wp-json\/wp\/v2\/posts\/426"}],"collection":[{"href":"https:\/\/quasarcomunicacion.com.ar\/web\/wp-json\/wp\/v2\/posts"}],"about":[{"href":"https:\/\/quasarcomunicacion.com.ar\/web\/wp-json\/wp\/v2\/types\/post"}],"author":[{"embeddable":true,"href":"https:\/\/quasarcomunicacion.com.ar\/web\/wp-json\/wp\/v2\/users\/2"}],"replies":[{"embeddable":true,"href":"https:\/\/quasarcomunicacion.com.ar\/web\/wp-json\/wp\/v2\/comments?post=426"}],"version-history":[{"count":0,"href":"https:\/\/quasarcomunicacion.com.ar\/web\/wp-json\/wp\/v2\/posts\/426\/revisions"}],"wp:attachment":[{"href":"https:\/\/quasarcomunicacion.com.ar\/web\/wp-json\/wp\/v2\/media?parent=426"}],"wp:term":[{"taxonomy":"category","embeddable":true,"href":"https:\/\/quasarcomunicacion.com.ar\/web\/wp-json\/wp\/v2\/categories?post=426"},{"taxonomy":"post_tag","embeddable":true,"href":"https:\/\/quasarcomunicacion.com.ar\/web\/wp-json\/wp\/v2\/tags?post=426"}],"curies":[{"name":"wp","href":"https:\/\/api.w.org\/{rel}","templated":true}]}}