{"id":4243,"date":"2014-04-07T14:34:12","date_gmt":"2014-04-07T17:34:12","guid":{"rendered":"https:\/\/quasarcomunicacion.com.ar\/web\/?p=4243"},"modified":"2014-04-07T14:34:12","modified_gmt":"2014-04-07T17:34:12","slug":"los-berrinches-en-los-ninos-como-manejarlos","status":"publish","type":"post","link":"https:\/\/quasarcomunicacion.com.ar\/web\/los-berrinches-en-los-ninos-como-manejarlos\/","title":{"rendered":"Los berrinches en los ni\u00f1os \u00bfc\u00f3mo manejarlos?"},"content":{"rendered":"<p style=\"text-align: left;\" align=\"center\"><span style=\"font-family: Verdana; font-size: small;\">\u00a0Qu\u00e9 padre no sufri\u00f3 la experiencia que su hijo comenzara a gritar, a llorar, incluso a veces hasta tirarse al piso porque le dijimos que no a algo que quer\u00edan. Ahora bien, qu\u00e9 son los berrinches y c\u00f3mo tratarlos. Aqu\u00ed algunas consideraciones de los especialistas de <\/span><b style=\"font-family: Verdana; font-size: small;\">Momento Cero<\/b><span style=\"font-family: Verdana; font-size: small;\">, una instituci\u00f3n destinada a trabajar en la prevenci\u00f3n primaria de la salud f\u00edsica y mental de los individuos, intentando prevenir la enfermedad y los des\u00f3rdenes emocionales.<!--more--><\/span><\/p>\n<div align=\"center\"><center><\/p>\n<table width=\"90%\" border=\"0\" cellspacing=\"4\" cellpadding=\"4\">\n<tbody>\n<tr>\n<td bgcolor=\"#ECFFF9\" width=\"100%\"><i> <span style=\"font-family: Verdana; font-size: xx-small;\">El equipo de profesionales de <b>MOMENTO CERO<\/b><\/span><\/i><span style=\"font-family: Verdana; font-size: xx-small;\"><i> est\u00e1 disponible para consultas o entrevistas sobre el tema. Comunicarse al 0230-4664772 \u00f3 011-15-6096-4656 para concretarlas o enviar un mail a <a href=\"mailto:gabriela@quasarcomunicacion.com.ar\"> fernanda@quasarcomunicacion.com.ar <\/a>\u00a0<\/i><\/span><\/td>\n<\/tr>\n<\/tbody>\n<\/table>\n<p style=\"text-align: left;\"><span style=\"font-family: Verdana; font-size: small;\">\u201cLos berrinches son conductas esperables en los ni\u00f1os desde los dos a\u00f1os hasta los tres y medio o cuatro. Se producen en la etapa en la que comienza la fase de separaci\u00f3n- individuaci\u00f3n. Es decir, comienzan a darse cuenta que son una persona separada de su mam\u00e1 y de la adquisici\u00f3n de una individualidad \u00fanica. En esta etapa aparecen los \u201cNo\u201d como una manera de expresar sus opiniones y quieren ejercer su voluntad con mucha fuerza. Pero todav\u00eda no pueden expresar lo que sienten o piensan. La pataleta es una manifestaci\u00f3n de su desconformidad, de su frustraci\u00f3n, de su falta de control y de su dificultad para tramitar estas emociones\u201d, define la Lic. Emilia Canzutti, co-fundadora de <\/span><b style=\"font-family: Verdana; font-size: small;\"> Momento Cero<\/b><span style=\"font-family: Verdana; font-size: small;\"> (Matr\u00edcula 90400).<\/span><\/p>\n<p><\/center><\/div>\n<p><a href=\"https:\/\/quasarcomunicacion.com.ar\/web\/wp-content\/uploads\/2014\/04\/berrinches.gif\"><img class=\"aligncenter\" alt=\"berrinches\" src=\"https:\/\/quasarcomunicacion.com.ar\/web\/wp-content\/uploads\/2014\/04\/berrinches.gif\" \/><\/a><br \/>\n<span style=\"font-family: Verdana; font-size: small;\">Por eso frente a ciertos l\u00edmites, los ni\u00f1os van a sentirse abrumados por sus sentimientos y todav\u00eda no han desarrollado su habilidad para manejarlos de manera m\u00e1s eficaz. La rabieta es una manifestaci\u00f3n de su disconformidad, de su frustraci\u00f3n, de su falta de control y de su dificultad para tramitar estas emociones. Nos est\u00e1 diciendo: \u201cme siento frustrado, estoy enojado, furioso y he perdido todo control!<\/span><br \/>\n<span style=\"font-family: Verdana; font-size: small;\">Como padres, se debe ayudar a nuestros ni\u00f1os a manejar su independencia y desarrollar autocontrol. Estos comportamientos van a surgir y no podemos eliminarlos sino que debemos aprender a manejarlos <\/span><br \/>\n<span style=\"font-family: Verdana; font-size: small;\">\u00abLa respuesta que tengamos como padres ser\u00e1 diferente si creemos que los berrinches son manifestaciones de caprichos, fortalezas y ejercicio de control de nuestros ni\u00f1os, o que son manifestaciones de su inseguridad y fragilidad. Es bueno saber que el manejo de los berrinches est\u00e1 directamente relacionado con nuestra capacidad como padres de sostener los NO\u00bb, agrega Canzutti. <\/span><br \/>\n<span style=\"font-family: Verdana; font-size: small;\">Si los berrinches se extienden m\u00e1s all\u00e1 de la edad de 4 a\u00f1os generalmente es porque los padres han cedido ante los mismos, y le han ense\u00f1ado que pueden obtener todo lo que quieren en tiempo y forma con esta conducta. La persistencia de esta conducta debe hacer que nos ocupemos del tema, para lo cual ser\u00e1 tal vez necesario hacer una consulta al profesional pertinente.<br \/>\nRespecto del momento del berrinche, \u201clos berrinche se deben manejar igual forma en vacaciones o no. El manejo de estas conductas est\u00e1 directamente relacionado con la capacidad de los padres de decir que NO y sostenerlo, sin ceder ante la rabieta. En muchas ocasiones los ni\u00f1os y los padres tienen la sensaci\u00f3n de haber perdido el control, no hay que olvidar que uno es el adulto y es quien intentar\u00e1 hacer todo lo posible para recobrar el estado emocional necesario para que el ni\u00f1o acepte o comprenda por qu\u00e9 es necesario hacer o dejar de hacer tal o cual cosa\u201d, agrega la Lic. Adriana L\u00f3pez, de <b>Momento Cero<\/b> (Matr\u00edcula 23655).<\/span><br \/>\n<span style=\"font-family: Verdana; font-size: small;\">Muchas veces sentimos que es m\u00e1s f\u00e1cil darles lo que piden para poder callarlos, pero \u00bfqu\u00e9 estamos haciendo con esta actitud? Les estamos ense\u00f1ando que a trav\u00e9s de esta conducta puede obtener todo lo que quieren y no les ense\u00f1amos a aprender a frustrarse, ni a manejar los sentimientos que esta suscita. <\/span><br \/>\n<span style=\"font-family: Verdana; font-size: small;\">Debemos aprender que la frustraci\u00f3n no es mala para los ni\u00f1os. El secreto reside en cuanta frustraci\u00f3n recibe en cada etapa y con cuanta frecuencia. La cantidad adecuada en el momento oportuno eleva la tolerancia a la frustraci\u00f3n y aumenta la capacidad del ni\u00f1o para hacer frente a las mismas. Por eso, para evitar los berrinches y que vayan disminuyendo en el tiempo, debemos aprender a decir \u00abNO\u00bb, pero este \u00abNo\u00bb debe ser oportuno, claro, conciso y por sobretodo debemos ser constantes. <\/span><br \/>\n<span style=\"font-family: Verdana; font-size: small;\">Es necesario tambi\u00e9n analizar la antesala del berrinche haciendo una, observaci\u00f3n de la situaci\u00f3n, por ej, el tono que hemos empleado, si el ni\u00f1o est\u00e1 cansado, y comprendamos que est\u00e1 diciendo con el descontrol. Entonces cuando digamos \u201cno\u201d tambi\u00e9n pongamos palabras que den cuenta de sus sentimientos: No quer\u00e9s.., est\u00e1s enojado\u2026, te da rabia \u2026 <\/span><br \/>\n<span style=\"font-family: Verdana; font-size: small;\">\u00abEs necesario hacer una consulta profesional m\u00e1s espec\u00edfica si el ni\u00f1o ha superado la etapa preescolar y los berrinches persisten a pesar que sus padres no ceden ante ellos y hayan comprendido la emocionalidad de su hijo y promovido su fortaleza. Si hay necesidad de medicarlo esto ser\u00e1 determinada por un profesional id\u00f3neo, aunque en nuestra experiencia esto es muy poco probable y poco aconsejable\u201d, recomienda Canzutti.<\/span><br \/>\n<span style=\"font-family: Verdana; font-size: small;\">Es importante que los padres no se descontrolen, ni se pongan furiosos frente al berrinche. \u00abSi nosotros estamos calmados, ayudamos a nuestros ni\u00f1os a ver que no perdemos el control y que con nosotros est\u00e1n seguros. Todos sabemos lo dif\u00edcil que es mantener la calma en estos momentos pero es importante que lo probemos, pues cuando nos enojamos, normalmente aumentamos su frustraci\u00f3n y su berrinche. Todo termina en guerras de poder entre padres e hijos\u00bb, explica la Lic. Adriana L\u00f3pez. <\/span><br \/>\n<span style=\"font-family: Verdana; font-size: small;\">\u00abPor eso escuchemos qu\u00e9 nos est\u00e1 pidiendo y veamos si podemos complacerlo o no. Como es independencia lo que el ni\u00f1o quiere, es importante que le demos el poder de tomar peque\u00f1as decisiones. Hay ciertas cosas, como la remera que quiere usar, el juguete que se puede llevar de paseo, etc. que pueden ser decisiones suyas. Algunas otras cosas, como la comida o las actividades que debe realizar no son tan flexibles. Debemos decir muchas veces que s\u00ed, y los no indispensables para poder sostenerlos. O sea escojamos bien las \u00abbatallas\u00bb que vamos a pelear y dej\u00e9mosle tomar decisiones adecuadas a su edad\u00bb, declara Canzutti.<\/span><br \/>\n<span style=\"font-family: Verdana; font-size: small;\">\u00abSi la respuesta es NO, expliquemos claramente por qu\u00e9 no haremos lo que pide. Siempre es importante reconocer el sentimiento que tienen y el deseo del ni\u00f1o aunque luego no lo complazcamos. Analicemos la antesala del berrinche haciendo una observaci\u00f3n de la situaci\u00f3n. Por ejemplo, ver si el ni\u00f1o est\u00e1 cansado, si estuvimos todo el tiempo diciendo que no, el tono que empleamos\u2026 Comprendamos lo que est\u00e1 diciendo con el descontrol. D\u00e9mosle palabras que expresen sus sentimientos, hay que ense\u00f1arles a ellos el vocabulario emocional. Dig\u00e1mosle s\u00e9 qu\u00e9 te enoja. Qu\u00e9 no quer\u00e9s, ten\u00e9s ganas de seguir jugando\u2026 Por \u00faltimo, sepamos que si los berrinches son esperables en un momento evolutivo de nuestros hijos, tambi\u00e9n deben cesar. Si contin\u00faan luego de los 3 a\u00f1os y medio, cuatro normalmente es porque los padres hemos cedido ante ellos y los ni\u00f1os han aprendido que esta es una manera eficaz para lograr lo que quieren. Tal vez aqu\u00ed ya sea importante consultar con profesionales id\u00f3neos para corregir la conducta\u00bb, advierten desde la instituci\u00f3n <\/span><br \/>\n<span style=\"font-family: Verdana; font-size: small;\"><b>Momento Cero<\/b> brinda asesor\u00eda a trav\u00e9s de sus consultor\u00edas sobre c\u00f3mo tratar este tipo de situaciones at\u00edpicas. Se pueden contactar con la instituci\u00f3n escribiendo a <a href=\"mailto:contacto@momentocer.com.ar\"> contacto@momentocer.com.ar<\/a> <\/span><br \/>\n<span style=\"font-family: Verdana; font-size: small;\">Por otros datos, im\u00e1genes o entrevistas comunicarse con nosotros<br \/>\nToda la informaci\u00f3n en <a href=\"https:\/\/quasarcomunicacion.com.ar\/web\/momentocero\"> https:\/\/quasarcomunicacion.com.ar\/web\/momentocero<\/a> <\/span><\/p>\n<p align=\"right\"><span style=\"font-size: medium;\"><strong> <span style=\"color: #808080; font-family: Arial; font-size: small;\"> Lic. Mar\u00eda Fernanda Ipata<br \/>\nQu\u00e1sar Comunicaci\u00f3n<br \/>\n<\/span> <\/strong><\/span> <span style=\"font-size: xx-small;\"><span style=\"color: #ff0000;\"> Directo<\/span><b>: <\/b> 0230<\/span><span style=\"font-size: xx-small;\">-4664772<\/span><span style=\"font-size: xx-small;\"><br \/>\n<\/span><span style=\"font-size: xx-small;\"> <span style=\"color: #ff0000;\">M\u00f3vil:<\/span><b> <\/b> 0230-<\/span><span style=\"font-size: xx-small;\">15-4584535<br \/>\n011-15-6096-4656 ID 558*3763<br \/>\n<\/span><span style=\"color: #ff0000; font-size: xx-small;\"> Skype:<\/span><span style=\"font-size: xx-small;\"> quasarcomunicacion<br \/>\n<\/span><span style=\"color: #ff0000; font-size: xx-small;\"> Twitter:<\/span><span style=\"font-size: xx-small;\"> @quasarpilar<br \/>\n<\/span><span style=\"color: #ff0000; font-size: xx-small;\"> Gr<\/span><span style=\"color: #ff0000; font-size: xx-small;\">upo y p\u00e1gina en Facebook: <\/span> <span style=\"color: #808080; font-size: xx-small;\">www.facebook.com\/<\/span><a href=\"mailto:mfipata@gmail.com\"><span style=\"font-size: xx-small;\">Quasar<\/span><\/a><span style=\"font-size: xx-small;\">Comunicacion<br \/>\n<\/span><span style=\"font-size: xx-small;\"> <span style=\"color: #ff0000;\">LinkedIn<\/span><b>: <\/b><\/span> <a title=\"Ver perfil p\u00fablico\" href=\"http:\/\/ar.linkedin.com\/pub\/mar%C3%83%C2%AD-a-fernanda-ipata\/a\/293\/212\"> <span style=\"font-size: xx-small;\"> http:\/\/ar.linkedin.com\/pub\/mar%C3%AD-a-fernanda-ipata\/a\/293\/212<\/span><\/a><span style=\"font-size: xx-small;\"><br \/>\n<\/span><span style=\"color: #ff0000; font-size: xx-small;\"> Web:<\/span><b><\/b> <a href=\"http:\/\/www.quasarcomunicacion.com.ar\/\"> <span style=\"font-size: xx-small;\">www.quasarcomunicacion.com.ar<\/span><\/a><span style=\"font-size: xx-small;\"><br \/>\n<\/span><span style=\"font-size: xx-small;\"> <span style=\"color: #ff0000;\">Mail<\/span><b>:<\/b><\/span><span style=\"font-size: xx-small;\"> fernanda@quasarcomunicacion.com.ar<\/span><\/p>\n","protected":false},"excerpt":{"rendered":"<p>\u00a0Qu\u00e9 padre no sufri\u00f3 la experiencia que su hijo comenzara a gritar, a llorar, incluso a veces hasta tirarse al [&hellip;]<\/p>\n","protected":false},"author":2,"featured_media":4244,"comment_status":"open","ping_status":"open","sticky":false,"template":"","format":"standard","meta":[],"categories":[2],"tags":[],"_links":{"self":[{"href":"https:\/\/quasarcomunicacion.com.ar\/web\/wp-json\/wp\/v2\/posts\/4243"}],"collection":[{"href":"https:\/\/quasarcomunicacion.com.ar\/web\/wp-json\/wp\/v2\/posts"}],"about":[{"href":"https:\/\/quasarcomunicacion.com.ar\/web\/wp-json\/wp\/v2\/types\/post"}],"author":[{"embeddable":true,"href":"https:\/\/quasarcomunicacion.com.ar\/web\/wp-json\/wp\/v2\/users\/2"}],"replies":[{"embeddable":true,"href":"https:\/\/quasarcomunicacion.com.ar\/web\/wp-json\/wp\/v2\/comments?post=4243"}],"version-history":[{"count":0,"href":"https:\/\/quasarcomunicacion.com.ar\/web\/wp-json\/wp\/v2\/posts\/4243\/revisions"}],"wp:featuredmedia":[{"embeddable":true,"href":"https:\/\/quasarcomunicacion.com.ar\/web\/wp-json\/wp\/v2\/media\/4244"}],"wp:attachment":[{"href":"https:\/\/quasarcomunicacion.com.ar\/web\/wp-json\/wp\/v2\/media?parent=4243"}],"wp:term":[{"taxonomy":"category","embeddable":true,"href":"https:\/\/quasarcomunicacion.com.ar\/web\/wp-json\/wp\/v2\/categories?post=4243"},{"taxonomy":"post_tag","embeddable":true,"href":"https:\/\/quasarcomunicacion.com.ar\/web\/wp-json\/wp\/v2\/tags?post=4243"}],"curies":[{"name":"wp","href":"https:\/\/api.w.org\/{rel}","templated":true}]}}