{"id":420,"date":"2012-05-31T16:43:53","date_gmt":"2012-05-31T16:43:53","guid":{"rendered":"http:\/\/quasarcomunicacion.wordpress.com\/?p=420"},"modified":"2012-05-31T16:43:53","modified_gmt":"2012-05-31T16:43:53","slug":"este-sabado-musica-chiquita-en-pilar-point","status":"publish","type":"post","link":"https:\/\/quasarcomunicacion.com.ar\/web\/este-sabado-musica-chiquita-en-pilar-point\/","title":{"rendered":"Este s\u00e1bado &quot;M\u00fasica Chiquita&quot; en Pilar Point"},"content":{"rendered":"<p style=\"text-align:left;\" align=\"center\">Junio contin\u00faa con los espect\u00e1culos gratuitos para toda la familia en el patio de comidas de <strong>Pilar Point. <\/strong>\u00a0El ciclo se viene realizando todos los s\u00e1bados desde las 16 hs en el primer piso de Estanislao L\u00f3pez (ex ruta 8) e Ituzaing\u00f3, en pleno centro de la ciudad.<!--more--><\/p>\n<p><span style=\"font-size:small;\"> E<\/span>l 2 de junio se presentar\u00e1 \u00abM\u00fasica Chiquita\u00bb, el 9 \u00abPa ya, sos gaucho\u00bb, el 16 \u00abEl show del Payaso Fidel\u00bb, el 23 \u00abEl espect\u00e1culo de Madera\u00bb y cierran el mes el 30 de junio con la reposici\u00f3n de \u00abM\u00fasica Chiquita\u00bb a cargo de Pie Plano.<br \/>\nTodos los shows son organizados por la compa\u00f1\u00eda Media Vuelta.<\/p>\n<p align=\"center\"><img loading=\"lazy\" src=\"http:\/\/www.quasarcomunicacion.com.ar\/pilarpoint\/2012\/musica.gif\" alt=\"\" width=\"490\" height=\"414\" \/><\/p>\n<p><span style=\"font-size:small;\"> S\u00e1bado 2 de junio &#8211; \u00abM\u00fasica Chiquita\u00bb<\/span><br \/>\n\u00abM\u00fasica Chiquita\u00bb es la historia de cuatro personajes que se encuentran y, sin saber bien por qu\u00e9, se mantienen unidos teniendo un gran inter\u00e9s en com\u00fan: la m\u00fasica.<br \/>\nCada uno con caracter\u00edsticas f\u00edsicas y de personalidad muy diferentes muestran ese perfil de aparente \u2018desigualdad\u2019 pero, a la vez, aceptan sus diferencias. Los choques de personalidades son vistos desde el humor y ellos conviven con el fin de seguir viajando y cantando, llevando su m\u00fasica a diferentes lugares.<br \/>\nEl espect\u00e1culo integra m\u00fasica folkl\u00f3rica, danza, t\u00edteres, participativos con ni\u00f1os y adultos junto con la presentaci\u00f3n de diferentes instrumentos, tales como: guitarra, bandone\u00f3n, congas, tri\u00e1ngulo, caja cayera, bajo, bombo leguero, pandeiro, charango, claves, etc.<br \/>\n<img loading=\"lazy\" src=\"http:\/\/www.quasarcomunicacion.com.ar\/pilarpoint\/2012\/musica1.gif\" alt=\"\" width=\"490\" height=\"191\" \/><br \/>\n<span style=\"font-size:small;\"> Forman parte del elenco Julieta Vi\u00f1as, Gabriel Arias, Fidel Yocco, Luis Ortiz y Sabrina Valverdi<\/span><br \/>\nEl espect\u00e1culo est\u00e1 dirigido a toda la familia y ni\u00f1os de 2 a 12 a\u00f1os.<br \/>\nPie Plano compone y hace los arreglos musicales y letras como as\u00ed tambi\u00e9n la puesta en escena del espect\u00e1culo. Su duraci\u00f3n puede variar (m\u00ednimo 30 min. &#8211; m\u00e1ximo 1 hora 10\u2019).<br \/>\nEs de destacar que <strong>Pilar Point<\/strong> cuenta con seguridad, wi-fi y estacionamiento.<br \/>\n<span style=\"font-size:small;\"> Segu\u00ed a <strong>Pilar Point<\/strong> en <a href=\"http:\/\/www.facebook.com\/pilarpoint\"> www.facebook.com\/pilarpoint<\/a> <\/span><\/p>\n","protected":false},"excerpt":{"rendered":"<p>Junio contin\u00faa con los espect\u00e1culos gratuitos para toda la familia en el patio de comidas de Pilar Point. \u00a0El ciclo [&hellip;]<\/p>\n","protected":false},"author":2,"featured_media":0,"comment_status":"open","ping_status":"open","sticky":false,"template":"","format":"standard","meta":[],"categories":[2],"tags":[],"_links":{"self":[{"href":"https:\/\/quasarcomunicacion.com.ar\/web\/wp-json\/wp\/v2\/posts\/420"}],"collection":[{"href":"https:\/\/quasarcomunicacion.com.ar\/web\/wp-json\/wp\/v2\/posts"}],"about":[{"href":"https:\/\/quasarcomunicacion.com.ar\/web\/wp-json\/wp\/v2\/types\/post"}],"author":[{"embeddable":true,"href":"https:\/\/quasarcomunicacion.com.ar\/web\/wp-json\/wp\/v2\/users\/2"}],"replies":[{"embeddable":true,"href":"https:\/\/quasarcomunicacion.com.ar\/web\/wp-json\/wp\/v2\/comments?post=420"}],"version-history":[{"count":0,"href":"https:\/\/quasarcomunicacion.com.ar\/web\/wp-json\/wp\/v2\/posts\/420\/revisions"}],"wp:attachment":[{"href":"https:\/\/quasarcomunicacion.com.ar\/web\/wp-json\/wp\/v2\/media?parent=420"}],"wp:term":[{"taxonomy":"category","embeddable":true,"href":"https:\/\/quasarcomunicacion.com.ar\/web\/wp-json\/wp\/v2\/categories?post=420"},{"taxonomy":"post_tag","embeddable":true,"href":"https:\/\/quasarcomunicacion.com.ar\/web\/wp-json\/wp\/v2\/tags?post=420"}],"curies":[{"name":"wp","href":"https:\/\/api.w.org\/{rel}","templated":true}]}}