{"id":4164,"date":"2014-03-20T14:45:14","date_gmt":"2014-03-20T17:45:14","guid":{"rendered":"https:\/\/quasarcomunicacion.com.ar\/web\/?p=4164"},"modified":"2014-03-20T14:45:14","modified_gmt":"2014-03-20T17:45:14","slug":"seminario-spa-manager-convertirse-en-un-gerente-de-spa-en-tan-solo-dos-dias","status":"publish","type":"post","link":"https:\/\/quasarcomunicacion.com.ar\/web\/seminario-spa-manager-convertirse-en-un-gerente-de-spa-en-tan-solo-dos-dias\/","title":{"rendered":"Seminario Spa Manager: Convertirse en un Gerente de SPA en tan solo dos d\u00edas"},"content":{"rendered":"<p style=\"text-align: left;\" align=\"center\"><i><\/i><span style=\"font-family: Verdana; font-size: small;\">En el mes de abril se llevar\u00e1 a cabo el<b> Seminario Spa Manager, \u201cCombinaci\u00f3n perfecta, capacitaci\u00f3n y relax\u201d,<\/b> el cual constar\u00e1 de dos fechas: el jueves 24 en el Hotel Intercontinental Buenos Aires (Moreno 809, Buenos Aires, Capital Federal), en donde se realizar\u00e1 el m\u00f3dulo Introductorio, y el viernes 25 en el Racket Club Buenos Aires, fecha en que se desarrollar\u00e1 el m\u00f3dulo Avanzado.<!--more--><\/span><\/p>\n<p align=\"left\"><a href=\"https:\/\/quasarcomunicacion.com.ar\/web\/wp-content\/uploads\/2014\/03\/finci.gif\"><img class=\"aligncenter\" alt=\"finci\" src=\"https:\/\/quasarcomunicacion.com.ar\/web\/wp-content\/uploads\/2014\/03\/finci.gif\" \/><\/a><\/p>\n<p align=\"left\"><span style=\"font-family: Verdana; font-size: small;\">El objetivo del seminario es lograr convertir al participante en un Gerente de SPA a trav\u00e9s de estas dos jornadas intensivas de capacitaci\u00f3n. Para contactarse con la Asociaci\u00f3n Americana de Spa para recibir m\u00e1s informaci\u00f3n comunicarse llamando al (011) 5533-6173 o por mail a <a href=\"mailto:consultas@asociacionspa.com.ar\">consultas@asociacionspa.com.ar<\/a><\/span><\/p>\n<p align=\"left\"><span style=\"font-family: Verdana; font-size: small;\">El temario del d\u00eda jueves 24 consta de 7 m\u00f3dulos: Gerente Spa, Las 4 \u201cP\u201d del Centro Wellness, Red Marketing, Branding Spa, Pricing, Rol de Gerente Spa y El Spa en un Contexto de Hotel. Por otro lado, durante el viernes 25 se abordar\u00e1n los siguientes temas: Gerencia Wellness de Avanzada, Impulsando la Venta en el Spa, Marketing para la Mujer Spa, Nuevos Servicios y Tratamientos en el Spa, Medical Spa, Programas de Bienestar Corporativos, Ubicaci\u00f3n y Estructura del Spa y Las Nuevas Tendencias del Management Spa.<\/span><\/p>\n<p align=\"left\"><span style=\"font-family: Verdana; font-size: small;\">Los disertantes a cargo del Seminario ser\u00e1n: Eduardo Finci, Julieta Su\u00e1rez, Miriam Dominguez, Dr. C\u00e9sar S\u00e1nchez y Ctra. Mayra Beas Cava. Finalizado el seminario, los participantes recibir\u00e1n su certificado AAS junto al EBook Manager de Spa, y, para aquellos que hayan asistido al seminario completo, se les otorgar\u00e1 la membres\u00eda b\u00e1sica a la <\/span><b style=\"font-family: Verdana; font-size: small;\">Asociaci\u00f3n Americana de Spa <\/b><span style=\"font-family: Verdana; font-size: small;\">por tres meses y un almuerzo de Camarader\u00eda en el Vilas Raquet el segundo d\u00eda.<\/span><\/p>\n<p align=\"left\"><span style=\"font-family: Verdana; font-size: small;\">Para m\u00e1s informaci\u00f3n visitar <a href=\"http:\/\/www.asociacionspa.com.ar\/\">www.asociacionspa.com.ar<\/a> <\/span><\/p>\n<p align=\"left\"><b><span style=\"font-family: Verdana; font-size: small;\">Los oradores:<\/span><\/b><\/p>\n<p align=\"left\"><span style=\"font-family: Verdana; font-size: small;\"><b>Eduardo Finci<\/b><br \/>\nLicenciado en Econom\u00eda Universidad de Buenos Aires<br \/>\nMaster en Econom\u00eda- Torcuato Di Tella<br \/>\nMaster en Direcci\u00f3n de Empresas CEMA<br \/>\nProfesor Universidad de Buenos Aires \u2013 Direcci\u00f3n General &#8211;<br \/>\nProfesor universidad de Palermo \u2013 Comercializaci\u00f3n-<br \/>\nDirector y cofundador de la Asociaci\u00f3n Argentina de Spa<br \/>\nDirector de la Asociaci\u00f3n Americana de Spa<br \/>\nEmprendedor de Culturaspa<br \/>\nDirector acad\u00e9mico del CIMAS, Congreso Internacional de M\u00e9dicina Antiaging&amp;<br \/>\nSPA<br \/>\nEx Director de M\u00e9dano Blanco &#8211; Termas del Campo<\/span><\/p>\n<p align=\"left\"><span style=\"font-family: Verdana; font-size: small;\"><b>Julieta Su\u00e1rez<\/b><br \/>\nLicenciada en Comercializaci\u00f3n y Direcci\u00f3n de Empresas Universidad de<br \/>\nPalermo<br \/>\nProfesora de Educaci\u00f3n F\u00edsica<br \/>\nManager de la Divisi\u00f3n Hoteles en el Vilas Club<br \/>\nDirecci\u00f3n de los Spa &amp; Health Clubs de Intercontinental Buenos Aires y el<br \/>\nHotel y Marriott Plaza Hotel.<br \/>\nGerente de CorporateWellnes<br \/>\nDesarroll\u00f3 y lider\u00f3 Programas de Bienestar Corporativos en empresas como<br \/>\nBBVA Consolidar, MetroGAS, Nobleza Piccardo, ORACLE y Coca Cola FEMSA<\/span><\/p>\n<p align=\"left\"><span style=\"font-family: Verdana; font-size: small;\"><b>Miriam Dom\u00ednguez<\/b><br \/>\nHotel Republica: Directora de Finlander Wellness &amp; Spa<br \/>\nOpen Park Wellness Center: Directora de Area (Pilates\/Spa).<br \/>\nEvian (Aguaclub &amp; Spa) Miembro de Comit\u00e9 de calidad y capacitaci\u00f3n.<br \/>\nYour hair esthetic. M\u00e1laga . Espa\u00f1a.<br \/>\nCuerpos pintados y Fleury centro de est\u00e9tica Integral<br \/>\nPlanexware. Asesores comerciales.<br \/>\nSecretar\u00eda de Comercio Interior de la Naci\u00f3n<br \/>\nPsicolog\u00eda Social. &#8211; Psicologia (en curso)<br \/>\nProfesorado de Educacion Fisica<br \/>\nTecnicatura en Cosmetologia, cosmiatria y est\u00e9tica<br \/>\nTecnicatura en Spa &#8211; Instructora de Pilates<\/span><\/p>\n<p align=\"left\"><span style=\"font-family: Verdana; font-size: small;\"><b>Disertantes<\/b><br \/>\n<b><br \/>\nDr. Cesar S\u00e1nchez (Per\u00fa)<\/b><br \/>\nM\u00e9dico Cirujano de la Universidad San Mart\u00edn de Porres.<br \/>\nEspecialista en Medicina Est\u00e9tica<br \/>\nExpositor Nacional e Internacional<br \/>\nDirector M\u00e9dico del Centro M\u00e9dico Est\u00e9tico Est\u00e9tica y Salud<br \/>\nOrganizador Congreso Latinoamericano de Est\u00e9tica y Salud desarrollado en Lima, Per\u00fa<\/span><\/p>\n<p align=\"left\"><span style=\"font-family: Verdana; font-size: small;\"><b>Ctra. Mayra Beas Cava (Per\u00fa)<\/b><br \/>\nEsteticista y Cosmiatra<br \/>\nEspecialista en Dise\u00f1o de Tratamientos Faciales y Corporales<br \/>\nAsesora T\u00e9cnica de diversas l\u00edneas Cosmec\u00e9uticas<br \/>\nAdministradora de la Distribuidora de Cosmec\u00e9uticos CMC Est\u00e9tica y Salud<br \/>\nExpositora Nacional e Internacional<br \/>\nOrganizadora Congreso Latinoamericano de Est\u00e9tica y Salud desarrollado en Lima, Per\u00fa.<\/span><\/p>\n<p><span style=\"font-size: small;\"><b><i>\u00a0<span style=\"font-family: Arial;\">Por otras im\u00e1genes, audios o entrevistas no dude en contactarse<\/span><\/i><\/b><\/span><\/p>\n<p align=\"center\"><span style=\"font-size: small;\"><b><i> Contactos de Prensa<\/i><\/b><\/span><\/p>\n<div align=\"left\">\n<table width=\"100%\" border=\"1\" cellpadding=\"2\" align=\"left\">\n<tbody>\n<tr>\n<td width=\"50%\">\n<p align=\"left\"><span style=\"font-size: medium;\"><strong> <span style=\"color: #808080; font-family: Arial; font-size: small;\"> Camila Sarmiento &#8211; Asistente de Cuentas<\/span><\/strong><\/span><\/p>\n<p><span style=\"font-size: xx-small;\"><span style=\"color: #ff0000;\"> Directo<\/span><b>: <\/b> 0230<\/span><span style=\"font-size: xx-small;\">-4664772<br \/>\n<\/span><span style=\"color: #ff0000; font-size: xx-small;\"> Skype:<\/span><span style=\"font-size: xx-small;\"> quasarcomunicacion<br \/>\n<\/span><span style=\"color: #ff0000; font-size: xx-small;\"> Twitter:<\/span><span style=\"font-size: xx-small;\"> @quasarpilar<br \/>\n<\/span><span style=\"color: #ff0000; font-size: xx-small;\"> Gr<\/span><span style=\"color: #ff0000; font-size: xx-small;\">upo y p\u00e1gina en Facebook: <\/span> <span style=\"color: #808080; font-size: xx-small;\">www.facebook.com\/<\/span><a href=\"mailto:mfipata@gmail.com\"><span style=\"font-size: xx-small;\">Quasar<\/span><\/a><span style=\"font-size: xx-small;\">Comunicacion<br \/>\n<\/span><span style=\"color: #ff0000; font-size: xx-small;\"> Web:<\/span><b><\/b> <a href=\"http:\/\/www.quasarcomunicacion.com.ar\/\"> <span style=\"font-size: xx-small;\">www.quasarcomunicacion.com.ar<\/span><\/a><\/p>\n<p align=\"left\"><span style=\"font-size: xx-small;\"> <span style=\"color: #ff0000;\">Mail<\/span><b>:<\/b><\/span><span style=\"font-size: xx-small;\"> <a href=\"mailto:fernanda@quasarcomunicacion.com.ar\"> asistente@quasarcomunicacion.com.ar<\/a><\/span><\/p>\n<\/td>\n<td width=\"50%\">\n<p align=\"right\"><span style=\"font-size: medium;\"><strong> <span style=\"color: #808080; font-family: Arial; font-size: small;\"> Lic. Mar\u00eda Fernanda Ipata &#8211; Directora<br \/>\n<\/span> <\/strong><\/span> <span style=\"font-size: xx-small;\"><span style=\"color: #ff0000;\"><br \/>\nDirecto<\/span><b>: <\/b> 0230<\/span><span style=\"font-size: xx-small;\">-4664772<\/span><span style=\"font-size: xx-small;\"><br \/>\n<\/span><span style=\"font-size: xx-small;\"> <span style=\"color: #ff0000;\">M\u00f3vil:<\/span><b> <\/b> 0230<\/span><span style=\"font-size: xx-small;\">-15-4584535<br \/>\n011-15-6096-4656 ID 558*3763<br \/>\n<\/span><span style=\"color: #ff0000; font-size: xx-small;\"> Skype:<\/span><span style=\"font-size: xx-small;\"> quasarcomunicacion<br \/>\n<\/span><span style=\"color: #ff0000; font-size: xx-small;\"> Twitter:<\/span><span style=\"font-size: xx-small;\"> @quasarpilar<br \/>\n<\/span><span style=\"color: #ff0000; font-size: xx-small;\"> Gr<\/span><span style=\"color: #ff0000; font-size: xx-small;\">upo y p\u00e1gina en Facebook: <\/span> <span style=\"color: #808080; font-size: xx-small;\">www.facebook.com\/<\/span><a href=\"mailto:mfipata@gmail.com\"><span style=\"font-size: xx-small;\">Quasar<\/span><\/a><span style=\"font-size: xx-small;\">Comunicacion<br \/>\n<\/span><span style=\"font-size: xx-small;\"> <span style=\"color: #ff0000;\">LinkedIn<\/span><b>:\u00a0 <\/b><\/span> <span style=\"font-size: xx-small;\"><b> <a href=\"http:\/\/www.linkedin.com\/in\/mfipata\"> http:\/\/www.linkedin.com\/in\/mfipata<\/a><\/b><\/span><span style=\"font-size: xx-small;\"><br \/>\n<\/span><span style=\"color: #ff0000; font-size: xx-small;\"> Web:<\/span><b><\/b> <a href=\"http:\/\/www.quasarcomunicacion.com.ar\/\"> <span style=\"font-size: xx-small;\">www.quasarcomunicacion.com.ar<\/span><\/a><span style=\"font-size: xx-small;\"><br \/>\n<\/span><span style=\"font-size: xx-small;\"> <span style=\"color: #ff0000;\">Mail<\/span><b>:<\/b><\/span><span style=\"font-size: xx-small;\"><a href=\"mailto:fernanda@quasarcomunicacion.com.ar\"> fernanda@quasarcomunicacion.com.ar<\/a><\/span><\/p>\n<\/td>\n<\/tr>\n<\/tbody>\n<\/table>\n<\/div>\n","protected":false},"excerpt":{"rendered":"<p>En el mes de abril se llevar\u00e1 a cabo el Seminario Spa Manager, \u201cCombinaci\u00f3n perfecta, capacitaci\u00f3n y relax\u201d, el cual [&hellip;]<\/p>\n","protected":false},"author":2,"featured_media":4165,"comment_status":"open","ping_status":"open","sticky":false,"template":"","format":"standard","meta":[],"categories":[2],"tags":[],"_links":{"self":[{"href":"https:\/\/quasarcomunicacion.com.ar\/web\/wp-json\/wp\/v2\/posts\/4164"}],"collection":[{"href":"https:\/\/quasarcomunicacion.com.ar\/web\/wp-json\/wp\/v2\/posts"}],"about":[{"href":"https:\/\/quasarcomunicacion.com.ar\/web\/wp-json\/wp\/v2\/types\/post"}],"author":[{"embeddable":true,"href":"https:\/\/quasarcomunicacion.com.ar\/web\/wp-json\/wp\/v2\/users\/2"}],"replies":[{"embeddable":true,"href":"https:\/\/quasarcomunicacion.com.ar\/web\/wp-json\/wp\/v2\/comments?post=4164"}],"version-history":[{"count":0,"href":"https:\/\/quasarcomunicacion.com.ar\/web\/wp-json\/wp\/v2\/posts\/4164\/revisions"}],"wp:featuredmedia":[{"embeddable":true,"href":"https:\/\/quasarcomunicacion.com.ar\/web\/wp-json\/wp\/v2\/media\/4165"}],"wp:attachment":[{"href":"https:\/\/quasarcomunicacion.com.ar\/web\/wp-json\/wp\/v2\/media?parent=4164"}],"wp:term":[{"taxonomy":"category","embeddable":true,"href":"https:\/\/quasarcomunicacion.com.ar\/web\/wp-json\/wp\/v2\/categories?post=4164"},{"taxonomy":"post_tag","embeddable":true,"href":"https:\/\/quasarcomunicacion.com.ar\/web\/wp-json\/wp\/v2\/tags?post=4164"}],"curies":[{"name":"wp","href":"https:\/\/api.w.org\/{rel}","templated":true}]}}