{"id":4162,"date":"2014-03-19T17:04:10","date_gmt":"2014-03-19T20:04:10","guid":{"rendered":"https:\/\/quasarcomunicacion.com.ar\/web\/?p=4162"},"modified":"2014-03-19T17:04:10","modified_gmt":"2014-03-19T20:04:10","slug":"como-se-visualizan-las-aplicaciones-en-el-rediseno-de-las-paginas-de-facebook","status":"publish","type":"post","link":"https:\/\/quasarcomunicacion.com.ar\/web\/como-se-visualizan-las-aplicaciones-en-el-rediseno-de-las-paginas-de-facebook\/","title":{"rendered":"C\u00f3mo se visualizan las aplicaciones en el redise\u00f1o de las p\u00e1ginas de Facebook"},"content":{"rendered":"<h1><span style=\"font-size: 13px;\">Tras el anuncio de Facebook del redise\u00f1o de las p\u00e1ginas para negocios y que\u00a0<\/span><a style=\"font-size: 13px;\" href=\"http:\/\/www.easypromosapp.com\/blog\/2014\/03\/facebook-anuncia-un-cambio-en-el-diseno-de-las-paginas-para-negocios\/\" target=\"_blank\" rel=\"noopener noreferrer\">ya explicamos para ofrecer nuestra primera valoraci\u00f3n<\/a><span style=\"font-size: 13px;\">, se han conocido nuevos detalles de c\u00f3mo ser\u00e1n a partir de ahora las p\u00e1ginas de Facebook y ya se han empezado a ver las primeras p\u00e1ginas con el nuevo dise\u00f1o. En este post te explicamos en detalle todos los cambios previstos por Facebook y te ofrecemos nuestras primeras recomendaciones.<!--more--><\/span><\/h1>\n<div>\n<img loading=\"lazy\" alt=\"Actualizacion paginas Facebook\" src=\"http:\/\/www.easypromosapp.com\/blog\/wp-content\/uploads\/apps_tabs_redesign_es.jpg\" width=\"620\" height=\"234\" \/><br \/>\n&nbsp;<\/p>\n<h2>\u00bfC\u00f3mo afecta el\u00a0 nuevo dise\u00f1o a las pesta\u00f1as de aplicaciones?<\/h2>\n<p>Uno de los puntos que m\u00e1s ha preocupado a los administradores de p\u00e1ginas de Facebook con el redise\u00f1o propuesto por Facebook es c\u00f3mo afectar\u00e1n todos estos cambios a la visualizaci\u00f3n de las pesta\u00f1as o accesos directos a las aplicaciones. Por las\u00a0<a href=\"https:\/\/www.facebook.com\/business\/news\/UK-A-Streamlined-Look-for-Pages\" target=\"_blank\" rel=\"noopener noreferrer\">primeras capturas facilitadas por Facebook<\/a>\u00a0ya pudimos comprobar que las pesta\u00f1as seguir\u00edan siendo operativas y visibles en las p\u00e1ginas para negocios. Sin embargo, quedaba la cuesti\u00f3n de saber exactamente en qu\u00e9 punto de la p\u00e1gina de Facebook se mostrar\u00edan las aplicaciones y la forma de acceder.<br \/>\nPues bien, Facebook ya ha empezado a desplegar el nuevo dise\u00f1o y las primeras p\u00e1ginas de Facebook en verlo implementado permiten comprobar la nueva ubicaci\u00f3n de las pesta\u00f1as de las aplicaciones:<\/p>\n<ol>\n<li>Se confirma que\u00a0<b>las pesta\u00f1as ser\u00e1n accesibles desde la opci\u00f3n de \u2018M\u00e1s\u2019<\/b>\u00a0que aparece justo debajo de la foto de portada, y que muestra un listado de las aplicaciones instaladas en la p\u00e1gina.<\/li>\n<li>Se descubre un\u00a0<b>nuevo espacio reservado para las aplicaciones en el lateral izquierdo de la p\u00e1gina<\/b>, donde se muestra la imagen y el nombre de la pesta\u00f1a con exactamente el mismo formato que hasta ahora.<\/li>\n<\/ol>\n<p>Sin duda son buenas noticias que confirman que\u00a0<b>las aplicaciones seguir\u00e1n funcionando<\/b>\u00a0y se podr\u00e1n seguir visualizando en la\u00a0<b>pantalla de 810px<\/b>\u00a0de ancho que proporciona Facebook para las aplicaciones:<br \/>\n<img loading=\"lazy\" alt=\"Acceso tab\" src=\"http:\/\/www.easypromosapp.com\/blog\/wp-content\/uploads\/Acceso-tab.png\" width=\"610\" height=\"652\" \/><br \/>\nSin embargo, no todo son buenas noticias, puesto que el nuevo dise\u00f1o de Facebook tambi\u00e9n implica cambios no tan positivos para la visualizaci\u00f3n de las pesta\u00f1as:<br \/>\n&nbsp;<\/p>\n<h5>1. La imagen de portada de la p\u00e1gina se mantiene dentro de la pesta\u00f1a<\/h5>\n<p><b><\/b>El actual dise\u00f1o para las p\u00e1ginas de Facebook ofrece a las pesta\u00f1as la pantalla completa, lo que significa que las aplicaciones disponen de toda la p\u00e1gina para mostrar el contenido. Sin embargo, el nuevo dise\u00f1o de Facebook tiene previsto\u00a0<b>mantener la imagen de portada<\/b>\u00a0de la fanpage en la parte superior de la p\u00e1gina de la pesta\u00f1a.<br \/>\nEsto significa que la altura de 360px de la imagen de portada har\u00e1 bajar el contenido de la pesta\u00f1a, obligando a los usuarios a hacer scroll para poder ver la promoci\u00f3n\u00a0 o concurso.<br \/>\n&nbsp;<\/p>\n<h5>2. Las \u2018p\u00e1ginas similares\u2019 ahora se muestran dentro de la pesta\u00f1a<\/h5>\n<p><b><\/b>Si tu pesta\u00f1a incorpora una imagen de \u2018Like Gate\u2019 o \u2018Fan Gate\u2019, los usuarios que hagan clic en el bot\u00f3n de \u2018Like\u2019 ver\u00e1n autom\u00e1ticamente un recuadro recomendando otras p\u00e1ginas de Facebook a las que puede hacer \u2018Me Gusta\u2019. Estas sugerencias se determinan por localizaci\u00f3n, categor\u00eda y otras p\u00e1ginas que les gustan a tus fans.<br \/>\nSi a esto le sumamos que dentro de la pesta\u00f1a tambi\u00e9n se muestra la foto de portada, este cambio en la forma de mostrar las \u2018p\u00e1ginas similares\u2019 har\u00e1 que el contenido de la promoci\u00f3n baje todav\u00eda m\u00e1s y, adem\u00e1s, puede suponer una distracci\u00f3n para tus usuarios.<br \/>\n&nbsp;<\/p>\n<h2>\u00bfCu\u00e1les son los otros cambios en el nuevo dise\u00f1o de Facebook?<\/h2>\n<p><strong>\u00a01. Funci\u00f3n de \u2018destacar publicaci\u00f3n\u2019 todav\u00eda disponible<\/strong><br \/>\n<b><\/b>Los administradores pueden seguir destacando sus publicaciones para que lo primero que vean los usuarios sean las publicaciones promocionando la promoci\u00f3n o concurso.<\/p>\n<h5>2. M\u00e1s espacio para las publicaciones<\/h5>\n<p>Como ya se intuy\u00f3 inicialmente, en el\u00a0 nuevo dise\u00f1o las publicaciones solamente aparecer\u00e1n en la columna de la derecha, y a esta columna se le ha reservado un ancho mayor, pasando de los 410px a los 511px actuales. Esto sin duda ayudar\u00e1 a dar a nuestras publicaciones mayor visibilidad, y en caso de destacar una publicaci\u00f3n, \u00e9sta ser\u00e1 todav\u00eda m\u00e1s visible gracias a la columna \u00fanica reservada al contenido de las publicaciones.<br \/>\n<strong>3. Se mantienen los comentarios de los usuarios<\/strong><br \/>\nLos comentarios y reviews de los fans de la p\u00e1gina seguir\u00e1n apareciendo aunque cambian de ubicaci\u00f3n, pasando al espacio reservado en la columna izquierda de la\u00a0 p\u00e1gina, justo debajo del widget de \u2018Fotos\u2019.<br \/>\n<strong><span style=\"font-size: 0.83em;\">4. El bot\u00f3n \u2018Me Gusta\u2019 cambia de ubicaci\u00f3n y pierde visibilidad<\/span><\/strong><br \/>\nEn el dise\u00f1o actual el bot\u00f3n que permite a los usuarios convertirse en fans de la p\u00e1gina est\u00e1 situado justo debajo de la imagen de portada y sobre un fondo blanco, muy visible y f\u00e1cil de localizar. Sin embargo, con el redise\u00f1o de Facebook este bot\u00f3n cambia ligeramente de ubicaci\u00f3n, situ\u00e1ndose m\u00e1s a la izquierda y justo encima de la imagen de portada, lo que le resta visibilidad.<br \/>\n<strong><span style=\"font-size: 0.83em;\">5. \u2018Like Gate\u2019 obliga a recargar el contenido de la pesta\u00f1a<\/span><\/strong><br \/>\nSi has habilitado la \u2018Like Gate\u2019 o \u2018Fan Gate\u2019 para la pesta\u00f1a, cuando los\u00a0 usuarios hacen clic en bot\u00f3n de \u2018Me Gusta\u2019 no se descubre el contenido de la pesta\u00f1a autom\u00e1ticamente, sino que los usuarios siguen viendo la misma imagen de \u2018Like Gate\u2019. Para poder avanzar, los usuarios tendr\u00e1n que recargar la p\u00e1gina manualmente. Creemos que este debe ser un comportamiento err\u00f3neo de Facebook, y esperamos que lo puedan modificar.<br \/>\n<strong>FUENTE:\u00a0<\/strong>http:\/\/www.easypromosapp.com\/blog\/2014\/03\/como-se-visualizan-las-aplicaciones-en-el-rediseno-de-las-paginas-de-facebook\/?utm_source=Easypromos+general+contacts&amp;utm_campaign=9b141ef13b-Easypromos_Pesta%C3%B1as_Redise%C3%B1o_FB_ES&amp;utm_medium=email&amp;utm_term=0_5aff391875-9b141ef13b-320666201\n<\/div>\n","protected":false},"excerpt":{"rendered":"<p>Tras el anuncio de Facebook del redise\u00f1o de las p\u00e1ginas para negocios y que\u00a0ya explicamos para ofrecer nuestra primera valoraci\u00f3n, [&hellip;]<\/p>\n","protected":false},"author":2,"featured_media":0,"comment_status":"open","ping_status":"open","sticky":false,"template":"","format":"standard","meta":[],"categories":[64],"tags":[],"_links":{"self":[{"href":"https:\/\/quasarcomunicacion.com.ar\/web\/wp-json\/wp\/v2\/posts\/4162"}],"collection":[{"href":"https:\/\/quasarcomunicacion.com.ar\/web\/wp-json\/wp\/v2\/posts"}],"about":[{"href":"https:\/\/quasarcomunicacion.com.ar\/web\/wp-json\/wp\/v2\/types\/post"}],"author":[{"embeddable":true,"href":"https:\/\/quasarcomunicacion.com.ar\/web\/wp-json\/wp\/v2\/users\/2"}],"replies":[{"embeddable":true,"href":"https:\/\/quasarcomunicacion.com.ar\/web\/wp-json\/wp\/v2\/comments?post=4162"}],"version-history":[{"count":0,"href":"https:\/\/quasarcomunicacion.com.ar\/web\/wp-json\/wp\/v2\/posts\/4162\/revisions"}],"wp:attachment":[{"href":"https:\/\/quasarcomunicacion.com.ar\/web\/wp-json\/wp\/v2\/media?parent=4162"}],"wp:term":[{"taxonomy":"category","embeddable":true,"href":"https:\/\/quasarcomunicacion.com.ar\/web\/wp-json\/wp\/v2\/categories?post=4162"},{"taxonomy":"post_tag","embeddable":true,"href":"https:\/\/quasarcomunicacion.com.ar\/web\/wp-json\/wp\/v2\/tags?post=4162"}],"curies":[{"name":"wp","href":"https:\/\/api.w.org\/{rel}","templated":true}]}}