{"id":4127,"date":"2014-03-11T19:03:24","date_gmt":"2014-03-11T22:03:24","guid":{"rendered":"https:\/\/quasarcomunicacion.com.ar\/web\/?p=4127"},"modified":"2014-03-11T19:03:24","modified_gmt":"2014-03-11T22:03:24","slug":"cuidadosdelapiel","status":"publish","type":"post","link":"https:\/\/quasarcomunicacion.com.ar\/web\/cuidadosdelapiel\/","title":{"rendered":"&quot;Cuidados de la piel&quot;, por M&amp;M Estetic"},"content":{"rendered":"<p>Tips de M&amp;M Estetic para los cuidados de la piel. Mir\u00e1 el video de Mar\u00eda Jos\u00e9 Delfino, directora de M&amp;M Estetic<!--more--><br \/>\n<iframe loading=\"lazy\" frameborder=\"0\" height=\"315\" src=\"\/\/www.youtube.com\/embed\/bW0QmuX0ku4\" width=\"420\"><\/iframe><\/p>\n","protected":false},"excerpt":{"rendered":"<p>Tips de M&amp;M Estetic para los cuidados de la piel. Mir\u00e1 el video de Mar\u00eda Jos\u00e9 Delfino, directora de M&amp;M [&hellip;]<\/p>\n","protected":false},"author":2,"featured_media":4130,"comment_status":"open","ping_status":"open","sticky":false,"template":"","format":"standard","meta":[],"categories":[64],"tags":[],"_links":{"self":[{"href":"https:\/\/quasarcomunicacion.com.ar\/web\/wp-json\/wp\/v2\/posts\/4127"}],"collection":[{"href":"https:\/\/quasarcomunicacion.com.ar\/web\/wp-json\/wp\/v2\/posts"}],"about":[{"href":"https:\/\/quasarcomunicacion.com.ar\/web\/wp-json\/wp\/v2\/types\/post"}],"author":[{"embeddable":true,"href":"https:\/\/quasarcomunicacion.com.ar\/web\/wp-json\/wp\/v2\/users\/2"}],"replies":[{"embeddable":true,"href":"https:\/\/quasarcomunicacion.com.ar\/web\/wp-json\/wp\/v2\/comments?post=4127"}],"version-history":[{"count":0,"href":"https:\/\/quasarcomunicacion.com.ar\/web\/wp-json\/wp\/v2\/posts\/4127\/revisions"}],"wp:featuredmedia":[{"embeddable":true,"href":"https:\/\/quasarcomunicacion.com.ar\/web\/wp-json\/wp\/v2\/media\/4130"}],"wp:attachment":[{"href":"https:\/\/quasarcomunicacion.com.ar\/web\/wp-json\/wp\/v2\/media?parent=4127"}],"wp:term":[{"taxonomy":"category","embeddable":true,"href":"https:\/\/quasarcomunicacion.com.ar\/web\/wp-json\/wp\/v2\/categories?post=4127"},{"taxonomy":"post_tag","embeddable":true,"href":"https:\/\/quasarcomunicacion.com.ar\/web\/wp-json\/wp\/v2\/tags?post=4127"}],"curies":[{"name":"wp","href":"https:\/\/api.w.org\/{rel}","templated":true}]}}