{"id":4051,"date":"2014-02-20T16:15:29","date_gmt":"2014-02-20T19:15:29","guid":{"rendered":"https:\/\/quasarcomunicacion.com.ar\/web\/?p=4051"},"modified":"2014-02-20T16:15:29","modified_gmt":"2014-02-20T19:15:29","slug":"con-mas-de-1000-docentes-en-las-dos-jornadas-finalizo-el-x-congreso-de-educacion-en-pilar","status":"publish","type":"post","link":"https:\/\/quasarcomunicacion.com.ar\/web\/con-mas-de-1000-docentes-en-las-dos-jornadas-finalizo-el-x-congreso-de-educacion-en-pilar\/","title":{"rendered":"Con m\u00e1s de 1000 docentes en las dos jornadas, finaliz\u00f3 el X Congreso de Educaci\u00f3n en Pilar"},"content":{"rendered":"<p style=\"text-align: left;\" align=\"center\"><span style=\"font-family: Verdana; font-size: small;\">La Universidad del Salvador fue el escenario de la realizaci\u00f3n del <\/span><b style=\"font-family: Verdana; font-size: small;\">X Congreso de Educaci\u00f3n <\/b><span style=\"font-family: Verdana; font-size: small;\">organizado por el <\/span><b style=\"font-family: Verdana; font-size: small;\">Polo Educativo Pilar<\/b><span style=\"font-family: Verdana; font-size: small;\"> bajo el tema \u00abEnse\u00f1ar a Pensar\u00bb. Durante las dos jornadas, m\u00e1s de 1000 docentes de escuelas p\u00fablicas y privadas de la zona participaron de las conferencias y talleres que se desarrollaron.<!--more--><\/span><\/p>\n<p><a href=\"https:\/\/quasarcomunicacion.com.ar\/web\/wp-content\/uploads\/2014\/02\/equipo.gif\"><img class=\"aligncenter\" alt=\"equipo\" src=\"https:\/\/quasarcomunicacion.com.ar\/web\/wp-content\/uploads\/2014\/02\/equipo.gif\" \/><\/a><br \/>\n<span style=\"font-family: Verdana; font-size: small;\">Finalizado el <b>X Congreso de Educaci\u00f3n<\/b> que se realiz\u00f3 en el Auditorio de la Universidad del Salvador los d\u00edas jueves 13 y viernes 14 del corriente mes, el Presidente del Polo Educativo de Pilar, Juan Ranwez, y el Director Ejecutivo, Marcelo Gilly, realizaron un balance respecto a los dos d\u00edas de Congreso.<\/span><br \/>\n\u201cEs muy gratificante haber tenido tanta convocatoria. Para quienes organizamos estos eventos anuales este es el mejor premio al esfuerzo realizado\u201d, declar\u00f3 Gilly. \u201cSiempre existen expectativas de realizar congresos con mucha convocatoria, pero este en particular, especialmente el d\u00eda jueves, fue sorprendente.\u201d<br \/>\nEl Congreso tuvo m\u00e1s de 1000 docentes y directivos inscriptos que rotaron durante los dos d\u00edas, tanto de escuelas p\u00fablicas como privadas. A lo largo de las jornadas, se llevaron a cabo cinco conferencias a cargo de profesionales de la educaci\u00f3n, como son la Licenciada Ana Mar\u00eda Fern\u00e1ndez, el Licenciado Bernardo Blejmar, el Profesor Doctor Jaime Rebolledo Alfaro y la Profesora Doctora Paola Delbosco.<br \/>\nSe trataron temas que incluyen la incorporaci\u00f3n de tecnolog\u00eda, la relaci\u00f3n directivos-padres, la capacitaci\u00f3n de los docentes, la integraci\u00f3n de ni\u00f1os con capacidades especiales y el corriente cambio de paradigma.<br \/>\n\u201cCreo que el Congreso fue muy positivo, lo que est\u00e1 sucediendo en la educaci\u00f3n es que hay un cambio de paradigma, entonces nosotros lo que buscamos es generar la inquietud en los docentes y la necesidad de cambiar y acompa\u00f1ar este nuevo paradigma\u201d, explic\u00f3 Juan Ranwez, presidente del Polo Educativo Pilar.<br \/>\nRespecto al origen de los participantes, se estim\u00f3 que un 65% pertenec\u00eda a escuelas privadas y el 35% restante pertenec\u00eda a directivos o docentes de escuelas p\u00fablicas. \u201cEstas actividades aportan un enriquecimiento intelectual a los docentes que participan de ellas, cada a\u00f1o m\u00e1s docentes est\u00e1n mejor capacitados en Pilar, y ese es nuestro objetivos, para que Pilar sea un centro de excelencia educativa y ejemplo para el pa\u00eds\u201d, continu\u00f3 Marcelo Gilly.<br \/>\nDurante el transcurso de las horas, y entre breaks para el coffee y el horario para almuerzo libre, se fueron dando distintos talleres que lograron una concurrencia inesperadamente alta.<br \/>\n\u201cEn los talleres hemos tenido que hacer un cambio en la log\u00edstica de asignaci\u00f3n de las aulas para ubicar a tantos interesados, quedaron chicas, con tanta demanda que provoc\u00f3 el desborde de los lugares asignados\u201d, expresaron desde el PEP, agregando \u201cesto hace pensar que estamos haciendo las cosas bien y que los congresos del Polo Educativo Pilar son una actividad esperada por los docentes en esta \u00e9poca del a\u00f1o, y pensamos seguir en el mismo camino\u201d.<br \/>\n\u201cCreo que dentro de los recursos que tenemos nosotros, traemos a los mejores expositores posibles. Y en cuanto a la elecci\u00f3n de los temas que hacemos desde la Subcomisi\u00f3n de Congresos, me parece que es acertado tambi\u00e9n\u201d, indic\u00f3 Gilly<br \/>\nAl ingresar al Congreso se les entreg\u00f3 a todos los participantes una encuesta para completar al final del d\u00eda. \u201cLas encuestas finales son el feedback de lo que la gente pens\u00f3, y nos ayuda a corregir, modificar o agregar cosas que el docente quiere\u201d, explica el Director Ejecutivo del PEP.<br \/>\nPor su parte y concluyendo, el Presidente del<b> Polo Educativo<\/b>, Juan Ranwez, declar\u00f3 que \u201ceste congreso ha sido un \u00e9xito, nunca hemos tenido tanta concurrencia y creo que las posturas que se han presentado han sido excelentes y muy \u00fatiles en el d\u00eda de hoy para la educaci\u00f3n que se viene. El <b>Polo Educativo<\/b> tiene como objetivo mejorar la educaci\u00f3n dentro del Partido de Pilar, para lo cual se han unido varios colegios y hemos trabajado mucho durante el a\u00f1o para poder hacer esto\u201d.<\/p>\n<p align=\"center\"><span style=\"font-size: small;\"><b><i><span style=\"font-family: Arial;\">Por otras im\u00e1genes, audios o entrevistas no dude en contactarse<\/span><\/i><\/b><\/span><\/p>\n<p align=\"center\"><span style=\"font-size: small;\"><b><i> Contactos de Prensa<\/i><\/b><\/span><\/p>\n<div align=\"center\"><center><\/p>\n<table width=\"100%\" border=\"1\" cellpadding=\"2\" align=\"left\">\n<tbody>\n<tr>\n<td width=\"50%\">\n<p align=\"left\"><span style=\"font-size: medium;\"><strong> <span style=\"color: #808080; font-family: Arial; font-size: small;\"> Camila Sarmiento &#8211; Asistente de Cuentas<br \/>\n<\/span> <\/strong><\/span> <span style=\"font-size: xx-small;\"><span style=\"color: #ff0000;\"> Directo<\/span><b>: <\/b> 0230<\/span><span style=\"font-size: xx-small;\">-4664772<br \/>\n<\/span><span style=\"color: #ff0000; font-size: xx-small;\"> Skype:<\/span><span style=\"font-size: xx-small;\"> quasarcomunicacion<br \/>\n<\/span><span style=\"color: #ff0000; font-size: xx-small;\"> Twitter:<\/span><span style=\"font-size: xx-small;\"> @quasarpilar<br \/>\n<\/span><span style=\"color: #ff0000; font-size: xx-small;\"> Gr<\/span><span style=\"color: #ff0000; font-size: xx-small;\">upo y p\u00e1gina en Facebook: <\/span> <span style=\"color: #808080; font-size: xx-small;\">www.facebook.com\/<\/span><a href=\"mailto:mfipata@gmail.com\"><span style=\"font-size: xx-small;\">Quasar<\/span><\/a><span style=\"font-size: xx-small;\">Comunicacion<br \/>\n<\/span><span style=\"color: #ff0000; font-size: xx-small;\"> Web:<\/span><b><\/b> <a href=\"http:\/\/www.quasarcomunicacion.com.ar\/\"> <span style=\"font-size: xx-small;\">www.quasarcomunicacion.com.ar<\/span><\/a><\/p>\n<p align=\"left\"><span style=\"font-size: xx-small;\"> <span style=\"color: #ff0000;\">Mail<\/span><b>:<\/b><\/span><span style=\"font-size: xx-small;\"> <a href=\"mailto:fernanda@quasarcomunicacion.com.ar\"> asistente@quasarcomunicacion.com.ar<\/a><\/span><\/p>\n<\/td>\n<td width=\"50%\">\n<p align=\"right\"><span style=\"font-size: medium;\"><strong> <span style=\"color: #808080; font-family: Arial; font-size: small;\"> Lic. Mar\u00eda Fernanda Ipata &#8211; Directora<br \/>\n<\/span> <\/strong><\/span> <span style=\"font-size: xx-small;\"><span style=\"color: #ff0000;\"><br \/>\nDirecto<\/span><b>: <\/b> 0230<\/span><span style=\"font-size: xx-small;\">-4664772<\/span><span style=\"font-size: xx-small;\"><br \/>\n<\/span><span style=\"font-size: xx-small;\"> <span style=\"color: #ff0000;\">M\u00f3vil:<\/span><b> <\/b> 0230<\/span><span style=\"font-size: xx-small;\">-15-4584535<br \/>\n011-15-6096-4656 ID 558*3763<br \/>\n<\/span><span style=\"color: #ff0000; font-size: xx-small;\"> Skype:<\/span><span style=\"font-size: xx-small;\"> quasarcomunicacion<br \/>\n<\/span><span style=\"color: #ff0000; font-size: xx-small;\"> Twitter:<\/span><span style=\"font-size: xx-small;\"> @quasarpilar<br \/>\n<\/span><span style=\"color: #ff0000; font-size: xx-small;\"> Gr<\/span><span style=\"color: #ff0000; font-size: xx-small;\">upo y p\u00e1gina en Facebook: <\/span> <span style=\"color: #808080; font-size: xx-small;\">www.facebook.com\/<\/span><a href=\"mailto:mfipata@gmail.com\"><span style=\"font-size: xx-small;\">Quasar<\/span><\/a><span style=\"font-size: xx-small;\">Comunicacion<br \/>\n<\/span><span style=\"font-size: xx-small;\"> <span style=\"color: #ff0000;\">LinkedIn<\/span><b>:\u00a0 <\/b><\/span> <span style=\"font-size: xx-small;\"><b> <a href=\"http:\/\/www.linkedin.com\/in\/mfipata\"> http:\/\/www.linkedin.com\/in\/mfipata<\/a><\/b><\/span><span style=\"font-size: xx-small;\"><br \/>\n<\/span><span style=\"color: #ff0000; font-size: xx-small;\"> Web:<\/span><b><\/b> <a href=\"http:\/\/www.quasarcomunicacion.com.ar\/\"> <span style=\"font-size: xx-small;\">www.quasarcomunicacion.com.ar<\/span><\/a><span style=\"font-size: xx-small;\"><br \/>\n<\/span><span style=\"font-size: xx-small;\"> <span style=\"color: #ff0000;\">Mail<\/span><b>:<\/b><\/span><span style=\"font-size: xx-small;\"><a href=\"mailto:fernanda@quasarcomunicacion.com.ar\"> fernanda@quasarcomunicacion.com.ar<\/a><\/span><\/p>\n<\/td>\n<\/tr>\n<\/tbody>\n<\/table>\n<p><\/center><\/div>\n<hr \/>\n<p align=\"left\">\u00a0<b><span style=\"color: #ff0000; font-family: Verdana; font-size: small;\">Acerca del Polo Educativo Pilar<\/span><\/b><\/p>\n<p align=\"left\"><span style=\"font-size: xx-small;\">El <b>Polo Educativo Pilar <\/b>es una asociaci\u00f3n civil sin fines de lucro que fue fundada en el a\u00f1o 2002, que re\u00fane a instituciones educativas del Partido de Pilar y tiene como objetivo principal el promover y desarrollar la educaci\u00f3n, p\u00fablica y privada, en todo el distrito.<br \/>\nLa asociaci\u00f3n nace a partir de 1999 cuando los directivos de los j\u00f3venes colegios privados de Pilar, junto con los que llevaban m\u00e1s a\u00f1os en la ciudad, comienzan a reunirse para considerar sus problem\u00e1ticas comunes. Este hecho, in\u00e9dito en la educaci\u00f3n privada en la Argentina, alcanza un alto grado de sinergia cuando los Colegios deciden trazar un plan para convertir al Partido de Pilar en una localidad que sea conocida por su alto nivel educativo, tanto en las instituciones privadas como en las p\u00fablicas. Con esa idea, un grupo original de 14 Colegios de distintos niveles, funda el <b>Polo Educativo Pilar<\/b>.<br \/>\nCabe destacar que entidad obtuvo su personer\u00eda jur\u00eddica en diciembre de 2004 bajo el Nro. 7000\/04 expedido por la Inspecci\u00f3n de Persona jur\u00eddica de la Provincia de Buenos Aires. En el a\u00f1o 2003 es declarada entidad de Bien P\u00fablico por el Municipio de Pilar por Decreto Municipal Nro. 6679\/2003. <\/span><\/p>\n<p align=\"center\">Acceso a toda la informaci\u00f3n e im\u00e1genes en alta definici\u00f3n ingresando en<br \/>\n<a href=\"http:\/\/www.quasarcomunicacion.com.ar\/web\/poloeducativo\"> www.quasarcomunicacion.com.ar\/web\/poloeducativo<\/a><\/p>\n","protected":false},"excerpt":{"rendered":"<p>La Universidad del Salvador fue el escenario de la realizaci\u00f3n del X Congreso de Educaci\u00f3n organizado por el Polo Educativo [&hellip;]<\/p>\n","protected":false},"author":2,"featured_media":4052,"comment_status":"open","ping_status":"open","sticky":false,"template":"","format":"standard","meta":[],"categories":[2],"tags":[],"_links":{"self":[{"href":"https:\/\/quasarcomunicacion.com.ar\/web\/wp-json\/wp\/v2\/posts\/4051"}],"collection":[{"href":"https:\/\/quasarcomunicacion.com.ar\/web\/wp-json\/wp\/v2\/posts"}],"about":[{"href":"https:\/\/quasarcomunicacion.com.ar\/web\/wp-json\/wp\/v2\/types\/post"}],"author":[{"embeddable":true,"href":"https:\/\/quasarcomunicacion.com.ar\/web\/wp-json\/wp\/v2\/users\/2"}],"replies":[{"embeddable":true,"href":"https:\/\/quasarcomunicacion.com.ar\/web\/wp-json\/wp\/v2\/comments?post=4051"}],"version-history":[{"count":0,"href":"https:\/\/quasarcomunicacion.com.ar\/web\/wp-json\/wp\/v2\/posts\/4051\/revisions"}],"wp:featuredmedia":[{"embeddable":true,"href":"https:\/\/quasarcomunicacion.com.ar\/web\/wp-json\/wp\/v2\/media\/4052"}],"wp:attachment":[{"href":"https:\/\/quasarcomunicacion.com.ar\/web\/wp-json\/wp\/v2\/media?parent=4051"}],"wp:term":[{"taxonomy":"category","embeddable":true,"href":"https:\/\/quasarcomunicacion.com.ar\/web\/wp-json\/wp\/v2\/categories?post=4051"},{"taxonomy":"post_tag","embeddable":true,"href":"https:\/\/quasarcomunicacion.com.ar\/web\/wp-json\/wp\/v2\/tags?post=4051"}],"curies":[{"name":"wp","href":"https:\/\/api.w.org\/{rel}","templated":true}]}}