{"id":4017,"date":"2014-02-14T18:23:00","date_gmt":"2014-02-14T21:23:00","guid":{"rendered":"https:\/\/quasarcomunicacion.com.ar\/web\/?p=4017"},"modified":"2014-02-14T18:23:00","modified_gmt":"2014-02-14T21:23:00","slug":"paola-delbosco-cerro-el-x-congreso-de-educacion-organizado-por-el-polo-educativo-pilar","status":"publish","type":"post","link":"https:\/\/quasarcomunicacion.com.ar\/web\/paola-delbosco-cerro-el-x-congreso-de-educacion-organizado-por-el-polo-educativo-pilar\/","title":{"rendered":"Paola Delbosco cerr\u00f3 el X Congreso de Educaci\u00f3n organizado por el Polo Educativo Pilar"},"content":{"rendered":"<p style=\"text-align: left;\" align=\"center\"><span style=\"font-family: Verdana; font-size: small;\">\u00a0Luego de dos jornadas de intenso trabajo con conferencias y talleres en torno al tema <\/span><b style=\"font-family: Verdana; font-size: small;\">\u00abEnse\u00f1ar a Pensar\u00bb<\/b><span style=\"font-family: Verdana; font-size: small;\">, lleg\u00f3 a su fin el <\/span><b style=\"font-family: Verdana; font-size: small;\">X<\/b><b style=\"font-family: Verdana; font-size: small;\">Congreso de Educaci\u00f3n<\/b><span style=\"font-family: Verdana; font-size: small;\"> organizado por el <\/span><b style=\"font-family: Verdana; font-size: small;\">Polo Educativo Pilar<\/b><span style=\"font-family: Verdana; font-size: small;\"> en el a\u00f1o de su d\u00e9cimo segundo aniversario.<!--more--><\/span><\/p>\n<p><a href=\"https:\/\/quasarcomunicacion.com.ar\/web\/wp-content\/uploads\/2014\/02\/paola.gif\"><img class=\"aligncenter\" alt=\"paola\" src=\"https:\/\/quasarcomunicacion.com.ar\/web\/wp-content\/uploads\/2014\/02\/paola.gif\" \/><\/a><br \/>\n<span style=\"font-family: Verdana; font-size: small;\">De esta manera, dio por finalizada su segunda jornada, en el Auditorio del Campus de la Universidad del Salvador, con la conferencia titulada \u201c<b>La educaci\u00f3n como encuentro\u201d <\/b>a cargo de la Profesora y Doctora Paola Delbosco, quien adem\u00e1s se desempe\u00f1a como Titular de la C\u00e1tedra de Deontolog\u00eda de la Universidad Austral.<\/span><br \/>\n<span style=\"font-family: Verdana; font-size: small;\">La Doctora en filosof\u00eda por la Universit\u00e1 degli Studi di Roma, declar\u00f3 que eligi\u00f3 este tema para su conferencia pues \u201ces un tema al cual no le pasa el tiempo\u201d.<\/span><br \/>\n<span style=\"font-family: Verdana; font-size: small;\">Sin encuentro no es posible que haya educaci\u00f3n, pues subraya que mas all\u00e1 de que hoy en d\u00eda existan ciertos adelantos tecnol\u00f3gicos que facilitan la comunicaci\u00f3n y el acceso a la informaci\u00f3n, quedan algunos rasgos firmes y por debajo de todo eso, los cuales indican que no se puede educar a las personas si el que las educa, el educador, no se pone en contacto personal con cada uno de ellos.<\/span><br \/>\n<span style=\"font-family: Verdana; font-size: small;\">\u201cY puede ser que mucha gente proteste, porque hay aulas muy nutridas, con un gran n\u00famero de alumnos y dar\u00eda la impresi\u00f3n de que ese encuentro que yo propongo es imposible\u201d, dice la Profesora Delbosco. Sin embargo, explica que este es un derecho del chico que crece, existir frente a los ojos de quien lo educa. Puede ser que no sea todos los d\u00edas o a cada rato, pero en alg\u00fan momento los docentes deben hacerse cargo de que esa persona en crecimiento est\u00e9 en alguna instancia frente a ellos mismos cara a cara; que entiendan que est\u00e1n existiendo y que son valorados. Y esta, en definitiva, es la \u00fanica manera que permite en el fondo abrir su cabeza y su coraz\u00f3n, pues si no se abre el coraz\u00f3n, no se abre la cabeza tampoco. <\/span><br \/>\n<span style=\"font-family: Verdana; font-size: small;\">\u201cCuando hay un encuentro entre personas lo que hay que privilegiar, lo que prima sobre cualquier otro criterio, es que el otro al mostrarme su rostro me hace responsable de su cuidado, de su vida. Esto parece muy exagerado, pero no puede haber una comunidad humana si no es en ese contexto, la comunidad humana se da cuando uno es para otro un ser humano y lo reconoce como tal. Hacerse responsable significa que pongo mis capacidades al servicio del otro, de su crecimiento, de su protecci\u00f3n, de su ayuda, de su alivio; y esto no es una aspiraci\u00f3n ut\u00f3pica sino que es lo que sucede much\u00edsimas veces en el verdadero encuentro entre personas\u201d, explic\u00f3 Delbosco.<\/span><br \/>\n<span style=\"font-family: Verdana; font-size: small;\">Para finalizar, Paola Delbosco resumi\u00f3 los tres ejes de su exposici\u00f3n. En primer lugar, \u201csin encuentro no hay educaci\u00f3n\u201d; en segundo lugar que \u00abhay que ense\u00f1ar la verdad, lo verdadero\u201d. No la verdad definitiva porque estamos en camino, nuestras conclusiones nunca son definitivas sino puertas que se abren a nuevos caminos; y por ultimo y fundamental, \u201cno se puede ense\u00f1ar sin querer a la persona quien se ense\u00f1a, si no hay amor, si no hay alg\u00fan tipo de vinculaci\u00f3n afectiva. Si alguien desprecia a los j\u00f3venes debe alejarse de ellos, si alguien no les encuentra valor a la gente que tiene adelante, fuera de la edad que fuera, no es apto para ning\u00fan tipo de transmisi\u00f3n positiva\u201d.<\/span><br \/>\n<span style=\"font-family: Verdana; font-size: small;\">El amor del que ense\u00f1a es fundamental para aquellos que lo reciben. No es posible ejercer la docencia sin esa caracter\u00edstica.<\/span><br \/>\n<span style=\"font-family: Verdana; font-size: small;\">A trav\u00e9s de la docencia no s\u00f3lo transmitimos el mundo viejo a los nuevos, sino que con ellos planteamos las bases tambi\u00e9n para un mundo nuevo, que se nutre de las nuevas tecnolog\u00edas de la informaci\u00f3n y comunicaci\u00f3n pero que sigue necesitando estas cuestiones humanas extra temporales, como el ser escuchado, reconocido en lo que hace, comprendido y amado.<\/span><br \/>\n<b><span style=\"font-family: Verdana; font-size: small;\">Acerca de Paola Delbosco<\/span> <\/b><br \/>\n<span style=\"font-family: Verdana; font-size: xx-small;\">Doctora en filosof\u00eda por la Universit\u00e1 degli Studi di Roma. Titular de la C\u00e1tedra de \u00c9tica en la Maestr\u00eda de Gesti\u00f3n de la Comunicaci\u00f3n en Organizaciones en la Universidad Austral; Titular de la C\u00e1tedra de Deontolog\u00eda en la carrera de Comunicaci\u00f3n en la Universidad Austral. Profesora part time en IAE, Escuela de Direcci\u00f3n y Negocios\/Austral; Investigadora del Centro ICBC Conciliaci\u00f3n Familia y Empresa, CONFyE, en el IAE; Oradora en numerosos congresos y jornadas en el pa\u00eds y en el exterior; autora de art\u00edculos y cap\u00edtulos de libros sobre temas \u00e9ticos de autores contempor\u00e1neos. Coautora de siete libros referidos a temas \u00e9ticos, uno de los cuales \u201dIntegridad, un liderazgo diferente\u201d, escrito con Marcelo Paladino y Patgricia Debeljuh, recibi\u00f3 la Menci\u00f3n de Honor de la Academia de Ciencias de la Empresa. Es partner para las Am\u00e9ricas del premio internacional \u201cPremio FamigliaLavoro\u201d , The International WorkLife Balance Award, de la Regione Lombardia, en colaboraci\u00f3n con ALTIS-Alta Scuola Impresa e Societ\u00e0 dell\u2019Universit\u00e0 Cattolica de Mil\u00e1n. En marzo 2013 fu designada miembro de n\u00famero de la Academia Nacional de Educaci\u00f3n. Es casada, madre de nueve hijos y abuela de diecinueve nietos.<\/span><\/p>\n<p align=\"center\"><span style=\"font-size: small;\"><b><i><span style=\"font-family: Arial;\">Por otras im\u00e1genes, audios o entrevistas no dude en contactarse<\/span><\/i><\/b><\/span><\/p>\n<p align=\"center\"><span style=\"font-size: small;\"><b><i> Contactos de Prensa<\/i><\/b><\/span><\/p>\n<div align=\"center\"><center><\/p>\n<table width=\"100%\" border=\"1\" cellpadding=\"2\" align=\"left\">\n<tbody>\n<tr>\n<td width=\"50%\">\n<p align=\"left\"><strong> <span style=\"color: #ff0000; font-family: Arial; font-size: small;\">Mar\u00eda Bel\u00e9n Ram\u00edrez Ulfeldt<\/span><\/strong><span style=\"font-size: medium;\"><strong><span style=\"color: #808080; font-family: Arial; font-size: small;\"><br \/>\n<\/span> <\/strong><\/span> <span style=\"font-size: xx-small;\"><span style=\"color: #ff0000;\"> Directo<\/span><b>: <\/b> 0230<\/span><span style=\"font-size: xx-small;\">-4664772<br \/>\n<\/span><span style=\"color: #ff0000; font-size: xx-small;\"> Skype:<\/span><span style=\"font-size: xx-small;\"> quasarcomunicacion<br \/>\n<\/span><span style=\"color: #ff0000; font-size: xx-small;\"> Twitter:<\/span><span style=\"font-size: xx-small;\"> @quasarpilar<br \/>\n<\/span><span style=\"color: #ff0000; font-size: xx-small;\"> Gr<\/span><span style=\"color: #ff0000; font-size: xx-small;\">upo y p\u00e1gina en Facebook: <\/span> <span style=\"color: #808080; font-size: xx-small;\">www.facebook.com\/<\/span><a href=\"mailto:mfipata@gmail.com\"><span style=\"font-size: xx-small;\">Quasar<\/span><\/a><span style=\"font-size: xx-small;\">Comunicacion<br \/>\n<\/span><span style=\"color: #ff0000; font-size: xx-small;\"> Web:<\/span><b><\/b> <a href=\"http:\/\/www.quasarcomunicacion.com.ar\/\"> <span style=\"font-size: xx-small;\">www.quasarcomunicacion.com.ar<\/span><\/a><\/p>\n<p align=\"left\"><span style=\"font-size: xx-small;\"> <span style=\"color: #ff0000;\">Mail<\/span><b>:<\/b><\/span><span style=\"font-size: xx-small;\"> <a href=\"mailto:fernanda@quasarcomunicacion.com.ar\"> asistente@quasarcomunicacion.com.ar<\/a><\/span><\/p>\n<\/td>\n<td width=\"50%\">\n<p align=\"right\"><span style=\"font-size: medium;\"><strong> <span style=\"color: #808080; font-family: Arial; font-size: small;\"> Lic. Mar\u00eda Fernanda Ipata &#8211; Directora<br \/>\n<\/span> <\/strong><\/span> <span style=\"font-size: xx-small;\"><span style=\"color: #ff0000;\"><br \/>\nDirecto<\/span><b>: <\/b> 0230<\/span><span style=\"font-size: xx-small;\">-4664772<\/span><span style=\"font-size: xx-small;\"><br \/>\n<\/span><span style=\"font-size: xx-small;\"> <span style=\"color: #ff0000;\">M\u00f3vil:<\/span><b> <\/b> 0230<\/span><span style=\"font-size: xx-small;\">-15-4584535<br \/>\n011-15-6096-4656 ID 558*3763<br \/>\n<\/span><span style=\"color: #ff0000; font-size: xx-small;\"> Skype:<\/span><span style=\"font-size: xx-small;\"> quasarcomunicacion<br \/>\n<\/span><span style=\"color: #ff0000; font-size: xx-small;\"> Twitter:<\/span><span style=\"font-size: xx-small;\"> @quasarpilar<br \/>\n<\/span><span style=\"color: #ff0000; font-size: xx-small;\"> Gr<\/span><span style=\"color: #ff0000; font-size: xx-small;\">upo y p\u00e1gina en Facebook: <\/span> <span style=\"color: #808080; font-size: xx-small;\">www.facebook.com\/<\/span><a href=\"mailto:mfipata@gmail.com\"><span style=\"font-size: xx-small;\">Quasar<\/span><\/a><span style=\"font-size: xx-small;\">Comunicacion<br \/>\n<\/span><span style=\"font-size: xx-small;\"> <span style=\"color: #ff0000;\">LinkedIn<\/span><b>:\u00a0 <\/b><\/span> <span style=\"font-size: xx-small;\"><b> <a href=\"http:\/\/www.linkedin.com\/in\/mfipata\"> http:\/\/www.linkedin.com\/in\/mfipata<\/a><\/b><\/span><span style=\"font-size: xx-small;\"><br \/>\n<\/span><span style=\"color: #ff0000; font-size: xx-small;\"> Web:<\/span><b><\/b> <a href=\"http:\/\/www.quasarcomunicacion.com.ar\/\"> <span style=\"font-size: xx-small;\">www.quasarcomunicacion.com.ar<\/span><\/a><span style=\"font-size: xx-small;\"><br \/>\n<\/span><span style=\"font-size: xx-small;\"> <span style=\"color: #ff0000;\">Mail<\/span><b>:<\/b><\/span><span style=\"font-size: xx-small;\"><a href=\"mailto:fernanda@quasarcomunicacion.com.ar\"> fernanda@quasarcomunicacion.com.ar<\/a><\/span><\/p>\n<\/td>\n<\/tr>\n<\/tbody>\n<\/table>\n<p><\/center><\/div>\n<hr \/>\n<p align=\"left\">\n<p align=\"left\">\n","protected":false},"excerpt":{"rendered":"<p>\u00a0Luego de dos jornadas de intenso trabajo con conferencias y talleres en torno al tema \u00abEnse\u00f1ar a Pensar\u00bb, lleg\u00f3 a [&hellip;]<\/p>\n","protected":false},"author":2,"featured_media":4018,"comment_status":"open","ping_status":"open","sticky":false,"template":"","format":"standard","meta":[],"categories":[2],"tags":[],"_links":{"self":[{"href":"https:\/\/quasarcomunicacion.com.ar\/web\/wp-json\/wp\/v2\/posts\/4017"}],"collection":[{"href":"https:\/\/quasarcomunicacion.com.ar\/web\/wp-json\/wp\/v2\/posts"}],"about":[{"href":"https:\/\/quasarcomunicacion.com.ar\/web\/wp-json\/wp\/v2\/types\/post"}],"author":[{"embeddable":true,"href":"https:\/\/quasarcomunicacion.com.ar\/web\/wp-json\/wp\/v2\/users\/2"}],"replies":[{"embeddable":true,"href":"https:\/\/quasarcomunicacion.com.ar\/web\/wp-json\/wp\/v2\/comments?post=4017"}],"version-history":[{"count":0,"href":"https:\/\/quasarcomunicacion.com.ar\/web\/wp-json\/wp\/v2\/posts\/4017\/revisions"}],"wp:featuredmedia":[{"embeddable":true,"href":"https:\/\/quasarcomunicacion.com.ar\/web\/wp-json\/wp\/v2\/media\/4018"}],"wp:attachment":[{"href":"https:\/\/quasarcomunicacion.com.ar\/web\/wp-json\/wp\/v2\/media?parent=4017"}],"wp:term":[{"taxonomy":"category","embeddable":true,"href":"https:\/\/quasarcomunicacion.com.ar\/web\/wp-json\/wp\/v2\/categories?post=4017"},{"taxonomy":"post_tag","embeddable":true,"href":"https:\/\/quasarcomunicacion.com.ar\/web\/wp-json\/wp\/v2\/tags?post=4017"}],"curies":[{"name":"wp","href":"https:\/\/api.w.org\/{rel}","templated":true}]}}