{"id":4000,"date":"2014-02-14T13:46:22","date_gmt":"2014-02-14T16:46:22","guid":{"rendered":"https:\/\/quasarcomunicacion.com.ar\/web\/?p=4000"},"modified":"2014-02-14T13:46:22","modified_gmt":"2014-02-14T16:46:22","slug":"los-directivos-deben-estudiar-como-enfrentar-la-relacion-con-los-padres-2","status":"publish","type":"post","link":"https:\/\/quasarcomunicacion.com.ar\/web\/los-directivos-deben-estudiar-como-enfrentar-la-relacion-con-los-padres-2\/","title":{"rendered":"C\u00f3mo desarrollar el pensamiento ling\u00fc\u00edstico en el aula"},"content":{"rendered":"<p style=\"text-align: left;\" align=\"center\"><span style=\"font-family: Verdana; font-size: small;\">\u00a0Hoy, en simult\u00e1neo con los dem\u00e1s talleres que se desarrollaron en el \u00faltimo d\u00eda del <\/span><b style=\"font-family: Verdana; font-size: small;\">X Congreso de Educaci\u00f3n<\/b><span style=\"font-family: Verdana; font-size: small;\">, llevado a cabo en la Universidad del Salvador, la Profesora M\u00f3nica Iglesias (Otoneurofoniatra por la Facultad de Medicina de la Universidad del Salvador y Profesora de Sordos y Perturbados del Lenguaje por la misma Universidad) expuso <\/span><b style=\"font-family: Verdana; font-size: small;\">\u201cEstrategias para desarrollar el pensamiento ling\u00fc\u00edstico en el aula\u201d.<\/b><\/p>\n<p><span style=\"font-family: Verdana; font-size: small;\">La propuesta del taller se centr\u00f3 en desarrollar estrategias tendientes a mejorar el nivel de expresi\u00f3n oral en ni\u00f1os de 5 a 12 a\u00f1os.<!--more--><\/span><br \/>\n<a href=\"https:\/\/quasarcomunicacion.com.ar\/web\/wp-content\/uploads\/2014\/02\/lengua1.gif\"><img class=\"aligncenter\" alt=\"lengua1\" src=\"https:\/\/quasarcomunicacion.com.ar\/web\/wp-content\/uploads\/2014\/02\/lengua1.gif\" \/><\/a><br \/>\n<span style=\"font-family: Verdana; font-size: small;\">A lo largo de la jornada, y acompa\u00f1ada por una presentaci\u00f3n de diapositivas que se proyect\u00f3 en la sala, la profesora indag\u00f3 sobre los diferentes tipos de ejercicios aplicables para ni\u00f1os de cada nivel de la primaria, centr\u00e1ndose en los objetivos primordiales para cada etapa.<\/span><br \/>\n<span style=\"font-family: Verdana; font-size: small;\">Hizo hincapi\u00e9 en no subestimar al ni\u00f1o, para as\u00ed enriquecerlo; \u201cEl docente tiene que utilizar un tipo de lenguaje que sea de un nivel m\u00e1s alto que el alumno, si no, no lo enriquezco. Si yo me mimetizo como docente y al nene de tres a\u00f1os le hablo como si yo tuviera la misma edad, si me cuido de c\u00f3mo voy a hablar porque puede no entender, no le estoy aportando ninguna riqueza, no estoy haciendo nada por \u00e9l\u201d explic\u00f3 la profesional. <\/span><br \/>\n<span style=\"font-family: Verdana; font-size: small;\">Ejemplificando su propuesta de llevar al ni\u00f1o \u201cm\u00e1s all\u00e1\u201d, cont\u00f3 el caso de una estrategia que brind\u00f3 resultados sorprendentes; \u201cYo he trabajado con ni\u00f1os de 4 a\u00f1os y con el concepto de fracciones, utilizando alfajores y cuchillitos de pl\u00e1stico, logrando que lo comprendan. Ese es un video que hace unos a\u00f1os llevamos a Harvard a mostrarlo, y sorprendidos me preguntaron la edad de los alumnos, para luego decirme que \u201cSon todos ni\u00f1os muy talentosos\u201d. Y no, simplemente es que utilice una t\u00e9cnica que no los subestim\u00f3, no me fren\u00e9 y dije \u201cno, fracciones es para chicos m\u00e1s grandes\u201d.<\/span><br \/>\n&nbsp;<br \/>\n<span style=\"font-family: Verdana; font-size: small;\">Durante la explicaci\u00f3n, Iglesias, -Vicepresidente Institucional de la Fundaci\u00f3n Ricart- tuvo en cuenta dos aspectos del Lenguaje: el enriquecimiento lexical y, muy especialmente, la optimizaci\u00f3n del uso de estructuras l\u00f3gicas. Adem\u00e1s, mostr\u00f3 ejercicios de ejemplo a los docentes presentes, y dio tips para lograr un mejor aprendizaje a la hora de expandir el lenguaje en los ni\u00f1os. <\/span><br \/>\n<span style=\"font-family: Verdana; font-size: small;\">Sinonimia, antonimia, conectores l\u00f3gicos y temporales (a los cuales se refiri\u00f3 como \u201cpalabras m\u00e1gicas), fueron algunos de los conceptos abarcados. La profesora propuso tambi\u00e9n revalorizar la importancia de las definiciones en los ni\u00f1os peque\u00f1os, concepto que se puede aplicar a trav\u00e9s de las adivinanzas; \u201ces muy importante el trabajo de definici\u00f3n, y esto s\u00ed me parece que no se hace mucho. Es muy importante en el nivel inicial. Dar una estructura de definici\u00f3n es fundamental, porque ir a buscar una palabra en el diccionario tiene que ser el \u00faltimo paso, antes el chico tiene que pensar por contexto y tratar de descifrarlo por s\u00ed mismo\u201d.<\/span><br \/>\n<span style=\"font-family: Verdana; font-size: small;\">Estableci\u00f3 un orden de ense\u00f1anza: primero la gr\u00e1fica u oral y luego la escrita. Aquel ejercicio que se realiz\u00f3 en com\u00fan y en voz alta, o acompa\u00f1ado de im\u00e1genes, luego de que haya sido entendido, reci\u00e9n ah\u00ed se podr\u00e1 traspasar a los ejercicios en papel. <\/span><br \/>\n<span style=\"font-family: Verdana; font-size: small;\">Adem\u00e1s, prest\u00f3 especial atenci\u00f3n a la idea de expandir el vocabulario en cuanto a conectores y a la tarea de unir conceptos a nivel sem\u00e1ntico. Dio ejemplos de c\u00f3mo utilizar el \u201cpero\u201d y el \u201cporque\u201d de formas innovadoras, ampliando el espectro de posibilidades para que los ni\u00f1os no se limiten al significado m\u00e1s pr\u00f3ximo o t\u00edpico de las palabras. M\u00f3nica Iglesias transmiti\u00f3 que el ni\u00f1o puede, cambiando peque\u00f1as partes de la oraci\u00f3n, enriquecerse mucho, (por ejemplo, al corregir las m\u00faltiples repeticiones que suele realizar en cuanto a conectores).<br \/>\nPor \u00faltimo, ofreci\u00f3 un espacio de preguntas y respuestas para que los participantes aclaren todas sus dudas, y adem\u00e1s dej\u00f3 su e-mail para recibir posibles consultas posteriores y, sobre todo, para que los docentes presentes le env\u00eden los resultados de las t\u00e9cnicas que se desarrollaron en el taller y M\u00f3nica propuso se apliquen en el aula. <\/span><br \/>\n<b><span style=\"font-family: Verdana; font-size: small;\">Acerca de la disertante<\/span><\/b><br \/>\n<span style=\"font-family: Verdana; font-size: xx-small;\"><b>Prof. M\u00f3nica Iglesias.<\/b> La expositora es Otoneurofoniatra por la Facultad de Medicina de la Universidad del Salvador y Profesora de Sordos y Perturbados del Lenguaje por la misma Universidad. Se desempe\u00f1\u00f3 como profesora titular de la Universidad del Salvador en las c\u00e1tedras de Estructuraci\u00f3n del Lenguaje, Did\u00e1ctica de la Matem\u00e1tica e Historia de la Educaci\u00f3n. Fue expositora en Congresos de Educaci\u00f3n en nuestro pa\u00eds, en Barcelona (Espa\u00f1a), en Recanatti (Italia) y R\u00edo de Janeiro (Brasil), entre otros. Desde el a\u00f1o 1990 hasta la actualidad se desempe\u00f1a como Vicepresidente Institucional de la Fundaci\u00f3n Ricart, a cargo del departamento pedag\u00f3gico de las tres sedes de los colegios NORBRIGE y como capacitadora del personal docente de los diferentes niveles de dichos colegios y coordinadora general del plan de Capacitaci\u00f3n para Docentes de Gesti\u00f3n Estatal que la Fundaci\u00f3n Ricart tiene a su cargo desde el a\u00f1o 1993 en la provincia de Mendoza.<\/span><\/p>\n<p align=\"center\"><span style=\"font-size: small;\"><b><i><span style=\"font-family: Arial;\">Por otras im\u00e1genes, audios o entrevistas no dude en contactarse<\/span><\/i><\/b><\/span><\/p>\n<p align=\"center\"><span style=\"font-size: small;\"><b><i> Contactos de Prensa<\/i><\/b><\/span><\/p>\n<div align=\"center\"><center><\/p>\n<table width=\"100%\" border=\"1\" cellpadding=\"2\" align=\"left\">\n<tbody>\n<tr>\n<td width=\"50%\">\n<p align=\"left\"><span style=\"font-size: medium;\"><strong> <span style=\"color: #808080; font-family: Arial; font-size: small;\"> Camila Sarmiento &#8211; Asistente de Cuentas<\/span><\/strong><\/span><\/p>\n<p><span style=\"font-size: xx-small;\"><span style=\"color: #ff0000;\"> Directo<\/span><b>: <\/b> 0230<\/span><span style=\"font-size: xx-small;\">-4664772<br \/>\n<\/span><span style=\"color: #ff0000; font-size: xx-small;\"> Skype:<\/span><span style=\"font-size: xx-small;\"> quasarcomunicacion<br \/>\n<\/span><span style=\"color: #ff0000; font-size: xx-small;\"> Twitter:<\/span><span style=\"font-size: xx-small;\"> @quasarpilar<br \/>\n<\/span><span style=\"color: #ff0000; font-size: xx-small;\"> Gr<\/span><span style=\"color: #ff0000; font-size: xx-small;\">upo y p\u00e1gina en Facebook: <\/span> <span style=\"color: #808080; font-size: xx-small;\">www.facebook.com\/<\/span><a href=\"mailto:mfipata@gmail.com\"><span style=\"font-size: xx-small;\">Quasar<\/span><\/a><span style=\"font-size: xx-small;\">Comunicacion<br \/>\n<\/span><span style=\"color: #ff0000; font-size: xx-small;\"> Web:<\/span><b><\/b> <a href=\"http:\/\/www.quasarcomunicacion.com.ar\/\"> <span style=\"font-size: xx-small;\">www.quasarcomunicacion.com.ar<\/span><\/a><\/p>\n<p align=\"left\"><span style=\"font-size: xx-small;\"> <span style=\"color: #ff0000;\">Mail<\/span><b>:<\/b><\/span><span style=\"font-size: xx-small;\"> <a href=\"mailto:fernanda@quasarcomunicacion.com.ar\"> asistente@quasarcomunicacion.com.ar<\/a><\/span><\/p>\n<\/td>\n<td width=\"50%\">\n<p align=\"right\"><span style=\"font-size: medium;\"><strong> <span style=\"color: #808080; font-family: Arial; font-size: small;\"> Lic. Mar\u00eda Fernanda Ipata &#8211; Directora<br \/>\n<\/span> <\/strong><\/span> <span style=\"font-size: xx-small;\"><span style=\"color: #ff0000;\"><br \/>\nDirecto<\/span><b>: <\/b> 0230<\/span><span style=\"font-size: xx-small;\">-4664772<\/span><span style=\"font-size: xx-small;\"><br \/>\n<\/span><span style=\"font-size: xx-small;\"> <span style=\"color: #ff0000;\">M\u00f3vil:<\/span><b> <\/b> 0230<\/span><span style=\"font-size: xx-small;\">-15-4584535<br \/>\n011-15-6096-4656 ID 558*3763<br \/>\n<\/span><span style=\"color: #ff0000; font-size: xx-small;\"> Skype:<\/span><span style=\"font-size: xx-small;\"> quasarcomunicacion<br \/>\n<\/span><span style=\"color: #ff0000; font-size: xx-small;\"> Twitter:<\/span><span style=\"font-size: xx-small;\"> @quasarpilar<br \/>\n<\/span><span style=\"color: #ff0000; font-size: xx-small;\"> Gr<\/span><span style=\"color: #ff0000; font-size: xx-small;\">upo y p\u00e1gina en Facebook: <\/span> <span style=\"color: #808080; font-size: xx-small;\">www.facebook.com\/<\/span><a href=\"mailto:mfipata@gmail.com\"><span style=\"font-size: xx-small;\">Quasar<\/span><\/a><span style=\"font-size: xx-small;\">Comunicacion<br \/>\n<\/span><span style=\"font-size: xx-small;\"> <span style=\"color: #ff0000;\">LinkedIn<\/span><b>:\u00a0 <\/b><\/span> <span style=\"font-size: xx-small;\"><b> <a href=\"http:\/\/www.linkedin.com\/in\/mfipata\"> http:\/\/www.linkedin.com\/in\/mfipata<\/a><\/b><\/span><span style=\"font-size: xx-small;\"><br \/>\n<\/span><span style=\"color: #ff0000; font-size: xx-small;\"> Web:<\/span><b><\/b> <a href=\"http:\/\/www.quasarcomunicacion.com.ar\/\"> <span style=\"font-size: xx-small;\">www.quasarcomunicacion.com.ar<\/span><\/a><span style=\"font-size: xx-small;\"><br \/>\n<\/span><span style=\"font-size: xx-small;\"> <span style=\"color: #ff0000;\">Mail<\/span><b>:<\/b><\/span><span style=\"font-size: xx-small;\"><a href=\"mailto:fernanda@quasarcomunicacion.com.ar\"> fernanda@quasarcomunicacion.com.ar<\/a><\/span><\/p>\n<\/td>\n<\/tr>\n<\/tbody>\n<\/table>\n<p>&nbsp;<br \/>\n<\/center><\/div>\n","protected":false},"excerpt":{"rendered":"<p>\u00a0Hoy, en simult\u00e1neo con los dem\u00e1s talleres que se desarrollaron en el \u00faltimo d\u00eda del X Congreso de Educaci\u00f3n, llevado [&hellip;]<\/p>\n","protected":false},"author":2,"featured_media":4001,"comment_status":"open","ping_status":"open","sticky":false,"template":"","format":"standard","meta":[],"categories":[2],"tags":[],"_links":{"self":[{"href":"https:\/\/quasarcomunicacion.com.ar\/web\/wp-json\/wp\/v2\/posts\/4000"}],"collection":[{"href":"https:\/\/quasarcomunicacion.com.ar\/web\/wp-json\/wp\/v2\/posts"}],"about":[{"href":"https:\/\/quasarcomunicacion.com.ar\/web\/wp-json\/wp\/v2\/types\/post"}],"author":[{"embeddable":true,"href":"https:\/\/quasarcomunicacion.com.ar\/web\/wp-json\/wp\/v2\/users\/2"}],"replies":[{"embeddable":true,"href":"https:\/\/quasarcomunicacion.com.ar\/web\/wp-json\/wp\/v2\/comments?post=4000"}],"version-history":[{"count":0,"href":"https:\/\/quasarcomunicacion.com.ar\/web\/wp-json\/wp\/v2\/posts\/4000\/revisions"}],"wp:featuredmedia":[{"embeddable":true,"href":"https:\/\/quasarcomunicacion.com.ar\/web\/wp-json\/wp\/v2\/media\/4001"}],"wp:attachment":[{"href":"https:\/\/quasarcomunicacion.com.ar\/web\/wp-json\/wp\/v2\/media?parent=4000"}],"wp:term":[{"taxonomy":"category","embeddable":true,"href":"https:\/\/quasarcomunicacion.com.ar\/web\/wp-json\/wp\/v2\/categories?post=4000"},{"taxonomy":"post_tag","embeddable":true,"href":"https:\/\/quasarcomunicacion.com.ar\/web\/wp-json\/wp\/v2\/tags?post=4000"}],"curies":[{"name":"wp","href":"https:\/\/api.w.org\/{rel}","templated":true}]}}