{"id":3987,"date":"2014-02-14T12:28:44","date_gmt":"2014-02-14T15:28:44","guid":{"rendered":"https:\/\/quasarcomunicacion.com.ar\/web\/?p=3987"},"modified":"2014-02-14T12:28:44","modified_gmt":"2014-02-14T15:28:44","slug":"como-enfrentar-el-estres-post-vacacional-2","status":"publish","type":"post","link":"https:\/\/quasarcomunicacion.com.ar\/web\/como-enfrentar-el-estres-post-vacacional-2\/","title":{"rendered":"C\u00f3mo enfrentar el estr\u00e9s post-vacacional"},"content":{"rendered":"<p><img loading=\"lazy\" alt=\"\" src=\"http:\/\/www.quasarcomunicacion.com.ar\/ceeta\/2010\/gabi.gif\" width=\"300\" height=\"225\" align=\"right\" hspace=\"6\" vspace=\"6\" \/><span style=\"font-family: Verdana; font-size: small;\"><i>P<\/i>ara muchos ya se terminaron las vacaciones y\u00a0 comienza el a\u00f1o laboral. Pero en general, luego de este segmento de descanso, la mayor\u00eda de las personas sufren alg\u00fan tipo de angustia o a\u00f1oranza por el ocio perdido.<!--more--><\/span><br \/>\n<span style=\"font-family: Verdana; font-size: small;\">El panorama cambia cuando esa \u201ca\u00f1oranza\u201d, se transforma en algo m\u00e1s: depresi\u00f3n, nerviosismo generalizado, irritabilidad, ansiedad, y hasta a veces, sintomatolog\u00eda f\u00edsica que acompa\u00f1a, lo cual impide continuar con la vida normal. <\/span><br \/>\n<span style=\"font-family: Verdana; font-size: small;\">Seg\u00fan un informe del <b> Centro de Estudios Especializados en Trastornos de Ansiedad (CEETA) <\/b>es este el per\u00edodo en que se nota un crecimiento de las consultas de pacientes que padecen cuadros de Trastornos de Ansiedad tras volver de sus vacaciones. <\/span><\/p>\n<div align=\"center\"><center><\/p>\n<table id=\"AutoNumber4\" width=\"90%\" border=\"0\" cellspacing=\"4\" cellpadding=\"4\">\n<tbody>\n<tr>\n<td bgcolor=\"#ECFFF9\" width=\"100%\"><i> <span style=\"font-family: Verdana; font-size: xx-small;\">El equipo de profesionales del <b>CEETA<\/b><\/span><\/i><span style=\"font-family: Verdana; font-size: xx-small;\"><i> est\u00e1 disponible para consultas o entrevistas sobre el tema. Comunicarse al 0230-4664772 \u00f3 011-15-6096-4656 para concretarlas o enviar un mail a <a href=\"mailto:gabriela@quasarcomunicacion.com.ar\"> fernanda@quasarcomunicacion.com.ar <\/a>\u00a0<\/i><\/span><\/td>\n<\/tr>\n<\/tbody>\n<\/table>\n<p><\/center><\/div>\n<p><span style=\"font-family: Verdana; font-size: small;\">\u201cHoy d\u00eda, es m\u00e1s que frecuente encontrar en nuestras consultas a pacientes que explican que su problema comenz\u00f3 un tiempo luego de las vacaciones, que est\u00e1n nerviosos, angustiados y sobresaltados, todo les preocupa, transpiran mucho, tienen taquicardia y problemas para dormir. En ciertos casos, acompa\u00f1an del relato de una crisis de p\u00e1nico, como corolario\u201d, explica la Lic Gabriela Mart\u00ednez Castro, Directora del <b>CEETA<\/b>. <\/span><br \/>\n<span style=\"font-family: Verdana; font-size: small;\">Esto se da porque durante el per\u00edodo de descanso cambia nuestra rutina, nuestra alimentaci\u00f3n, nos levantamos m\u00e1s tardes, nos acostamos luego de la hora acostumbrada, etc. Luego, una vez en la rutina diaria, cuesta retomar el ritmo habitual del resto del a\u00f1o<\/span><br \/>\n<span style=\"font-family: Verdana; font-size: small;\">Para mitigar o evitar de la mejor manera posible el estr\u00e9s post vacacional <b>CEETA<\/b> brinda algunas recomendaciones: equilibrar en la agenda las horas de sue\u00f1o, tener una alimentaci\u00f3n balanceada, tiempo de ocio y recreaci\u00f3n, fijar per\u00edodos de tiempo dedicado al trabajo, estudio o dem\u00e1s obligaciones, y hacer ejercicio al menos tres veces a la semana. En el orden de lo posible, tomar periodos cortos de descanso durante el a\u00f1o. <\/span><br \/>\n<span style=\"font-family: Verdana; font-size: small;\">Tambi\u00e9n es recomendable resolver los problemas de a uno, dividiendo cada uno en diversos ordenes de complejidad, proponiendo una alternativa de soluci\u00f3n para cada uno, eligiendo la opci\u00f3n m\u00e1s realista posible, o aprendiendo a aceptar que dicho problema no posee soluci\u00f3n. <\/span><br \/>\n<span style=\"font-family: Verdana; font-size: small;\">Es necesario cambiar la visi\u00f3n negativa o catastr\u00f3fica sobre los acontecimientos por suceder, reemplazando esa mirada, por otra m\u00e1s realista y mesurada a la hora de evaluar la realidad. <\/span><br \/>\n<span style=\"font-family: Verdana; font-size: small;\">Y siempre recordar que no hay que intentar controlarlo todo, de hecho, es una tarea ut\u00f3pica <\/span><br \/>\n<span style=\"font-family: Verdana; font-size: small;\">\u201cEn el caso no lograr manejar adecuadamente la situaci\u00f3n de estr\u00e9s, es aconsejable no perder tiempo y evitar que el cuadro avance, ya que puede resultar incapacitante para quien lo padece. Es aconsejable consultar a un experto en la materia, dado que con la terapia cognitivo-conductual (tratamiento de elecci\u00f3n), se hace posible obtener el alta en pocos meses\u201d, concluy\u00f3 la Licenciada Mart\u00ednez Castro. <\/span><br \/>\n<span style=\"font-family: Verdana; font-size: small;\">Los trastornos de ansiedad son variados, pero en lo que al estr\u00e9s post-vacacional se refiere, dos de ellos son los que se destacan: <\/span><br \/>\n<span style=\"font-family: Verdana; font-size: small;\">Por un lado est\u00e1 el Trastorno de P\u00e1nico, que consiste en padecer una crisis inesperada y repentina, que alcanza su m\u00e1xima intensidad a los 10 minutos de haber comenzado, acompa\u00f1ada de algunos s\u00edntomas f\u00edsicos como la taquicardia, temblores, sudoraci\u00f3n, visi\u00f3n borrosa mareos u sensaci\u00f3n de inestabilidad, dificultades gastrointestinales, sensaci\u00f3n de ahogo y de un intenso terror a morir, perder el control o volverse loco. <\/span><br \/>\n<span style=\"font-family: Verdana; font-size: small;\">\u201cEn general la persona teme volver a padecer otra crisis, y por tal motivo, va restringiendo las actividades de su vida cotidiana, hasta quedar incapacitado por el miedo, y bajo la dependencia de otros, por temor a necesitar recibir ayuda en caso de una nueva crisis\u201d, agrega la Lic. Mart\u00ednez Castro. <\/span><br \/>\n<span style=\"font-family: Verdana; font-size: small;\">Otro tipo, es el trastorno de ansiedad generalizada, se trata de una preocupaci\u00f3n excesiva, por diferentes tem\u00e1ticas que pueden ser o no graves, reconociendo que la magnitud de la preocupaci\u00f3n sobrepasa los motivos que la suscitan, sin lograr controlarla., adem\u00e1s de no poder jerarquizar adecuadamente el orden de importancia de los problemas que lo preocupan. Quien lo padece, vive sobresaltado, irritable, fatigado, con dificultades en el sue\u00f1o, temblores, sudoraci\u00f3n, sensaci\u00f3n de ahogo o atragantamiento, palpitaciones problemas gastrointestinales , hasta puede padecer una crisis de p\u00e1nico. <\/span><br \/>\n<span style=\"font-family: Verdana; font-size: small;\">\u201cEs altamente probable desencadenar un trastorno de ansiedad generalizada luego de un per\u00edodo de descanso, como lo son las vacaciones, cuando el individuo vuelve a tomar contacto con las obligaciones cotidianas, puesto que la preocupaci\u00f3n indiscriminada por todas las tem\u00e1ticas, est\u00e1 al acecho. Este tipo de trastorno podr\u00eda ser el que mayor merece el nombre de \u201cestr\u00e9s post-vacacional\u201d, asegura Mart\u00ednez Castro. <\/span><br \/>\n<span style=\"font-family: Verdana; font-size: small;\">Cabe destacar, que no cualquier persona puede sufrir de Trastorno de Ansiedad Generalizada, sino aquellas que tengan predisposici\u00f3n gen\u00e9tica para hacerlo, adem\u00e1s de haber crecido dentro de un entorno temeroso, sobre protector y ansioso. Tambi\u00e9n, por \u00faltimo, disponer de un elemento estresante que desencadene la enfermedad.<\/span><br \/>\n<span style=\"font-family: Verdana; font-size: small;\">El <b>Centro de Estudios Especializados en Trastornos de Ansiedad (CEETA)<\/b> tiene su sede central en el Edificio Concord-Sector Los Almendros-piso segundo Oficina 202. Km 50 de la ruta Panamericana ramal Pilar. Tel\u00e9fono: 0230-4667175 \u00f3 al Celular 15-4416-1578 <a href=\"http:\/\/www.ceeta.org\/\">www.ceeta.org<\/a>\u00a0 Tambi\u00e9n tiene sedes en\u00a0 Parque Patricios, Barrio Norte, Belgrano, San Isidro, Mor\u00f3n y tambi\u00e9n en Madrid (Espa\u00f1a)<\/span><\/p>\n<p align=\"center\"><span style=\"font-family: Verdana; font-size: small;\">Acceso a toda la informaci\u00f3n ingresando en <a href=\"https:\/\/quasarcomunicacion.com.ar\/web\/ceeta\/\"> https:\/\/quasarcomunicacion.com.ar\/web\/ceeta\/<\/a> <\/span><\/p>\n","protected":false},"excerpt":{"rendered":"<p>Para muchos ya se terminaron las vacaciones y\u00a0 comienza el a\u00f1o laboral. Pero en general, luego de este segmento de [&hellip;]<\/p>\n","protected":false},"author":2,"featured_media":0,"comment_status":"open","ping_status":"open","sticky":false,"template":"","format":"standard","meta":[],"categories":[2],"tags":[],"_links":{"self":[{"href":"https:\/\/quasarcomunicacion.com.ar\/web\/wp-json\/wp\/v2\/posts\/3987"}],"collection":[{"href":"https:\/\/quasarcomunicacion.com.ar\/web\/wp-json\/wp\/v2\/posts"}],"about":[{"href":"https:\/\/quasarcomunicacion.com.ar\/web\/wp-json\/wp\/v2\/types\/post"}],"author":[{"embeddable":true,"href":"https:\/\/quasarcomunicacion.com.ar\/web\/wp-json\/wp\/v2\/users\/2"}],"replies":[{"embeddable":true,"href":"https:\/\/quasarcomunicacion.com.ar\/web\/wp-json\/wp\/v2\/comments?post=3987"}],"version-history":[{"count":0,"href":"https:\/\/quasarcomunicacion.com.ar\/web\/wp-json\/wp\/v2\/posts\/3987\/revisions"}],"wp:attachment":[{"href":"https:\/\/quasarcomunicacion.com.ar\/web\/wp-json\/wp\/v2\/media?parent=3987"}],"wp:term":[{"taxonomy":"category","embeddable":true,"href":"https:\/\/quasarcomunicacion.com.ar\/web\/wp-json\/wp\/v2\/categories?post=3987"},{"taxonomy":"post_tag","embeddable":true,"href":"https:\/\/quasarcomunicacion.com.ar\/web\/wp-json\/wp\/v2\/tags?post=3987"}],"curies":[{"name":"wp","href":"https:\/\/api.w.org\/{rel}","templated":true}]}}