{"id":3978,"date":"2014-02-13T14:55:12","date_gmt":"2014-02-13T17:55:12","guid":{"rendered":"https:\/\/quasarcomunicacion.com.ar\/web\/?p=3978"},"modified":"2014-02-13T14:55:12","modified_gmt":"2014-02-13T17:55:12","slug":"blejmar-hablo-sobre-las-capacidades-de-los-individuos-en-la-gestion","status":"publish","type":"post","link":"https:\/\/quasarcomunicacion.com.ar\/web\/blejmar-hablo-sobre-las-capacidades-de-los-individuos-en-la-gestion\/","title":{"rendered":"Blejmar habl\u00f3 sobre las capacidades de los individuos en la gesti\u00f3n"},"content":{"rendered":"<p><a href=\"https:\/\/quasarcomunicacion.com.ar\/web\/wp-content\/uploads\/2014\/02\/blejman.gif\"><img class=\"alignright\" alt=\"blejman\" src=\"https:\/\/quasarcomunicacion.com.ar\/web\/wp-content\/uploads\/2014\/02\/blejman.gif\" \/><\/a><\/p>\n<p style=\"text-align: left;\" align=\"center\"><span style=\"font-family: Verdana; font-size: small;\">El<b> X Congreso de Educaci\u00f3n \u00abEnse\u00f1ar a pensar\u00bb <\/b>continu\u00f3 su primera jornada, en el Auditorio del Campus de la Universidad del Salvador, con la conferencia <b>\u201cEl lado subjetivo de la gesti\u00f3n\u201d <\/b>a cargo del licenciado en Ciencias de la Educaci\u00f3n de la UBA, Bernardo Blejmar.<!--more--><\/span><\/p>\n<p>\u00a0<span style=\"font-family: Verdana; font-size: small;\">La idea central de la charla fue lo que el profesor denomin\u00f3 la \u201cGesti\u00f3n organizacional o educativa\u201d, enfoque que centra la cuesti\u00f3n de las capacidades de los individuos a la hora de gestionar, de hacer que las cosas sucedan. Para ello, afirma que es importante reconocer no s\u00f3lo las competencias t\u00e9cnicas de las personas (competencias que vienen con una formaci\u00f3n especifica), sino tambi\u00e9n las competencias personales, ya que de alg\u00fan modo, estas \u00faltimas son las que alimentan y potencian las habilidades t\u00e9cnicas.<\/span><br \/>\n<span style=\"font-family: Verdana; font-size: small;\">En su libro \u201cEl lado subjetivo de la gesti\u00f3n\u201d, aborda la misma tem\u00e1tica desde una perspectiva diferente a la investigada por otros autores, considerando que la persona que ocupa la funci\u00f3n directiva debe reunir al menos tres requisitos: conocer t\u00e9cnicamente su funci\u00f3n (saberes te\u00f3ricos y herramientas pr\u00e1cticas), tener habilidades para observar, tratar al personal, comunicar, decidir, resolver conflictos, negociar, escuchar, facilitar procesos, etc., y valorar las opiniones ajenas, lo cual lo llevar\u00e1 a ser participativo. <\/span><br \/>\n<a href=\"https:\/\/quasarcomunicacion.com.ar\/web\/wp-content\/uploads\/2014\/02\/blejman2.gif\"><img class=\"aligncenter\" alt=\"blejman2\" src=\"https:\/\/quasarcomunicacion.com.ar\/web\/wp-content\/uploads\/2014\/02\/blejman2.gif\" \/><\/a><br \/>\n<span style=\"font-family: Verdana; font-size: small;\">Blejmar, quien adem\u00e1s se desempe\u00f1a como profesor en Gesti\u00f3n de Cambio de la Universidad de San Andr\u00e9s, considera que hay tres palancas que ayudan a gestionar mejor, las cuales son: la gente, la estrategia, los recursos y por \u00faltimo, un factor no menos importante que es la suerte. Y con gestionar se refiere a \u201chacer que las cosas sucedan\u201d, a lograr a obtener aquello que nos propongamos. <\/span><br \/>\n<span style=\"font-family: Verdana; font-size: small;\">\u201cLa educaci\u00f3n, en definitiva, se propone no solo objetivos sino tambi\u00e9n obtener resultados, por ejemplo la idea del congreso \u201cEnse\u00f1ar a pensar\u201d, uno podr\u00eda decir este es un objetivo. La gran pregunta que tenemos desde la gesti\u00f3n es c\u00f3mo eso se plasma en un resultado, y el resultado ser\u00eda que aquellos a los cuales va dirigido este enfoque terminen pensando mejor, m\u00e1s productiva y eficazmente de lo que piensan ahora. Por lo tanto la gesti\u00f3n se ocupa de c\u00f3mo se hace aquello que se quiere hacer. Si ense\u00f1ar a pensar es un objetivo, la gesti\u00f3n debe dar cuenta de c\u00f3mo se llega a ese lugar; y por eso la gesti\u00f3n se vincula con la pr\u00e1ctica, con la intervenci\u00f3n\u2026\u201d. <\/span><br \/>\n<span style=\"font-family: Verdana; font-size: small;\">\u201cMe parece maravilloso que exista un espacio donde los docentes, los directores, puedan juntos construir capital social y no s\u00f3lo aprender de las conferencias sino tambi\u00e9n de los comentarios entre ellos que es activar su propia educaci\u00f3n\u201d, continu\u00f3.<\/span><br \/>\n<span style=\"font-family: Verdana; font-size: small;\">Por \u00faltimo, el licenciado plantea la gesti\u00f3n como un desaf\u00edo permanente en el cual nadie termina nunca de ser director, ya que las circunstancias cambian y hay que aprender a adaptarse y responder por ellas.<\/span><br \/>\n<b><span style=\"font-family: Verdana; font-size: small;\">Acerca de Lic. Bernardo Blejmar <\/span><\/b><br \/>\n<span style=\"font-family: Verdana; font-size: xx-small;\">Bernardo Blejmar es profesor de Educaci\u00f3n F\u00edsica (INEF Gral. Manuel Belgrano) y licenciado en Ciencias de la Educaci\u00f3n (UBA). Fue director de la maestr\u00eda de Psicolog\u00eda Organizacional de la Universidad de Belgrano.<br \/>\nSe desempe\u00f1a como profesor en Gesti\u00f3n de Cambio de la Universidad de San Andr\u00e9s (Escuela de Educaci\u00f3n y posgrado de Recursos Humanos), como consultor y facilitador de temas de gesti\u00f3n y cambio en el programa de Naciones Unidas para el Desarrollo (PNUD) en Transparencia Internacional, Ford Foundation, empresas, organismos gubernamentales y en organizaciones de la sociedad civil. Es autor de Gestionar es hacer que las cosas sucedan (editorial Novedades educativas) y compilador de Liderazgo y desarrollo sustentable (editorial Manantial). <\/span><br \/>\n<span style=\"font-family: Verdana; font-size: small;\">De esta manera se dio inicio al <b>X Congreso de Educaci\u00f3n<\/b> organizado por el Polo Educativo Pilar que contar\u00e1 con el siguiente temario:<\/span><br \/>\n<span style=\"font-family: Verdana; font-size: small;\"><span style=\"text-decoration: underline;\"><b>Jueves 13 de Febrero<\/b><\/span><\/span><br \/>\n<span style=\"font-family: Verdana; font-size: small;\"><b>12:45 <\/b>&#8211; Almuerzo libre <\/span><br \/>\n<span style=\"font-family: Verdana; font-size: small;\"><b>14:00\u00a0 <\/b>Talleres\u00a0 <\/span><br \/>\n<span style=\"font-family: Verdana; font-size: small;\"><b>\u201cHERRAMIENTAS PARA HACER EL PENSAMIENTO VISIBLE\u201d, DE LA TEOR\u00cdA AL AULA DE CLASE\u201d<\/b>, por la Lic. Ana Mar\u00eda Fern\u00e1ndez <\/span><br \/>\n<span style=\"font-family: Verdana; font-size: small;\"><b>\u201cINTEGRACI\u00d3N EN ESCUELA COM\u00daN \u2013 MISI\u00d3N POSIBLE\u201d<\/b>, por la Prof. Mar\u00eda Ana Pena de Fern\u00e1ndez L\u00f6bbe; la Lic. Cecilia M. Alcalde y la Lic. Mar\u00eda Constanza Orbaiz <\/span><br \/>\n<span style=\"font-family: Verdana; font-size: small;\"><b>\u201cRESPONSABILIDAD CIVIL EN LAS ESCUELAS\u201d<\/b>, por la Dra. Graciela Mart\u00ednez Cuerda <\/span><br \/>\n<span style=\"font-family: Verdana; font-size: small;\"><b>15:30 <\/b>&#8211; Coffee <\/span><br \/>\n<span style=\"font-family: Verdana; font-size: small;\">15:45 Talleres<\/span><br \/>\n<span style=\"font-family: Verdana; font-size: small;\"><b>\u201cHERRAMIENTAS PARA HACER EL PENSAMIENTO VISIBLE\u201d, DE LA TEOR\u00cdA AL AULA DE CLASE\u201d<\/b>, por la Lic. Ana Mar\u00eda Fern\u00e1ndez <\/span><br \/>\n<span style=\"font-family: Verdana; font-size: small;\"><b>\u201cINTEGRACI\u00d3N EN ESCUELA COM\u00daN \u2013 MISI\u00d3N POSIBLE\u201d<\/b>, por la Prof. Mar\u00eda Ana Pena de Fern\u00e1ndez L\u00f6bbe; la Lic. Cecilia M. Alcalde y la Lic. Mar\u00eda Constanza Orbaiz <\/span><br \/>\n<span style=\"font-family: Verdana; font-size: small;\"><b>17:00<\/b> \u2013 Fin de las actividades del d\u00eda.<\/span><br \/>\n<span style=\"text-decoration: underline;\"><b><span style=\"font-family: Verdana; font-size: small;\">Viernes 14 de Febrero <\/span> <\/b><\/span><br \/>\n<span style=\"font-family: Verdana; font-size: small;\"><b>09:30 &#8211; Talleres <\/b>(los mismos talleres vuelven a repetirse en el horario de las 11:30)<\/span><br \/>\n<span style=\"font-family: Verdana; font-size: small;\"><b>\u201cLA FAMILIA, UN PUNTO CLAVE PARA LA AGENDA DEL DIRECTIVO\u201d<\/b> &#8211; Lic. Dolores Dimier de Vicente <\/span><br \/>\n<span style=\"font-family: Verdana; font-size: small;\"><b>\u201cESTRATEGIAS PARA DESARROLLAR EL PENSAMIENTO LING\u00db\u00cdSTICO EN EL AULA\u201d<\/b>. Prof. M\u00f3nica Iglesias<\/span><br \/>\n<span style=\"font-family: Verdana; font-size: small;\"><b>\u201cAPRENDER A PENSAR CON TIC\u201d.<\/b> Prof. Susana Giambruni y Prof. Gabriela Pandiello <\/span><br \/>\n<span style=\"font-family: Verdana; font-size: small;\"><b>11:00<\/b> &#8211; Coffee <\/span><br \/>\n<span style=\"font-family: Verdana; font-size: small;\"><b>11:30 <\/b>&#8211; <b>Talleres<\/b> (Se repiten los mismos talleres de las 09:30) <\/span><br \/>\n<span style=\"font-family: Verdana; font-size: small;\"><b>\u201cLA FAMILIA, UN PUNTO CLAVE PARA LA AGENDA DEL DIRECTIVO\u201d<\/b> &#8211; Lic. Dolores Dimier de Vicente <\/span><br \/>\n<span style=\"font-family: Verdana; font-size: small;\"><b>\u201cESTRATEGIAS PARA DESARROLLAR EL PENSAMIENTO LING\u00db\u00cdSTICO EN EL AULA\u201d<\/b>. Prof. M\u00f3nica Iglesias <\/span><br \/>\n<span style=\"font-family: Verdana; font-size: small;\"><b>\u201cAPRENDER A PENSAR CON TIC\u201d<\/b>. Prof. Susana Giambruni y Prof. Gabriela Pandiello <\/span><br \/>\n<span style=\"font-family: Verdana; font-size: small;\"><b>13:00<\/b> &#8211; Almuerzo libre <\/span><br \/>\n<span style=\"font-family: Verdana; font-size: small;\"><b>14:00 <\/b>\u2013 Conferencia<br \/>\n\u00ab<b>ESCUELA P\u00daBLICA Y EXCELENCIA EDUCATIVA\u00bb &#8211; <\/b>Prof. Dr. Jaime Rebolledo Alfaro<\/span><br \/>\n<span style=\"font-family: Verdana; font-size: small;\"><b>\u00abGESTI\u00d3N MUNICIPAL AL SERVICIO DE LA EDUCACI\u00d3N\u00bb<\/b> &#8211; Prof. Dr. Hugo Naim Gebrie Asfura <\/span><br \/>\n<span style=\"font-family: Verdana; font-size: small;\"><b>15:30 <\/b>&#8211; Coffee <\/span><br \/>\n<span style=\"font-family: Verdana; font-size: small;\"><b>15:45 &#8211;<\/b> Conferencia de cierre<br \/>\n<b>\u201cLA EDUCACI\u00d3N COMO ENCUENTRO\u201d<\/b>. &#8211; Prof. Dra. Paola Delbosco<\/span><br \/>\n<b>17:00 <\/b>&#8211; Fin de las actividades y cierre del Congreso.<\/p>\n<p align=\"center\"><span style=\"font-size: small;\"><b><i><span style=\"font-family: Arial;\">Por otras im\u00e1genes, audios o entrevistas no dude en contactarse<\/span><\/i><\/b><\/span><\/p>\n<p align=\"center\"><span style=\"font-size: small;\"><b><i> Contactos de Prensa<\/i><\/b><\/span><\/p>\n<div align=\"center\"><center><\/p>\n<table width=\"100%\" border=\"1\" cellpadding=\"2\" align=\"left\">\n<tbody>\n<tr>\n<td width=\"50%\">\n<p align=\"left\"><strong> <span style=\"color: #ff0000; font-family: Arial; font-size: small;\">Mar\u00eda Bel\u00e9n Ram\u00edrez Ulfeldt<\/span><\/strong><\/p>\n<p><span style=\"font-size: xx-small;\"><span style=\"color: #ff0000;\"> Directo<\/span><b>: <\/b> 0230<\/span><span style=\"font-size: xx-small;\">-4664772<br \/>\n<\/span><span style=\"color: #ff0000; font-size: xx-small;\"> Skype:<\/span><span style=\"font-size: xx-small;\"> quasarcomunicacion<br \/>\n<\/span><span style=\"color: #ff0000; font-size: xx-small;\"> Twitter:<\/span><span style=\"font-size: xx-small;\"> @quasarpilar<br \/>\n<\/span><span style=\"color: #ff0000; font-size: xx-small;\"> Gr<\/span><span style=\"color: #ff0000; font-size: xx-small;\">upo y p\u00e1gina en Facebook: <\/span> <span style=\"color: #808080; font-size: xx-small;\">www.facebook.com\/<\/span><a href=\"mailto:mfipata@gmail.com\"><span style=\"font-size: xx-small;\">Quasar<\/span><\/a><span style=\"font-size: xx-small;\">Comunicacion<br \/>\n<\/span><span style=\"color: #ff0000; font-size: xx-small;\"> Web:<\/span><b><\/b> <a href=\"http:\/\/www.quasarcomunicacion.com.ar\/\"> <span style=\"font-size: xx-small;\">www.quasarcomunicacion.com.ar<\/span><\/a><\/p>\n<p align=\"left\"><span style=\"font-size: xx-small;\"> <span style=\"color: #ff0000;\">Mail<\/span><b>:<\/b><\/span><span style=\"font-size: xx-small;\"> <a href=\"mailto:fernanda@quasarcomunicacion.com.ar\"> asistente@quasarcomunicacion.com.ar<\/a><\/span><\/p>\n<\/td>\n<td width=\"50%\">\n<p align=\"right\"><span style=\"font-size: medium;\"><strong> <span style=\"color: #808080; font-family: Arial; font-size: small;\"> Lic. Mar\u00eda Fernanda Ipata &#8211; Directora<br \/>\n<\/span> <\/strong><\/span> <span style=\"font-size: xx-small;\"><span style=\"color: #ff0000;\"><br \/>\nDirecto<\/span><b>: <\/b> 0230<\/span><span style=\"font-size: xx-small;\">-4664772<\/span><span style=\"font-size: xx-small;\"><br \/>\n<\/span><span style=\"font-size: xx-small;\"> <span style=\"color: #ff0000;\">M\u00f3vil:<\/span><b> <\/b> 0230<\/span><span style=\"font-size: xx-small;\">-15-4584535<br \/>\n011-15-6096-4656 ID 558*3763<br \/>\n<\/span><span style=\"color: #ff0000; font-size: xx-small;\"> Skype:<\/span><span style=\"font-size: xx-small;\"> quasarcomunicacion<br \/>\n<\/span><span style=\"color: #ff0000; font-size: xx-small;\"> Twitter:<\/span><span style=\"font-size: xx-small;\"> @quasarpilar<br \/>\n<\/span><span style=\"color: #ff0000; font-size: xx-small;\"> Gr<\/span><span style=\"color: #ff0000; font-size: xx-small;\">upo y p\u00e1gina en Facebook: <\/span> <span style=\"color: #808080; font-size: xx-small;\">www.facebook.com\/<\/span><a href=\"mailto:mfipata@gmail.com\"><span style=\"font-size: xx-small;\">Quasar<\/span><\/a><span style=\"font-size: xx-small;\">Comunicacion<br \/>\n<\/span><span style=\"font-size: xx-small;\"> <span style=\"color: #ff0000;\">LinkedIn<\/span><b>:\u00a0 <\/b><\/span> <span style=\"font-size: xx-small;\"><b> <a href=\"http:\/\/www.linkedin.com\/in\/mfipata\"> http:\/\/www.linkedin.com\/in\/mfipata<\/a><\/b><\/span><span style=\"font-size: xx-small;\"><br \/>\n<\/span><span style=\"color: #ff0000; font-size: xx-small;\"> Web:<\/span><b><\/b> <a href=\"http:\/\/www.quasarcomunicacion.com.ar\/\"> <span style=\"font-size: xx-small;\">www.quasarcomunicacion.com.ar<\/span><\/a><span style=\"font-size: xx-small;\"><br \/>\n<\/span><span style=\"font-size: xx-small;\"> <span style=\"color: #ff0000;\">Mail<\/span><b>:<\/b><\/span><span style=\"font-size: xx-small;\"><a href=\"mailto:fernanda@quasarcomunicacion.com.ar\"> fernanda@quasarcomunicacion.com.ar<\/a><\/span><\/p>\n<\/td>\n<\/tr>\n<\/tbody>\n<\/table>\n<p>&nbsp;<br \/>\n<\/center><\/div>\n<hr \/>\n<p align=\"left\">\n","protected":false},"excerpt":{"rendered":"<p>El X Congreso de Educaci\u00f3n \u00abEnse\u00f1ar a pensar\u00bb continu\u00f3 su primera jornada, en el Auditorio del Campus de la Universidad [&hellip;]<\/p>\n","protected":false},"author":2,"featured_media":3979,"comment_status":"open","ping_status":"open","sticky":false,"template":"","format":"standard","meta":[],"categories":[2],"tags":[],"_links":{"self":[{"href":"https:\/\/quasarcomunicacion.com.ar\/web\/wp-json\/wp\/v2\/posts\/3978"}],"collection":[{"href":"https:\/\/quasarcomunicacion.com.ar\/web\/wp-json\/wp\/v2\/posts"}],"about":[{"href":"https:\/\/quasarcomunicacion.com.ar\/web\/wp-json\/wp\/v2\/types\/post"}],"author":[{"embeddable":true,"href":"https:\/\/quasarcomunicacion.com.ar\/web\/wp-json\/wp\/v2\/users\/2"}],"replies":[{"embeddable":true,"href":"https:\/\/quasarcomunicacion.com.ar\/web\/wp-json\/wp\/v2\/comments?post=3978"}],"version-history":[{"count":0,"href":"https:\/\/quasarcomunicacion.com.ar\/web\/wp-json\/wp\/v2\/posts\/3978\/revisions"}],"wp:featuredmedia":[{"embeddable":true,"href":"https:\/\/quasarcomunicacion.com.ar\/web\/wp-json\/wp\/v2\/media\/3979"}],"wp:attachment":[{"href":"https:\/\/quasarcomunicacion.com.ar\/web\/wp-json\/wp\/v2\/media?parent=3978"}],"wp:term":[{"taxonomy":"category","embeddable":true,"href":"https:\/\/quasarcomunicacion.com.ar\/web\/wp-json\/wp\/v2\/categories?post=3978"},{"taxonomy":"post_tag","embeddable":true,"href":"https:\/\/quasarcomunicacion.com.ar\/web\/wp-json\/wp\/v2\/tags?post=3978"}],"curies":[{"name":"wp","href":"https:\/\/api.w.org\/{rel}","templated":true}]}}