{"id":3974,"date":"2014-02-13T12:06:24","date_gmt":"2014-02-13T15:06:24","guid":{"rendered":"https:\/\/quasarcomunicacion.com.ar\/web\/?p=3974"},"modified":"2014-02-13T12:06:24","modified_gmt":"2014-02-13T15:06:24","slug":"la-mala-praxis-docente-es-tan-grave-como-la-del-medico-dijo-la-lic-ana-maria-fernandez","status":"publish","type":"post","link":"https:\/\/quasarcomunicacion.com.ar\/web\/la-mala-praxis-docente-es-tan-grave-como-la-del-medico-dijo-la-lic-ana-maria-fernandez\/","title":{"rendered":"\u201cLa mala praxis docente es tan grave como la del m\u00e9dico\u201d, dijo la Lic. Ana Mar\u00eda Fern\u00e1ndez"},"content":{"rendered":"<p style=\"text-align: left;\" align=\"center\">\u00a0<span style=\"font-family: Verdana; font-size: small;\">El<b> X Congreso de Educaci\u00f3n<\/b> organizado por el <b>Polo Educativo Pilar<\/b> en el Auditorio del Campus de la Universidad del Salvador inici\u00f3 sus actividades con la conferencia \u201c<b>El Poder de hacer el Pensamiento Visible\u201d<\/b> a cargo de la Lic Ana Mar\u00eda Fern\u00e1ndez, Fundadora y coordinadora curricular de Education First Inc. USA. Luego la misma especialista brind\u00f3 un taller donde aport\u00f3<b> \u201cHerramientas para hacer el Pensamiento Visible. De la teor\u00eda al aula de clase\u201d.<!--more--><\/b><\/span><\/p>\n<p><a href=\"https:\/\/quasarcomunicacion.com.ar\/web\/wp-content\/uploads\/2014\/02\/anafernandez2.gif\"><img class=\"aligncenter\" alt=\"anafernandez2\" src=\"https:\/\/quasarcomunicacion.com.ar\/web\/wp-content\/uploads\/2014\/02\/anafernandez2.gif\" \/><\/a><br \/>\n<span style=\"font-family: Verdana; font-size: small;\">Respecto de los aportes de su conferencia, la especialista asegur\u00f3 que \u201cdurante la exposici\u00f3n vamos hablar sobre qu\u00e9 es lo que est\u00e1 pasando en el mundo, y por qu\u00e9 se hace primordial que los educadores que no se han despertado se despierten y los que ya se despertaron que encuentren nuevas herramientas para fomentar el pensamiento\u201d.<\/span><br \/>\n<span style=\"font-family: Verdana; font-size: small;\">Luego agreg\u00f3 que \u201cabordaremos los \u00faltimos avances en la investigaci\u00f3n del cerebro, mente y su relaci\u00f3n con la educaci\u00f3n. Estamos educando con lo que nos contaron que serv\u00eda y no necesariamente fundamentados con lo que ya sabemos sobre el cerebro\u201d. <\/span><br \/>\n<span style=\"font-family: Verdana; font-size: small;\">\u201cPor ese motivo es crucial que los educadores, as\u00ed como los m\u00e9dicos, usemos las estrategias que funcionan hoy. Es decir, hablamos de la \u201cmala praxis del docente\u201d. Un docente que usa las tecnolog\u00edas o estrategias de hace 300 a\u00f1os. Es como un m\u00e9dico que opera con instrumental de hace 300 a\u00f1os\u201d, dijo<\/span><br \/>\n<span style=\"font-family: Verdana; font-size: small;\">Durante la conferencia y el taller brindado por la Lic Fern\u00e1ndez, se habl\u00f3 de estrategias puntuales, \u201cpara darnos permiso como educadores a cambiar esos paradigmas que arrastramos. Los educadores estamos en un paradigma de que nos tenemos que saber todo, y en este momento de transici\u00f3n de la educaci\u00f3n, los educadores tenemos que vernos a si mismo como aprendices y adquirir las herramientas nosotros mismos\u201d, dijo.<\/span><br \/>\n<span style=\"font-family: Verdana; font-size: small;\">Tal es as\u00ed que la conferencia incluye un video sobre los paradigmas y la necesidad de un cambio en este aspecto<\/span><br \/>\n<span style=\"font-family: Verdana; font-size: small;\">Es de destacar que, seg\u00fan la licenciada, la educaci\u00f3n tradicionalmente se ha enfocado en proveer informaci\u00f3n al estudiante. La informaci\u00f3n provista es memorizada por el estudiante, quien posteriormente ser\u00e1 evaluado en su adquisici\u00f3n de conocimiento. La educaci\u00f3n en general no ha dado un espacio espec\u00edfico para el desarrollo del pensamiento y los h\u00e1bitos de mente, estos han sido m\u00ednimamente adquiridos en forma tangencial al proceso educativo tradicional. El individuo del siglo 21 requiere de nuevas habilidades. El enfoque educativo de hoy no provee las competencias necesarias para incorporarse adecuadamente al mundo de hoy. Esta conferencia se enfoca en las estrategias que participan en el desarrollo del proceso de pensamiento, los h\u00e1bitos y disposiciones de mente <\/span><br \/>\n<span style=\"font-family: Verdana; font-size: small;\">En el taller que se desarroll\u00f3 por la tarde, se vivieron las experiencias, se trata de practicar un poco las rutinas de pensamiento que propone la Universidad de Harvard y abordar m\u00e1s sobre el tema y poder salir ya con las herramientas primarias para poder usar en el aula.<\/span><br \/>\n<span style=\"font-family: Verdana; font-size: small;\">Al ser consultada sobre c\u00f3mo toman los docentes esta necesidad de cambio y actualizaci\u00f3n, Fern\u00e1ndez asegur\u00f3 que \u201cinicialmente es como \u201cAqu\u00ed no se puede, eso funciona en Estados Unidos. Y en Estados Unidos te dicen, esto funciona en Europa\u201d. Inicialmente hay incertidumbre, ya que cuesta el cambio, atemoriza. Pero lo que yo les digo es que si uno no se mete al agua, no aprende a nadar. Entonces la invitaci\u00f3n es a meterse al agua, y cuando empieza realmente a implementarlo se empiezan a dar cuenta que era much\u00edsimo mas sencillo de lo que imagin\u00e1bamos\u201d. <\/span><br \/>\n<span style=\"font-family: Verdana; font-size: small;\">La especialista que ya aplica el m\u00e9todo en colegios de la Argentina, indica que \u201ceto no es una utop\u00eda, aqu\u00ed en Argentina ya hay varios colegios con los que estamos trabajando , en donde ya la gente puede ir y ver c\u00f3mo funciona desde el nivel inicial, maternal hasta bachillerato\u201d<\/span><br \/>\n<span style=\"font-family: Verdana; font-size: small;\">Fern\u00e1ndez es responsable de hacer la formaci\u00f3n de los docentes, brindando el acompa\u00f1amiento y coaching. Adem\u00e1s capacita a los l\u00edderes de esos colegios.<br \/>\n\u201cLo que nos pasa muchas veces es que asistimos a conferencias sobre lo cual nunca m\u00e1s volvemos a o\u00edr y se supone que tengo que traducir la teor\u00eda a la pr\u00e1ctica y eso se hace muy complejo\u201d, explic\u00f3<\/span><br \/>\n<span style=\"font-family: Verdana; font-size: small;\">\u201cEntonces hacemos un trabajo paralelo con docentes y l\u00edderes, para construir futuros pensadores en las organizaciones\u201d. <\/span><br \/>\n<span style=\"font-family: Verdana; font-size: small;\"><b>Acerca de la Lic. Ana Mar\u00eda Fern\u00e1ndez<\/b><\/span><span style=\"font-family: Verdana; font-size: xx-small;\"><br \/>\nFundadora y coordinadora curricular de Education First Inc. USA. Licenciada en Educaci\u00f3n Prescolar, Universidad de San Buenaventura, Bogot\u00e1, Colombia. Magister en Administraci\u00f3n Educativa Internacional, College of New Jersey, USA. Programa internacional. Entrenadora internacional certificada por De Bono Group USA en Pensamiento Paralelo. Consultora internacional especialista en Culturas de Pensamiento, Sabidur\u00eda desde la infancia y Pensamiento como Estrategia Pedag\u00f3gica.<br \/>\nAna Mar\u00eda ha trabajado en educaci\u00f3n por m\u00e1s de 20 a\u00f1os, ha fundado 2 colegios internacionales en Bogot\u00e1-Colombia y 5 en los Estados Unidos. Ha dedicado su trabajo a la mejora de la educaci\u00f3n a trav\u00e9s de la implementaci\u00f3n del enfoque de Pensamiento Visible de la Universidad de Harvard, La teor\u00eda de la restricci\u00f3n, las estrategias de pensamiento lateral y paralelo de De Bono, Filosof\u00eda para ni\u00f1os y procesos de diferenciaci\u00f3n e inclusi\u00f3n entre otros. Ana Mar\u00eda es la autora del modelo educativo VESS, Vida Equilibrada Con Sentido y Sabidur\u00eda que usa el pensamiento como estrategia pedag\u00f3gica desde la infancia para formar ciudadanos altamente \u00e9ticos y con h\u00e1bitos y disposiciones de mente que respondan a las necesidades del siglo XXI. Este modelo ha inspirado a cientos de docentes y centros educativos en Estados Unidos y Latinoam\u00e9rica donde ya se implementa el programa VESS.<br \/>\nComo conferencista internacional, ha presentado sus trabajos en diversas conferencias alrededor del mundo: dentro de las cuales se encuentran; La Conferencia Internacional de Pensamiento ICOT, Kuala Lumpur-Malasia 2009, Belfas-Irlanda 2011, Wellington-Nueva Zelanda 2013. Conferencia Internacional de directores LAHC Bogot\u00e1 2009, Bogot\u00e1 2010, Per\u00fa 2011, Chile 2012. Conferencia ASCD supervisi\u00f3n y desarrollo infantil USA 2008, 2009, 2010.<br \/>\nAna Mar\u00eda lidera diversas investigaciones de acci\u00f3n en sus escuelas en la Florida USA.<\/span><br \/>\n<span style=\"font-family: Verdana; font-size: small;\">De esta manera se dio inicio al <b>X Congreso de Educaci\u00f3n<\/b> organizado por el Polo Educativo Pilar que contar\u00e1 con el siguiente temario:<\/span><br \/>\n<span style=\"font-family: Verdana; font-size: small;\"><span style=\"text-decoration: underline;\"><b>Jueves 13 de Febrero<\/b><\/span><\/span><br \/>\n<span style=\"font-family: Verdana; font-size: small;\"><b>10:45<\/b> &#8211; Coffee<br \/>\n<b>11:15<\/b> \u2013 Conferencia: <b>\u201cEL LADO SUBJETIVO DE LA GESTION\u201d<\/b>, por el Lic. Bernardo Blejmar<\/span><br \/>\n<span style=\"font-family: Verdana; font-size: small;\"><b>12:45 <\/b>&#8211; Almuerzo libre <\/span><br \/>\n<span style=\"font-family: Verdana; font-size: small;\"><b>14:00\u00a0 <\/b>Talleres\u00a0 <\/span><br \/>\n<span style=\"font-family: Verdana; font-size: small;\"><b>\u201cHERRAMIENTAS PARA HACER EL PENSAMIENTO VISIBLE\u201d, DE LA TEOR\u00cdA AL AULA DE CLASE\u201d<\/b>, por la Lic. Ana Mar\u00eda Fern\u00e1ndez <\/span><br \/>\n<span style=\"font-family: Verdana; font-size: small;\"><b>\u201cINTEGRACI\u00d3N EN ESCUELA COM\u00daN \u2013 MISI\u00d3N POSIBLE\u201d<\/b>, por la Prof. Mar\u00eda Ana Pena de Fern\u00e1ndez L\u00f6bbe; la Lic. Cecilia M. Alcalde y la Lic. Mar\u00eda Constanza Orbaiz <\/span><br \/>\n<span style=\"font-family: Verdana; font-size: small;\"><b>\u201cRESPONSABILIDAD CIVIL EN LAS ESCUELAS\u201d<\/b>, por la Dra. Graciela Mart\u00ednez Cuerda <\/span><br \/>\n<span style=\"font-family: Verdana; font-size: small;\"><b>15:30 <\/b>&#8211; Coffee <\/span><br \/>\n<span style=\"font-family: Verdana; font-size: small;\">15:45 Talleres<\/span><br \/>\n<span style=\"font-family: Verdana; font-size: small;\"><b>\u201cHERRAMIENTAS PARA HACER EL PENSAMIENTO VISIBLE\u201d, DE LA TEOR\u00cdA AL AULA DE CLASE\u201d<\/b>, por la Lic. Ana Mar\u00eda Fern\u00e1ndez <\/span><br \/>\n<span style=\"font-family: Verdana; font-size: small;\"><b>\u201cINTEGRACI\u00d3N EN ESCUELA COM\u00daN \u2013 MISI\u00d3N POSIBLE\u201d<\/b>, por la Prof. Mar\u00eda Ana Pena de Fern\u00e1ndez L\u00f6bbe; la Lic. Cecilia M. Alcalde y la Lic. Mar\u00eda Constanza Orbaiz <\/span><br \/>\n<span style=\"font-family: Verdana; font-size: small;\"><b>17:00<\/b> \u2013 Fin de las actividades del d\u00eda.<\/span><br \/>\n<span style=\"text-decoration: underline;\"><b><span style=\"font-family: Verdana; font-size: small;\">Viernes 14 de Febrero <\/span> <\/b><\/span><br \/>\n<span style=\"font-family: Verdana; font-size: small;\"><b>09:30 &#8211; Talleres <\/b>(los mismos talleres vuelven a repetirse en el horario de las 11:30)<\/span><br \/>\n<span style=\"font-family: Verdana; font-size: small;\"><b>\u201cLA FAMILIA, UN PUNTO CLAVE PARA LA AGENDA DEL DIRECTIVO\u201d<\/b> &#8211; Lic. Dolores Dimier de Vicente <\/span><br \/>\n<span style=\"font-family: Verdana; font-size: small;\"><b>\u201cESTRATEGIAS PARA DESARROLLAR EL PENSAMIENTO LING\u00db\u00cdSTICO EN EL AULA\u201d<\/b>. Prof. M\u00f3nica Iglesias<\/span><br \/>\n<span style=\"font-family: Verdana; font-size: small;\"><b>\u201cAPRENDER A PENSAR CON TIC\u201d.<\/b> Prof. Susana Giambruni y Prof. Gabriela Pandiello <\/span><br \/>\n<span style=\"font-family: Verdana; font-size: small;\"><b>11:00<\/b> &#8211; Coffee <\/span><br \/>\n<span style=\"font-family: Verdana; font-size: small;\"><b>11:30 <\/b>&#8211; <b>Talleres<\/b> (Se repiten los mismos talleres de las 09:30) <\/span><br \/>\n<span style=\"font-family: Verdana; font-size: small;\"><b>\u201cLA FAMILIA, UN PUNTO CLAVE PARA LA AGENDA DEL DIRECTIVO\u201d<\/b> &#8211; Lic. Dolores Dimier de Vicente <\/span><br \/>\n<span style=\"font-family: Verdana; font-size: small;\"><b>\u201cESTRATEGIAS PARA DESARROLLAR EL PENSAMIENTO LING\u00db\u00cdSTICO EN EL AULA\u201d<\/b>. Prof. M\u00f3nica Iglesias <\/span><br \/>\n<span style=\"font-family: Verdana; font-size: small;\"><b>\u201cAPRENDER A PENSAR CON TIC\u201d<\/b>. Prof. Susana Giambruni y Prof. Gabriela Pandiello <\/span><br \/>\n<span style=\"font-family: Verdana; font-size: small;\"><b>13:00<\/b> &#8211; Almuerzo libre <\/span><br \/>\n<span style=\"font-family: Verdana; font-size: small;\"><b>14:00 <\/b>\u2013 Conferencia<br \/>\n\u00ab<b>ESCUELA P\u00daBLICA Y EXCELENCIA EDUCATIVA\u00bb &#8211; <\/b>Prof. Dr. Jaime Rebolledo Alfaro<\/span><br \/>\n<span style=\"font-family: Verdana; font-size: small;\"><b>\u00abGESTI\u00d3N MUNICIPAL AL SERVICIO DE LA EDUCACI\u00d3N\u00bb<\/b> &#8211; Prof. Dr. Hugo Naim Gebrie Asfura <\/span><br \/>\n<span style=\"font-family: Verdana; font-size: small;\"><b>15:30 <\/b>&#8211; Coffee <\/span><br \/>\n<span style=\"font-family: Verdana; font-size: small;\"><b>15:45 &#8211;<\/b> Conferencia de cierre<br \/>\n<b>\u201cLA EDUCACI\u00d3N COMO ENCUENTRO\u201d<\/b>. &#8211; Prof. Dra. Paola Delbosco<br \/>\n<b>17:00 <\/b>&#8211; Fin de las actividades y cierre del Congreso. <\/span><\/p>\n<p align=\"center\"><span style=\"font-size: small;\"><b><i><span style=\"font-family: Arial;\">Por otras im\u00e1genes, audios o entrevistas no dude en contactarse<\/span><\/i><\/b><\/span><\/p>\n<p align=\"center\"><span style=\"font-size: small;\"><b><i> Contactos de Prensa<\/i><\/b><\/span><\/p>\n<div align=\"center\"><center><\/p>\n<table width=\"100%\" border=\"1\" cellpadding=\"2\" align=\"left\">\n<tbody>\n<tr>\n<td width=\"50%\">\n<p align=\"left\"><span style=\"font-size: medium;\"><strong> <span style=\"color: #808080; font-family: Arial; font-size: small;\"> Camila Sarmiento &#8211; Asistente de Cuentas<br \/>\n<\/span> <\/strong><\/span> <span style=\"font-size: xx-small;\"><span style=\"color: #ff0000;\"> Directo<\/span><b>: <\/b> 0230<\/span><span style=\"font-size: xx-small;\">-4664772<br \/>\n<\/span><span style=\"color: #ff0000; font-size: xx-small;\"> Skype:<\/span><span style=\"font-size: xx-small;\"> quasarcomunicacion<br \/>\n<\/span><span style=\"color: #ff0000; font-size: xx-small;\"> Twitter:<\/span><span style=\"font-size: xx-small;\"> @quasarpilar<br \/>\n<\/span><span style=\"color: #ff0000; font-size: xx-small;\"> Gr<\/span><span style=\"color: #ff0000; font-size: xx-small;\">upo y p\u00e1gina en Facebook: <\/span> <span style=\"color: #808080; font-size: xx-small;\">www.facebook.com\/<\/span><a href=\"mailto:mfipata@gmail.com\"><span style=\"font-size: xx-small;\">Quasar<\/span><\/a><span style=\"font-size: xx-small;\">Comunicacion<br \/>\n<\/span><span style=\"color: #ff0000; font-size: xx-small;\"> Web:<\/span><b><\/b> <a href=\"http:\/\/www.quasarcomunicacion.com.ar\/\"> <span style=\"font-size: xx-small;\">www.quasarcomunicacion.com.ar<\/span><\/a><\/p>\n<p align=\"left\"><span style=\"font-size: xx-small;\"> <span style=\"color: #ff0000;\">Mail<\/span><b>:<\/b><\/span><span style=\"font-size: xx-small;\"> <a href=\"mailto:fernanda@quasarcomunicacion.com.ar\"> asistente@quasarcomunicacion.com.ar<\/a><\/span><\/p>\n<\/td>\n<td width=\"50%\">\n<p align=\"right\"><span style=\"font-size: medium;\"><strong> <span style=\"color: #808080; font-family: Arial; font-size: small;\"> Lic. Mar\u00eda Fernanda Ipata &#8211; Directora<br \/>\n<\/span> <\/strong><\/span> <span style=\"font-size: xx-small;\"><span style=\"color: #ff0000;\"><br \/>\nDirecto<\/span><b>: <\/b> 0230<\/span><span style=\"font-size: xx-small;\">-4664772<\/span><span style=\"font-size: xx-small;\"><br \/>\n<\/span><span style=\"font-size: xx-small;\"> <span style=\"color: #ff0000;\">M\u00f3vil:<\/span><b> <\/b> 0230<\/span><span style=\"font-size: xx-small;\">-15-4584535<br \/>\n011-15-6096-4656 ID 558*3763<br \/>\n<\/span><span style=\"color: #ff0000; font-size: xx-small;\"> Skype:<\/span><span style=\"font-size: xx-small;\"> quasarcomunicacion<br \/>\n<\/span><span style=\"color: #ff0000; font-size: xx-small;\"> Twitter:<\/span><span style=\"font-size: xx-small;\"> @quasarpilar<br \/>\n<\/span><span style=\"color: #ff0000; font-size: xx-small;\"> Gr<\/span><span style=\"color: #ff0000; font-size: xx-small;\">upo y p\u00e1gina en Facebook: <\/span> <span style=\"color: #808080; font-size: xx-small;\">www.facebook.com\/<\/span><a href=\"mailto:mfipata@gmail.com\"><span style=\"font-size: xx-small;\">Quasar<\/span><\/a><span style=\"font-size: xx-small;\">Comunicacion<br \/>\n<\/span><span style=\"font-size: xx-small;\"> <span style=\"color: #ff0000;\">LinkedIn<\/span><b>:\u00a0 <\/b><\/span> <span style=\"font-size: xx-small;\"><b> <a href=\"http:\/\/www.linkedin.com\/in\/mfipata\"> http:\/\/www.linkedin.com\/in\/mfipata<\/a><\/b><\/span><span style=\"font-size: xx-small;\"><br \/>\n<\/span><span style=\"color: #ff0000; font-size: xx-small;\"> Web:<\/span><b><\/b> <a href=\"http:\/\/www.quasarcomunicacion.com.ar\/\"> <span style=\"font-size: xx-small;\">www.quasarcomunicacion.com.ar<\/span><\/a><span style=\"font-size: xx-small;\"><br \/>\n<\/span><span style=\"font-size: xx-small;\"> <span style=\"color: #ff0000;\">Mail<\/span><b>:<\/b><\/span><span style=\"font-size: xx-small;\"><a href=\"mailto:fernanda@quasarcomunicacion.com.ar\"> fernanda@quasarcomunicacion.com.ar<\/a><\/span><\/p>\n<\/td>\n<\/tr>\n<\/tbody>\n<\/table>\n<p><\/center><\/div>\n","protected":false},"excerpt":{"rendered":"<p>\u00a0El X Congreso de Educaci\u00f3n organizado por el Polo Educativo Pilar en el Auditorio del Campus de la Universidad del [&hellip;]<\/p>\n","protected":false},"author":2,"featured_media":3975,"comment_status":"open","ping_status":"open","sticky":false,"template":"","format":"standard","meta":[],"categories":[2],"tags":[],"_links":{"self":[{"href":"https:\/\/quasarcomunicacion.com.ar\/web\/wp-json\/wp\/v2\/posts\/3974"}],"collection":[{"href":"https:\/\/quasarcomunicacion.com.ar\/web\/wp-json\/wp\/v2\/posts"}],"about":[{"href":"https:\/\/quasarcomunicacion.com.ar\/web\/wp-json\/wp\/v2\/types\/post"}],"author":[{"embeddable":true,"href":"https:\/\/quasarcomunicacion.com.ar\/web\/wp-json\/wp\/v2\/users\/2"}],"replies":[{"embeddable":true,"href":"https:\/\/quasarcomunicacion.com.ar\/web\/wp-json\/wp\/v2\/comments?post=3974"}],"version-history":[{"count":0,"href":"https:\/\/quasarcomunicacion.com.ar\/web\/wp-json\/wp\/v2\/posts\/3974\/revisions"}],"wp:featuredmedia":[{"embeddable":true,"href":"https:\/\/quasarcomunicacion.com.ar\/web\/wp-json\/wp\/v2\/media\/3975"}],"wp:attachment":[{"href":"https:\/\/quasarcomunicacion.com.ar\/web\/wp-json\/wp\/v2\/media?parent=3974"}],"wp:term":[{"taxonomy":"category","embeddable":true,"href":"https:\/\/quasarcomunicacion.com.ar\/web\/wp-json\/wp\/v2\/categories?post=3974"},{"taxonomy":"post_tag","embeddable":true,"href":"https:\/\/quasarcomunicacion.com.ar\/web\/wp-json\/wp\/v2\/tags?post=3974"}],"curies":[{"name":"wp","href":"https:\/\/api.w.org\/{rel}","templated":true}]}}