{"id":3970,"date":"2014-02-13T11:15:20","date_gmt":"2014-02-13T14:15:20","guid":{"rendered":"https:\/\/quasarcomunicacion.com.ar\/web\/?p=3970"},"modified":"2014-02-13T11:15:20","modified_gmt":"2014-02-13T14:15:20","slug":"con-mas-de-850-docentes-inscriptos-comenzo-la-primera-jornada-del-x-congreso-de-educacion","status":"publish","type":"post","link":"https:\/\/quasarcomunicacion.com.ar\/web\/con-mas-de-850-docentes-inscriptos-comenzo-la-primera-jornada-del-x-congreso-de-educacion\/","title":{"rendered":"Con m\u00e1s de 850 docentes inscriptos, comenz\u00f3 la primera jornada del X Congreso de Educaci\u00f3n"},"content":{"rendered":"<p style=\"text-align: left;\" align=\"center\"><span style=\"font-family: Verdana; font-size: small;\">El <\/span><b style=\"font-family: Verdana; font-size: small;\">X Congreso de Educaci\u00f3n<\/b><span style=\"font-family: Verdana; font-size: small;\"> que organiza de forma ininterrumpida el <\/span><b style=\"font-family: Verdana; font-size: small;\">Polo Educativo Pilar<\/b><span style=\"font-family: Verdana; font-size: small;\"> tuvo su jornada inaugural con la presencia de m\u00e1s de 850 docentes y directivos de escuelas p\u00fablicas y privadas de la zona que colmaron el espacio del auditorio de la Universidad del Salvador, debi\u00e9ndose anexar sillas en los pasillos.<\/span><\/p>\n<p><span style=\"font-family: Verdana; font-size: small;\">De la ceremonia inaugural participaron integrantes de la Comisi\u00f3n Directiva del Polo Educativo Pilar, socios miembros; el director del Campus Nuestra Se\u00f1ora de Pilar, Dr Horacio Annecca; la subsecretaria de Educaci\u00f3n, Cultura e Integracion de la Municipalidad del Pilar, Prof. Alicia P\u00e9rez; la se\u00f1ora Inspectora en Jefe Marcela Cordero; Migalski Marek, miembro del Parlamento Europeo y la gerente de la sucursal Pilar del Banco Citi, se\u00f1ora Vanesa Laudonio, entre otros.<!--more--><\/span><br \/>\n<a href=\"https:\/\/quasarcomunicacion.com.ar\/web\/wp-content\/uploads\/2014\/02\/apertura1.gif\"><img class=\"aligncenter\" alt=\"apertura1\" src=\"https:\/\/quasarcomunicacion.com.ar\/web\/wp-content\/uploads\/2014\/02\/apertura1.gif\" \/><\/a><br \/>\n<span style=\"font-family: Verdana; font-size: small;\">En las palabras de bienvenida, el presidente del <b>Polo Educativo Pilar<\/b>, Juan Ranwez, indic\u00f3 \u00abinauguramos hoy nuestro d\u00e9cimo Congreso de Educaci\u00f3n, diez a\u00f1os de encuentros con directivos y docentes, con investigadores y profesionales de la educaci\u00f3n, pertenecientes a los \u00e1mbitos de gesti\u00f3n estatal y privada. Esta fue la intenci\u00f3n del Polo Educativo Pilar desde sus inicios: constituirse en un lugar para el encuentro, para el debate, para el consenso; espacio en el cual a\u00f1o a a\u00f1o se ponen en juego los avances y desaf\u00edos de una educaci\u00f3n para una sociedad en constante cambio y la b\u00fasqueda de acciones educativas concretas que favorezcan la equidad, la articulaci\u00f3n entre lo p\u00fablico y lo privado y la integraci\u00f3n entre los diferentes niveles educativos\u00bb<\/span><br \/>\n<span style=\"font-family: Verdana; font-size: small;\">Ranwez continu\u00f3 diciendo que \u00abes as\u00ed que en esta d\u00e9cima edici\u00f3n y bajo el lema \u201cEnse\u00f1ar a pensar\u201d nuestra propuesta girar\u00e1 en torno a las cuestiones que se plasmar\u00e1n en cuatro conferencias: el poder de hacer el pensamiento visible; el lado subjetivo de la gesti\u00f3n; escuela p\u00fablica y excelencia educativa y por \u00faltimo, gesti\u00f3n municipal al servicio de la educaci\u00f3n\u00bb.<\/span><br \/>\n<span style=\"font-family: Verdana; font-size: small;\">El presidente del <b>Polo Educativo Pilar<\/b>, continu\u00f3 diciendo que \u00abel desarrollo pr\u00e1ctico de las conferencias estar\u00e1 acompa\u00f1ado por diferentes talleres que durante las dos jornadas buscar\u00e1n la implicaci\u00f3n de los docentes, directivos y representantes legales en la pr\u00e1ctica del debate como propuesta metodol\u00f3gica, donde la expresi\u00f3n del pensamiento y de los valores \u00e9ticos pueden alcanzar altura y profundidad en la discusi\u00f3n de ideas, promoviendo la argumentaci\u00f3n basada en el conocimiento previo y el aprendizaje de nuevos contenidos\u00bb.<\/span><br \/>\n<span style=\"font-family: Verdana; font-size: small;\">A su vez, declar\u00f3 que \u00aben su desarrollo se brindar\u00e1n estrategias y herramientas para aplicar en el aula y se abordaran tem\u00e1ticas que no pueden estar ausentes en este espacio si deseamos convertir la educaci\u00f3n en un camino hacia la plenitud de los individuos y de sus comunidades: Responsabilidad civil en las escuelas, La familia en la agenda del directivo e Integraci\u00f3n en escuela com\u00fan: misi\u00f3n posible\u00bb.<\/span><br \/>\n<span style=\"font-family: Verdana; font-size: small;\">Por su parte, adelant\u00e1ndose a lo que ocurrir\u00e1 en la jornada de ma\u00f1ana, Ranwez dijo que \u00abla ponencia de clausura \u201cLa educaci\u00f3n como encuentro\u201d sintetiza el recorrido de las dos jornadas, desde nuestra organizaci\u00f3n creemos que es el tiempo de la acci\u00f3n, el tiempo de una esperanza compartida, el tiempo de unir esfuerzos y trabajo para un futuro mejor para todos\u00bb.<\/span><br \/>\n<span style=\"font-family: Verdana; font-size: small;\">Este a\u00f1o el Congreso est\u00e1 auspiciado una vez m\u00e1s por el Banco Citi y cuenta con el apoyo de Fase 2, Avondoglio-Sochel SRL, Editorial Bonum SA, Fundaci\u00f3n Edelvives, Lapasoft SRL y Revista Colegios.<\/span><br \/>\n<span style=\"font-family: Verdana; font-size: small;\">De esta manera se dio inicio al <b>X Congreso de Educaci\u00f3n<\/b> organizado por el Polo Educativo Pilar que contar\u00e1 con el siguiente temario:<\/span><br \/>\n<span style=\"font-family: Verdana; font-size: small;\"><span style=\"text-decoration: underline;\"><b>Jueves 13 de Febrero<\/b><\/span><\/span><br \/>\n<span style=\"font-family: Verdana; font-size: small;\"><b>08:00<\/b> &#8211; Acreditaci\u00f3n de Participantes.<br \/>\n<b>09:00<\/b> &#8211; Apertura del Congreso.<br \/>\n<b>09:15<\/b> &#8211; Conferencia de Apertura: <b>\u201cEL PODER DE HACER EL PENSAMIENTO VISIBLE\u00bb<\/b>, por la Lic. Ana Mar\u00eda Fern\u00e1ndez<\/span><br \/>\n<span style=\"font-family: Verdana; font-size: small;\"><b>10:45<\/b> &#8211; Coffee<br \/>\n<b>11:15<\/b> \u2013 Conferencia: <b>\u201cEL LADO SUBJETIVO DE LA GESTION\u201d<\/b>, por el Lic. Bernardo Blejmar<\/span><br \/>\n<span style=\"font-family: Verdana; font-size: small;\"><b>12:45 <\/b>&#8211; Almuerzo libre <\/span><br \/>\n<span style=\"font-family: Verdana; font-size: small;\"><b>14:00\u00a0 <\/b>Talleres\u00a0 <\/span><br \/>\n<span style=\"font-family: Verdana; font-size: small;\"><b>\u201cHERRAMIENTAS PARA HACER EL PENSAMIENTO VISIBLE\u201d, DE LA TEOR\u00cdA AL AULA DE CLASE\u201d<\/b>, por la Lic. Ana Mar\u00eda Fern\u00e1ndez <\/span><br \/>\n<span style=\"font-family: Verdana; font-size: small;\"><b>\u201cINTEGRACI\u00d3N EN ESCUELA COM\u00daN \u2013 MISI\u00d3N POSIBLE\u201d<\/b>, por la Prof. Mar\u00eda Ana Pena de Fern\u00e1ndez L\u00f6bbe; la Lic. Cecilia M. Alcalde y la Lic. Mar\u00eda Constanza Orbaiz <\/span><br \/>\n<span style=\"font-family: Verdana; font-size: small;\"><b>\u201cRESPONSABILIDAD CIVIL EN LAS ESCUELAS\u201d<\/b>, por la Dra. Graciela Mart\u00ednez Cuerda <\/span><br \/>\n<span style=\"font-family: Verdana; font-size: small;\"><b>15:30 <\/b>&#8211; Coffee <\/span><br \/>\n<span style=\"font-family: Verdana; font-size: small;\">15:45 Talleres<\/span><br \/>\n<span style=\"font-family: Verdana; font-size: small;\"><b>\u201cHERRAMIENTAS PARA HACER EL PENSAMIENTO VISIBLE\u201d, DE LA TEOR\u00cdA AL AULA DE CLASE\u201d<\/b>, por la Lic. Ana Mar\u00eda Fern\u00e1ndez <\/span><br \/>\n<span style=\"font-family: Verdana; font-size: small;\"><b>\u201cINTEGRACI\u00d3N EN ESCUELA COM\u00daN \u2013 MISI\u00d3N POSIBLE\u201d<\/b>, por la Prof. Mar\u00eda Ana Pena de Fern\u00e1ndez L\u00f6bbe; la Lic. Cecilia M. Alcalde y la Lic. Mar\u00eda Constanza Orbaiz <\/span><br \/>\n<span style=\"font-family: Verdana; font-size: small;\"><b>17:00<\/b> \u2013 Fin de las actividades del d\u00eda.<\/span><br \/>\n<span style=\"text-decoration: underline;\"><b><span style=\"font-family: Verdana; font-size: small;\">Viernes 14 de Febrero <\/span> <\/b><\/span><br \/>\n<span style=\"font-family: Verdana; font-size: small;\"><b>09:30 &#8211; Talleres <\/b>(los mismos talleres vuelven a repetirse en el horario de las 11:30)<\/span><br \/>\n<span style=\"font-family: Verdana; font-size: small;\"><b>\u201cLA FAMILIA, UN PUNTO CLAVE PARA LA AGENDA DEL DIRECTIVO\u201d<\/b> &#8211; Lic. Dolores Dimier de Vicente <\/span><br \/>\n<span style=\"font-family: Verdana; font-size: small;\"><b>\u201cESTRATEGIAS PARA DESARROLLAR EL PENSAMIENTO LING\u00db\u00cdSTICO EN EL AULA\u201d<\/b>. Prof. M\u00f3nica Iglesias<\/span><br \/>\n<span style=\"font-family: Verdana; font-size: small;\"><b>\u201cAPRENDER A PENSAR CON TIC\u201d.<\/b> Prof. Susana Giambruni y Prof. Gabriela Pandiello <\/span><br \/>\n<span style=\"font-family: Verdana; font-size: small;\"><b>11:00<\/b> &#8211; Coffee <\/span><br \/>\n<span style=\"font-family: Verdana; font-size: small;\"><b>11:30 <\/b>&#8211; <b>Talleres<\/b> (Se repiten los mismos talleres de las 09:30) <\/span><br \/>\n<span style=\"font-family: Verdana; font-size: small;\"><b>\u201cLA FAMILIA, UN PUNTO CLAVE PARA LA AGENDA DEL DIRECTIVO\u201d<\/b> &#8211; Lic. Dolores Dimier de Vicente <\/span><br \/>\n<span style=\"font-family: Verdana; font-size: small;\"><b>\u201cESTRATEGIAS PARA DESARROLLAR EL PENSAMIENTO LING\u00db\u00cdSTICO EN EL AULA\u201d<\/b>. Prof. M\u00f3nica Iglesias <\/span><br \/>\n<span style=\"font-family: Verdana; font-size: small;\"><b>\u201cAPRENDER A PENSAR CON TIC\u201d<\/b>. Prof. Susana Giambruni y Prof. Gabriela Pandiello <\/span><br \/>\n<span style=\"font-family: Verdana; font-size: small;\"><b>13:00<\/b> &#8211; Almuerzo libre <\/span><br \/>\n<span style=\"font-family: Verdana; font-size: small;\"><b>14:00 <\/b>\u2013 Conferencia<br \/>\n\u00ab<b>ESCUELA P\u00daBLICA Y EXCELENCIA EDUCATIVA\u00bb &#8211; <\/b>Prof. Dr. Jaime Rebolledo Alfaro<\/span><br \/>\n<span style=\"font-family: Verdana; font-size: small;\"><b>\u00abGESTI\u00d3N MUNICIPAL AL SERVICIO DE LA EDUCACI\u00d3N\u00bb<\/b> &#8211; Prof. Dr. Hugo Naim Gebrie Asfura <\/span><br \/>\n<span style=\"font-family: Verdana; font-size: small;\"><b>15:30 <\/b>&#8211; Coffee <\/span><br \/>\n<span style=\"font-family: Verdana; font-size: small;\"><b>15:45 &#8211;<\/b> Conferencia de cierre<br \/>\n<b>\u201cLA EDUCACI\u00d3N COMO ENCUENTRO\u201d<\/b>. &#8211; Prof. Dra. Paola Delbosco<br \/>\n<b>17:00 <\/b>&#8211; Fin de las actividades y cierre del Congreso. <\/span><br \/>\n<span style=\"font-family: Verdana; font-size: small;\"> <b>INFORMES E INSCRIPCIONES<\/b>: las consultas e inscripciones se realizar\u00e1n por mail a <a href=\"mailto:congresos@poloeducativopilar.org.ar\"> congresos@poloeducativopilar.org.ar<\/a>\u00a0(indicar nombre y apellido, escuela a la que pertenece y cargo que ocupa)<\/span><\/p>\n<p align=\"center\"><span style=\"font-size: small;\"><b><i><span style=\"font-family: Arial;\">Por otras im\u00e1genes, audios o entrevistas no dude en contactarse<\/span><\/i><\/b><\/span><\/p>\n<p align=\"center\"><span style=\"font-size: small;\"><b><i> Contactos de Prensa<\/i><\/b><\/span><\/p>\n<div align=\"center\"><center><\/p>\n<table width=\"100%\" border=\"1\" cellpadding=\"2\" align=\"left\">\n<tbody>\n<tr>\n<td width=\"50%\">\n<p align=\"left\"><span style=\"font-size: medium;\"><strong> <span style=\"color: #808080; font-family: Arial; font-size: small;\"> Camila Sarmiento &#8211; Asistente de Cuentas<br \/>\n<\/span> <\/strong><\/span> <span style=\"font-size: xx-small;\"><span style=\"color: #ff0000;\"> Directo<\/span><b>: <\/b> 0230<\/span><span style=\"font-size: xx-small;\">-4664772<br \/>\n<\/span><span style=\"color: #ff0000; font-size: xx-small;\"> Skype:<\/span><span style=\"font-size: xx-small;\"> quasarcomunicacion<br \/>\n<\/span><span style=\"color: #ff0000; font-size: xx-small;\"> Twitter:<\/span><span style=\"font-size: xx-small;\"> @quasarpilar<br \/>\n<\/span><span style=\"color: #ff0000; font-size: xx-small;\"> Gr<\/span><span style=\"color: #ff0000; font-size: xx-small;\">upo y p\u00e1gina en Facebook: <\/span> <span style=\"color: #808080; font-size: xx-small;\">www.facebook.com\/<\/span><a href=\"mailto:mfipata@gmail.com\"><span style=\"font-size: xx-small;\">Quasar<\/span><\/a><span style=\"font-size: xx-small;\">Comunicacion<br \/>\n<\/span><span style=\"color: #ff0000; font-size: xx-small;\"> Web:<\/span><b><\/b> <a href=\"http:\/\/www.quasarcomunicacion.com.ar\/\"> <span style=\"font-size: xx-small;\">www.quasarcomunicacion.com.ar<\/span><\/a><\/p>\n<p align=\"left\"><span style=\"font-size: xx-small;\"> <span style=\"color: #ff0000;\">Mail<\/span><b>:<\/b><\/span><span style=\"font-size: xx-small;\"> <a href=\"mailto:fernanda@quasarcomunicacion.com.ar\"> asistente@quasarcomunicacion.com.ar<\/a><\/span><\/p>\n<\/td>\n<td width=\"50%\">\n<p align=\"right\"><span style=\"font-size: medium;\"><strong> <span style=\"color: #808080; font-family: Arial; font-size: small;\"> Lic. Mar\u00eda Fernanda Ipata &#8211; Directora<br \/>\n<\/span> <\/strong><\/span> <span style=\"font-size: xx-small;\"><span style=\"color: #ff0000;\"><br \/>\nDirecto<\/span><b>: <\/b> 0230<\/span><span style=\"font-size: xx-small;\">-4664772<\/span><span style=\"font-size: xx-small;\"><br \/>\n<\/span><span style=\"font-size: xx-small;\"> <span style=\"color: #ff0000;\">M\u00f3vil:<\/span><b> <\/b> 0230<\/span><span style=\"font-size: xx-small;\">-15-4584535<br \/>\n011-15-6096-4656 ID 558*3763<br \/>\n<\/span><span style=\"color: #ff0000; font-size: xx-small;\"> Skype:<\/span><span style=\"font-size: xx-small;\"> quasarcomunicacion<br \/>\n<\/span><span style=\"color: #ff0000; font-size: xx-small;\"> Twitter:<\/span><span style=\"font-size: xx-small;\"> @quasarpilar<br \/>\n<\/span><span style=\"color: #ff0000; font-size: xx-small;\"> Gr<\/span><span style=\"color: #ff0000; font-size: xx-small;\">upo y p\u00e1gina en Facebook: <\/span> <span style=\"color: #808080; font-size: xx-small;\">www.facebook.com\/<\/span><a href=\"mailto:mfipata@gmail.com\"><span style=\"font-size: xx-small;\">Quasar<\/span><\/a><span style=\"font-size: xx-small;\">Comunicacion<br \/>\n<\/span><span style=\"font-size: xx-small;\"> <span style=\"color: #ff0000;\">LinkedIn<\/span><b>:\u00a0 <\/b><\/span> <span style=\"font-size: xx-small;\"><b> <a href=\"http:\/\/www.linkedin.com\/in\/mfipata\"> http:\/\/www.linkedin.com\/in\/mfipata<\/a><\/b><\/span><span style=\"font-size: xx-small;\"><br \/>\n<\/span><span style=\"color: #ff0000; font-size: xx-small;\"> Web:<\/span><b><\/b> <a href=\"http:\/\/www.quasarcomunicacion.com.ar\/\"> <span style=\"font-size: xx-small;\">www.quasarcomunicacion.com.ar<\/span><\/a><span style=\"font-size: xx-small;\"><br \/>\n<\/span><span style=\"font-size: xx-small;\"> <span style=\"color: #ff0000;\">Mail<\/span><b>:<\/b><\/span><span style=\"font-size: xx-small;\"><a href=\"mailto:fernanda@quasarcomunicacion.com.ar\"> fernanda@quasarcomunicacion.com.ar<\/a><\/span><\/p>\n<\/td>\n<\/tr>\n<\/tbody>\n<\/table>\n<p><\/center><\/div>\n<hr \/>\n<p align=\"left\">\n<p align=\"left\">\n<p align=\"left\">\n<p align=\"left\">\n<p align=\"left\"><b> <span style=\"color: #ff0000; font-family: Verdana; font-size: small;\">Acerca del Polo Educativo Pilar<\/span><\/b><\/p>\n<p align=\"left\"><span style=\"font-size: xx-small;\">El <b>Polo Educativo Pilar <\/b>es una asociaci\u00f3n civil sin fines de lucro que fue fundada en el a\u00f1o 2002, que re\u00fane a instituciones educativas del Partido de Pilar y tiene como objetivo principal el promover y desarrollar la educaci\u00f3n, p\u00fablica y privada, en todo el distrito.<br \/>\nLa asociaci\u00f3n nace a partir de 1999 cuando los directivos de los j\u00f3venes colegios privados de Pilar, junto con los que llevaban m\u00e1s a\u00f1os en la ciudad, comienzan a reunirse para considerar sus problem\u00e1ticas comunes. Este hecho, in\u00e9dito en la educaci\u00f3n privada en la Argentina, alcanza un alto grado de sinergia cuando los Colegios deciden trazar un plan para convertir al Partido de Pilar en una localidad que sea conocida por su alto nivel educativo, tanto en las instituciones privadas como en las p\u00fablicas. Con esa idea, un grupo original de 14 Colegios de distintos niveles, funda el <b>Polo Educativo Pilar<\/b>.<br \/>\nCabe destacar que entidad obtuvo su personer\u00eda jur\u00eddica en diciembre de 2004 bajo el Nro. 7000\/04 expedido por la Inspecci\u00f3n de Persona jur\u00eddica de la Provincia de Buenos Aires. En el a\u00f1o 2003 es declarada entidad de Bien P\u00fablico por el Municipio de Pilar por Decreto Municipal Nro. 6679\/2003. <\/span><\/p>\n<p align=\"center\">Acceso a toda la informaci\u00f3n e im\u00e1genes en alta definici\u00f3n ingresando en<br \/>\n<a href=\"http:\/\/www.quasarcomunicacion.com.ar\/web\/poloeducativo\"> www.quasarcomunicacion.com.ar\/web\/poloeducativo<\/a><\/p>\n","protected":false},"excerpt":{"rendered":"<p>El X Congreso de Educaci\u00f3n que organiza de forma ininterrumpida el Polo Educativo Pilar tuvo su jornada inaugural con la [&hellip;]<\/p>\n","protected":false},"author":2,"featured_media":3971,"comment_status":"open","ping_status":"open","sticky":false,"template":"","format":"standard","meta":[],"categories":[2],"tags":[],"_links":{"self":[{"href":"https:\/\/quasarcomunicacion.com.ar\/web\/wp-json\/wp\/v2\/posts\/3970"}],"collection":[{"href":"https:\/\/quasarcomunicacion.com.ar\/web\/wp-json\/wp\/v2\/posts"}],"about":[{"href":"https:\/\/quasarcomunicacion.com.ar\/web\/wp-json\/wp\/v2\/types\/post"}],"author":[{"embeddable":true,"href":"https:\/\/quasarcomunicacion.com.ar\/web\/wp-json\/wp\/v2\/users\/2"}],"replies":[{"embeddable":true,"href":"https:\/\/quasarcomunicacion.com.ar\/web\/wp-json\/wp\/v2\/comments?post=3970"}],"version-history":[{"count":0,"href":"https:\/\/quasarcomunicacion.com.ar\/web\/wp-json\/wp\/v2\/posts\/3970\/revisions"}],"wp:featuredmedia":[{"embeddable":true,"href":"https:\/\/quasarcomunicacion.com.ar\/web\/wp-json\/wp\/v2\/media\/3971"}],"wp:attachment":[{"href":"https:\/\/quasarcomunicacion.com.ar\/web\/wp-json\/wp\/v2\/media?parent=3970"}],"wp:term":[{"taxonomy":"category","embeddable":true,"href":"https:\/\/quasarcomunicacion.com.ar\/web\/wp-json\/wp\/v2\/categories?post=3970"},{"taxonomy":"post_tag","embeddable":true,"href":"https:\/\/quasarcomunicacion.com.ar\/web\/wp-json\/wp\/v2\/tags?post=3970"}],"curies":[{"name":"wp","href":"https:\/\/api.w.org\/{rel}","templated":true}]}}