{"id":3957,"date":"2014-02-11T11:56:54","date_gmt":"2014-02-11T14:56:54","guid":{"rendered":"https:\/\/quasarcomunicacion.com.ar\/web\/?p=3957"},"modified":"2014-02-11T11:56:54","modified_gmt":"2014-02-11T14:56:54","slug":"con-presencia-internacional-comienza-el-x-congreso-de-educacion","status":"publish","type":"post","link":"https:\/\/quasarcomunicacion.com.ar\/web\/con-presencia-internacional-comienza-el-x-congreso-de-educacion\/","title":{"rendered":"Con presencia internacional comienza el X Congreso de Educaci\u00f3n"},"content":{"rendered":"<p style=\"text-align: left;\" align=\"center\"><span style=\"font-family: Verdana; font-size: small;\">Esta d\u00e9cima edici\u00f3n del <\/span><b style=\"font-family: Verdana; font-size: small;\">Congreso de Educaci\u00f3n<\/b><span style=\"font-family: Verdana; font-size: small;\"> que organiza de forma ininterrumpida el <\/span><b style=\"font-family: Verdana; font-size: small;\">Polo Educativo Pilar<\/b><span style=\"font-family: Verdana; font-size: small;\"> y que tendr\u00e1 lugar este 13 y 14 de febrero en el Auditorio de la Universidad del Salvador en su Campus de Pilar, contar\u00e1 con presencia internacional.<!--more--><\/span><\/p>\n<p><a href=\"https:\/\/quasarcomunicacion.com.ar\/web\/wp-content\/uploads\/2014\/02\/giovanni1.gif\"><img class=\"aligncenter\" alt=\"giovanni1\" src=\"https:\/\/quasarcomunicacion.com.ar\/web\/wp-content\/uploads\/2014\/02\/giovanni1.gif\" \/><\/a><br \/>\n<span style=\"font-family: Verdana; font-size: small;\">En esta ocasi\u00f3n, el\u00a0 Prof. Dr. Jaime Rebolledo Alfaro, de Chile, brindar\u00e1 la conferencia titulada \u00ab\u00bbESCUELA P\u00daBLICA Y EXCELENCIA EDUCATIVA\u00bb en la cual explicar\u00e1 \u00bfC\u00f3mo una Escuela de alta vulnerabilidad del sector p\u00fablico- municipal- rural, puede obtener altos est\u00e1ndares \u00a0de calidad y ubicarse al mismo nivel en resultados acad\u00e9micos con Escuelas Particulares con subvenci\u00f3n especial y una realidad socio-econ\u00f3mica muy superior?\u00bb<\/span><br \/>\n<span style=\"font-family: Verdana; font-size: small;\">Por su parte, el Prof. Dr. Hugo Naim Gebrie Asfura, Alcalde de la Comuna de San Carlos (Chile) por dos per\u00edodos consecutivos hablar\u00e1 sobre \u00abGESTI\u00d3N MUNICIPAL AL SERVICIO DE LA EDUCACI\u00d3N\u00bb, conferencia en la cual se explayar\u00e1 sobe \u00bfC\u00f3mo respalda un Municipio, su Alcalde y Concejo Municipal el mejoramiento de la calidad educativa? Brindando detalles de la experiencia exitosa lograda en la Comuna de San Carlos, Provincia de \u00d1uble, Octava Regi\u00f3n de Chile.<\/span><br \/>\n<span style=\"font-family: Verdana; font-size: small;\">Ambos disertantes ser\u00e1n recibidos por autoridades de la Municipalidad del Pilar para hacer intercambio de casos y experiencia.<\/span><br \/>\n<span style=\"font-family: Verdana; font-size: small;\">Adem\u00e1s, como todos los a\u00f1os, los docentes de escuelas p\u00fablicas de Pilar podr\u00e1n participar de ambas jornadas sin cargo. Para acceder a la beca deber\u00e1n inscribirse v\u00eda mail a <a href=\"mailto:congreso@poloeducativopilar.org.ar\"> congresos@poloeducativopilar.org.ar<\/a> indicando nombre y apellido, escuela a la que pertenece y cargo que ocupa.<\/span><br \/>\n<span style=\"font-family: Verdana; font-size: small;\">Cabe recordar que esta d\u00e9cima edici\u00f3n del <b>Congreso de Educaci\u00f3n<\/b> tiene como t\u00edtulo<b> \u00abEnse\u00f1ar a Pensar\u201d<\/b> y est\u00e1 dirigido a directivos y docentes de institutos de ense\u00f1anza de gesti\u00f3n p\u00fablica y privada, investigadores y profesionales relacionados con la educaci\u00f3n. <\/span><br \/>\n<span style=\"font-family: Verdana; font-size: small;\">La organizaci\u00f3n ya defini\u00f3 el programa de actividades que se desarrollar\u00e1 seg\u00fan el siguiente esquema:<\/span><br \/>\n<span style=\"font-family: Verdana; font-size: small;\"><span style=\"text-decoration: underline;\"><b>Jueves 13 de Febrero<\/b><\/span><\/span><br \/>\n<span style=\"font-family: Verdana; font-size: small;\"><b>08:00<\/b> &#8211; Acreditaci\u00f3n de Participantes.<br \/>\n<b>09:00<\/b> &#8211; Apertura del Congreso.<br \/>\n<b>09:15<\/b> &#8211; Conferencia de Apertura: <b>\u201cEL PODER DE HACER EL PENSAMIENTO VISIBLE\u00bb<\/b>, por la Lic. Ana Mar\u00eda Fern\u00e1ndez<\/span><br \/>\n<span style=\"font-family: Verdana; font-size: small;\"><b>10:45<\/b> &#8211; Coffee<br \/>\n<b>11:15<\/b> \u2013 Conferencia: <b>\u201cEL LADO SUBJETIVO DE LA GESTION\u201d<\/b>, por el Lic. Bernardo Blejmar<\/span><br \/>\n<span style=\"font-family: Verdana; font-size: small;\"><b>12:45 <\/b>&#8211; Almuerzo libre <\/span><br \/>\n<span style=\"font-family: Verdana; font-size: small;\"><b>14:00\u00a0 <\/b>Talleres\u00a0 <\/span><br \/>\n<span style=\"font-family: Verdana; font-size: small;\"><b>\u201cHERRAMIENTAS PARA HACER EL PENSAMIENTO VISIBLE\u201d, DE LA TEOR\u00cdA AL AULA DE CLASE\u201d<\/b>, por la Lic. Ana Mar\u00eda Fern\u00e1ndez <\/span><br \/>\n<span style=\"font-family: Verdana; font-size: small;\"><b>\u201cINTEGRACI\u00d3N EN ESCUELA COM\u00daN \u2013 MISI\u00d3N POSIBLE\u201d<\/b>, por la Prof. Mar\u00eda Ana Pena de Fern\u00e1ndez L\u00f6bbe; la Lic. Cecilia M. Alcalde y la Lic. Mar\u00eda Constanza Orbaiz <\/span><br \/>\n<span style=\"font-family: Verdana; font-size: small;\"><b>\u201cRESPONSABILIDAD CIVIL EN LAS ESCUELAS\u201d<\/b>, por la Dra. Graciela Mart\u00ednez Cuerda <\/span><br \/>\n<span style=\"font-family: Verdana; font-size: small;\"><b>15:30 <\/b>&#8211; Coffee <\/span><br \/>\n<span style=\"font-family: Verdana; font-size: small;\">15:45 Talleres<\/span><br \/>\n<span style=\"font-family: Verdana; font-size: small;\"><b>\u201cHERRAMIENTAS PARA HACER EL PENSAMIENTO VISIBLE\u201d, DE LA TEOR\u00cdA AL AULA DE CLASE\u201d<\/b>, por la Lic. Ana Mar\u00eda Fern\u00e1ndez <\/span><br \/>\n<span style=\"font-family: Verdana; font-size: small;\"><b>\u201cINTEGRACI\u00d3N EN ESCUELA COM\u00daN \u2013 MISI\u00d3N POSIBLE\u201d<\/b>, por la Prof. Mar\u00eda Ana Pena de Fern\u00e1ndez L\u00f6bbe; la Lic. Cecilia M. Alcalde y la Lic. Mar\u00eda Constanza Orbaiz <\/span><br \/>\n<span style=\"font-family: Verdana; font-size: small;\"><b>17:00<\/b> \u2013 Fin de las actividades del d\u00eda.<\/span><br \/>\n<span style=\"text-decoration: underline;\"><b><span style=\"font-family: Verdana; font-size: small;\">Viernes 14 de Febrero <\/span> <\/b><\/span><br \/>\n<span style=\"font-family: Verdana; font-size: small;\"><b>09:30 &#8211; Talleres <\/b>(los mismos talleres vuelven a repetirse en el horario de las 11:30)<\/span><br \/>\n<span style=\"font-family: Verdana; font-size: small;\"><b>\u201cLA FAMILIA, UN PUNTO CLAVE PARA LA AGENDA DEL DIRECTIVO\u201d<\/b> &#8211; Lic. Dolores Dimier de Vicente <\/span><br \/>\n<span style=\"font-family: Verdana; font-size: small;\"><b>\u201cESTRATEGIAS PARA DESARROLLAR EL PENSAMIENTO LING\u00db\u00cdSTICO EN EL AULA\u201d<\/b>. Prof. M\u00f3nica Iglesias<\/span><br \/>\n<span style=\"font-family: Verdana; font-size: small;\"><b>\u201cAPRENDER A PENSAR CON TIC\u201d.<\/b> Prof. Susana Giambruni y Prof. Gabriela Pandiello <\/span><br \/>\n<span style=\"font-family: Verdana; font-size: small;\"><b>11:00<\/b> &#8211; Coffee <\/span><br \/>\n<span style=\"font-family: Verdana; font-size: small;\"><b>11:30 <\/b>&#8211; <b>Talleres<\/b> (Se repiten los mismos talleres de las 09:30) <\/span><br \/>\n<span style=\"font-family: Verdana; font-size: small;\"><b>\u201cLA FAMILIA, UN PUNTO CLAVE PARA LA AGENDA DEL DIRECTIVO\u201d<\/b> &#8211; Lic. Dolores Dimier de Vicente <\/span><br \/>\n<span style=\"font-family: Verdana; font-size: small;\"><b>\u201cESTRATEGIAS PARA DESARROLLAR EL PENSAMIENTO LING\u00db\u00cdSTICO EN EL AULA\u201d<\/b>. Prof. M\u00f3nica Iglesias <\/span><br \/>\n<span style=\"font-family: Verdana; font-size: small;\"><b>\u201cAPRENDER A PENSAR CON TIC\u201d<\/b>. Prof. Susana Giambruni y Prof. Gabriela Pandiello <\/span><br \/>\n<span style=\"font-family: Verdana; font-size: small;\"><b>13:00<\/b> &#8211; Almuerzo libre <\/span><br \/>\n<span style=\"font-family: Verdana; font-size: small;\"><b>14:00 <\/b>\u2013 Conferencia<br \/>\n\u00ab<b>ESCUELA P\u00daBLICA Y EXCELENCIA EDUCATIVA\u00bb &#8211; <\/b>Prof. Dr. Jaime Rebolledo Alfaro<\/span><br \/>\n<span style=\"font-family: Verdana; font-size: small;\"><b>\u00abGESTI\u00d3N MUNICIPAL AL SERVICIO DE LA EDUCACI\u00d3N\u00bb<\/b> &#8211; Prof. Dr. Hugo Naim Gebrie Asfura <\/span><br \/>\n<span style=\"font-family: Verdana; font-size: small;\"><b>15:30 <\/b>&#8211; Coffee <\/span><br \/>\n<span style=\"font-family: Verdana; font-size: small;\"><b>15:45 &#8211;<\/b> Conferencia de cierre<br \/>\n<b>\u201cLA EDUCACI\u00d3N COMO ENCUENTRO\u201d<\/b>. &#8211; Prof. Dra. Paola Delbosco<br \/>\n<b>17:00 <\/b>&#8211; Fin de las actividades y cierre del Congreso. <\/span><br \/>\n<span style=\"font-family: Verdana; font-size: small;\"> <b>INFORMES E INSCRIPCIONES<\/b>: las consultas e inscripciones se realizar\u00e1n por mail a <a href=\"mailto:congresos@poloeducativopilar.org.ar\"> congresos@poloeducativopilar.org.ar<\/a>\u00a0(indicar nombre y apellido, escuela a la que pertenece y cargo que ocupa)<\/span><\/p>\n<p align=\"center\"><span style=\"font-size: small;\"><b><i><span style=\"font-family: Arial;\">Por otras im\u00e1genes, audios o entrevistas no dude en contactarse<\/span><\/i><\/b><\/span><\/p>\n<p align=\"center\"><span style=\"font-size: small;\"><b><i> Contactos de Prensa<\/i><\/b><\/span><\/p>\n<div align=\"center\"><center><\/p>\n<table width=\"100%\" border=\"1\" cellpadding=\"2\" align=\"left\">\n<tbody>\n<tr>\n<td width=\"50%\">\n<p align=\"left\"><span style=\"font-size: medium;\"><strong> <span style=\"color: #808080; font-family: Arial; font-size: small;\"> Camila Sarmiento &#8211; Asistente de Cuentas<br \/>\n<\/span> <\/strong><\/span> <span style=\"font-size: xx-small;\"><span style=\"color: #ff0000;\"> Directo<\/span><b>: <\/b> 0230<\/span><span style=\"font-size: xx-small;\">-4664772<br \/>\n<\/span><span style=\"color: #ff0000; font-size: xx-small;\"> Skype:<\/span><span style=\"font-size: xx-small;\"> quasarcomunicacion<br \/>\n<\/span><span style=\"color: #ff0000; font-size: xx-small;\"> Twitter:<\/span><span style=\"font-size: xx-small;\"> @quasarpilar<br \/>\n<\/span><span style=\"color: #ff0000; font-size: xx-small;\"> Gr<\/span><span style=\"color: #ff0000; font-size: xx-small;\">upo y p\u00e1gina en Facebook: <\/span> <span style=\"color: #808080; font-size: xx-small;\">www.facebook.com\/<\/span><a href=\"mailto:mfipata@gmail.com\"><span style=\"font-size: xx-small;\">Quasar<\/span><\/a><span style=\"font-size: xx-small;\">Comunicacion<br \/>\n<\/span><span style=\"color: #ff0000; font-size: xx-small;\"> Web:<\/span><b><\/b> <a href=\"http:\/\/www.quasarcomunicacion.com.ar\/\"> <span style=\"font-size: xx-small;\">www.quasarcomunicacion.com.ar<\/span><\/a><\/p>\n<p align=\"left\"><span style=\"font-size: xx-small;\"> <span style=\"color: #ff0000;\">Mail<\/span><b>:<\/b><\/span><span style=\"font-size: xx-small;\"> <a href=\"mailto:fernanda@quasarcomunicacion.com.ar\"> asistente@quasarcomunicacion.com.ar<\/a><\/span><\/p>\n<\/td>\n<td width=\"50%\">\n<p align=\"right\"><span style=\"font-size: medium;\"><strong> <span style=\"color: #808080; font-family: Arial; font-size: small;\"> Lic. Mar\u00eda Fernanda Ipata &#8211; Directora<br \/>\n<\/span> <\/strong><\/span> <span style=\"font-size: xx-small;\"><span style=\"color: #ff0000;\"><br \/>\nDirecto<\/span><b>: <\/b> 0230<\/span><span style=\"font-size: xx-small;\">-4664772<\/span><span style=\"font-size: xx-small;\"><br \/>\n<\/span><span style=\"font-size: xx-small;\"> <span style=\"color: #ff0000;\">M\u00f3vil:<\/span><b> <\/b> 0230<\/span><span style=\"font-size: xx-small;\">-15-4584535<br \/>\n011-15-6096-4656 ID 558*3763<br \/>\n<\/span><span style=\"color: #ff0000; font-size: xx-small;\"> Skype:<\/span><span style=\"font-size: xx-small;\"> quasarcomunicacion<br \/>\n<\/span><span style=\"color: #ff0000; font-size: xx-small;\"> Twitter:<\/span><span style=\"font-size: xx-small;\"> @quasarpilar<br \/>\n<\/span><span style=\"color: #ff0000; font-size: xx-small;\"> Gr<\/span><span style=\"color: #ff0000; font-size: xx-small;\">upo y p\u00e1gina en Facebook: <\/span> <span style=\"color: #808080; font-size: xx-small;\">www.facebook.com\/<\/span><a href=\"mailto:mfipata@gmail.com\"><span style=\"font-size: xx-small;\">Quasar<\/span><\/a><span style=\"font-size: xx-small;\">Comunicacion<br \/>\n<\/span><span style=\"font-size: xx-small;\"> <span style=\"color: #ff0000;\">LinkedIn<\/span><b>:\u00a0 <\/b><\/span> <span style=\"font-size: xx-small;\"><b> <a href=\"http:\/\/www.linkedin.com\/in\/mfipata\"> http:\/\/www.linkedin.com\/in\/mfipata<\/a><\/b><\/span><span style=\"font-size: xx-small;\"><br \/>\n<\/span><span style=\"color: #ff0000; font-size: xx-small;\"> Web:<\/span><b><\/b> <a href=\"http:\/\/www.quasarcomunicacion.com.ar\/\"> <span style=\"font-size: xx-small;\">www.quasarcomunicacion.com.ar<\/span><\/a><span style=\"font-size: xx-small;\"><br \/>\n<\/span><span style=\"font-size: xx-small;\"> <span style=\"color: #ff0000;\">Mail<\/span><b>:<\/b><\/span><span style=\"font-size: xx-small;\"><a href=\"mailto:fernanda@quasarcomunicacion.com.ar\"> fernanda@quasarcomunicacion.com.ar<\/a><\/span><\/p>\n<\/td>\n<\/tr>\n<\/tbody>\n<\/table>\n<p><\/center><\/div>\n<hr \/>\n<p align=\"left\">\n<p align=\"left\">\u00a0<b><span style=\"color: #ff0000; font-family: Verdana; font-size: small;\">Acerca del Polo Educativo Pilar<\/span><\/b><\/p>\n<p align=\"left\"><span style=\"font-size: xx-small;\"><a href=\"https:\/\/quasarcomunicacion.com.ar\/web\/wp-content\/uploads\/2014\/02\/logopolo.gif\"><img class=\"alignright\" alt=\"logopolo\" src=\"https:\/\/quasarcomunicacion.com.ar\/web\/wp-content\/uploads\/2014\/02\/logopolo.gif\" \/><\/a>El <b>Polo Educativo Pilar <\/b>es una asociaci\u00f3n civil sin fines de lucro que fue fundada en el a\u00f1o 2002, que re\u00fane a instituciones educativas del Partido de Pilar y tiene como objetivo principal el promover y desarrollar la educaci\u00f3n, p\u00fablica y privada, en todo el distrito.<br \/>\nLa asociaci\u00f3n nace a partir de 1999 cuando los directivos de los j\u00f3venes colegios privados de Pilar, junto con los que llevaban m\u00e1s a\u00f1os en la ciudad, comienzan a reunirse para considerar sus problem\u00e1ticas comunes. Este hecho, in\u00e9dito en la educaci\u00f3n privada en la Argentina, alcanza un alto grado de sinergia cuando los Colegios deciden trazar un plan para convertir al Partido de Pilar en una localidad que sea conocida por su alto nivel educativo, tanto en las instituciones privadas como en las p\u00fablicas. Con esa idea, un grupo original de 14 Colegios de distintos niveles, funda el <b>Polo Educativo Pilar<\/b>.<br \/>\nCabe destacar que entidad obtuvo su personer\u00eda jur\u00eddica en diciembre de 2004 bajo el Nro. 7000\/04 expedido por la Inspecci\u00f3n de Persona jur\u00eddica de la Provincia de Buenos Aires. En el a\u00f1o 2003 es declarada entidad de Bien P\u00fablico por el Municipio de Pilar por Decreto Municipal Nro. 6679\/2003. \u00a0 \u00a0 \u00a0 \u00a0 \u00a0 \u00a0 \u00a0 \u00a0 \u00a0\u00a0<\/span><\/p>\n","protected":false},"excerpt":{"rendered":"<p>Esta d\u00e9cima edici\u00f3n del Congreso de Educaci\u00f3n que organiza de forma ininterrumpida el Polo Educativo Pilar y que tendr\u00e1 lugar [&hellip;]<\/p>\n","protected":false},"author":2,"featured_media":3947,"comment_status":"open","ping_status":"open","sticky":false,"template":"","format":"standard","meta":[],"categories":[2],"tags":[],"_links":{"self":[{"href":"https:\/\/quasarcomunicacion.com.ar\/web\/wp-json\/wp\/v2\/posts\/3957"}],"collection":[{"href":"https:\/\/quasarcomunicacion.com.ar\/web\/wp-json\/wp\/v2\/posts"}],"about":[{"href":"https:\/\/quasarcomunicacion.com.ar\/web\/wp-json\/wp\/v2\/types\/post"}],"author":[{"embeddable":true,"href":"https:\/\/quasarcomunicacion.com.ar\/web\/wp-json\/wp\/v2\/users\/2"}],"replies":[{"embeddable":true,"href":"https:\/\/quasarcomunicacion.com.ar\/web\/wp-json\/wp\/v2\/comments?post=3957"}],"version-history":[{"count":0,"href":"https:\/\/quasarcomunicacion.com.ar\/web\/wp-json\/wp\/v2\/posts\/3957\/revisions"}],"wp:featuredmedia":[{"embeddable":true,"href":"https:\/\/quasarcomunicacion.com.ar\/web\/wp-json\/wp\/v2\/media\/3947"}],"wp:attachment":[{"href":"https:\/\/quasarcomunicacion.com.ar\/web\/wp-json\/wp\/v2\/media?parent=3957"}],"wp:term":[{"taxonomy":"category","embeddable":true,"href":"https:\/\/quasarcomunicacion.com.ar\/web\/wp-json\/wp\/v2\/categories?post=3957"},{"taxonomy":"post_tag","embeddable":true,"href":"https:\/\/quasarcomunicacion.com.ar\/web\/wp-json\/wp\/v2\/tags?post=3957"}],"curies":[{"name":"wp","href":"https:\/\/api.w.org\/{rel}","templated":true}]}}